{"id":114529,"date":"2022-02-18T14:21:48","date_gmt":"2022-02-18T17:21:48","guid":{"rendered":"https:\/\/grandepremio.com\/br\/noticias\/lewis-hamilton-espera-mais-acoes-da-fia-para-recuperar-confianca-em-relacao\/"},"modified":"2022-02-18T18:49:46","modified_gmt":"2022-02-18T21:49:46","slug":"lewis-hamilton-espera-mais-acoes-da-fia-para-recuperar-confianca-em-relacao","status":"publish","type":"post","link":"https:\/\/grandepremio.com\/br\/f1\/lewis-hamilton-espera-mais-acoes-da-fia-para-recuperar-confianca-em-relacao\/","title":{"rendered":"Hamilton espera mais a\u00e7\u00f5es da FIA para recuperar confian\u00e7a em rela\u00e7\u00e3o"},"content":{"rendered":"\n<figure class=\"wp-block-embed is-type-video is-provider-youtube wp-block-embed-youtube wp-embed-aspect-16-9 wp-has-aspect-ratio\"><div class=\"wp-block-embed__wrapper\">\n<iframe loading=\"lazy\" title=\"MERCEDES APRESENTA W13, CARRO PARA A TEMPORADA 2022 DA F\u00d3RMULA 1 | React\" width=\"500\" height=\"281\" src=\"https:\/\/www.youtube.com\/embed\/H8AzGkCX1Z8?start=2&amp;feature=oembed\" frameborder=\"0\" allow=\"accelerometer; autoplay; clipboard-write; encrypted-media; gyroscope; picture-in-picture; web-share\" referrerpolicy=\"strict-origin-when-cross-origin\" allowfullscreen><\/iframe>\n<\/div><figcaption>MERCEDES APRESENTA W13, CARRO PARA A TEMPORADA 2022 DA F\u00d3RMULA 1 | React<\/figcaption><\/figure>\n\n\n\n<p class=\"wp-block-paragraph\">Pouco mais de dois meses depois da sua \u00faltima apari\u00e7\u00e3o em p\u00fablico, Lewis Hamilton voltou a falar sobre a pol\u00eamica relacionada \u00e0s voltas finais do GP de Abu Dhabi do ano passado. Em entrevista durante a <a href=\"https:\/\/www.grandepremio.com\/br\/f1\/noticias\/mercedes-retorna-prata-w13-busca-nova-era-dominio-formula-1\/\" target=\"_blank\" rel=\"noreferrer noopener\">apresenta\u00e7\u00e3o do novo carro da Mercedes <\/a>para a pr\u00f3xima temporada, o W13, o heptacampe\u00e3o mundial exaltou a mudan\u00e7a na dire\u00e7\u00e3o de provas promovida pela FIA, mas reiterou que ainda h\u00e1 muito a ser feito para que sua confian\u00e7a sobre a entidade m\u00e1xima seja recuperada.<\/p>\n\n\n\n<p class=\"wp-block-paragraph\">Quando Nicholas Latifi acertou o guard-rail nas voltas finais da \u00faltima etapa em 2021, Hamilton, que era l\u00edder e caminhava a passos largos rumo ao oitavo t\u00edtulo mundial quando tinha 12 segundos de vantagem para Max Verstappen, viu o surgimento do caos. De dentro do cockpit durante o safety-car, ele acompanhou as controversas decis\u00f5es do ent\u00e3o diretor de provas, Michael Masi, que o deixou vulner\u00e1vel e o fez ser ultrapassado na \u00faltima volta.<\/p>\n\n\n\n<p class=\"wp-block-paragraph\">Demonstrando irrita\u00e7\u00e3o no r\u00e1dio ao final da prova, quando questionou a decis\u00e3o dos comiss\u00e1rios e disse: \u201cIsso foi manipulado\u201d, o ingl\u00eas perdeu a confian\u00e7a no sistema que rege a F\u00f3rmula 1, preferiu ficar afastado das redes sociais por dois meses e passou reflex\u00f5es antes de voltar do per\u00edodo sab\u00e1tico.<\/p>\n\n\n\n<p class=\"wp-block-paragraph\">&#8220;\u00c9 claro que ao final das temporadas, voc\u00ea pensa se est\u00e1 disposto a comprometer o tempo e o esfor\u00e7o necess\u00e1rios para ser campe\u00e3o do mundo&#8221;, iniciou. \u201cMas isso foi agravado por um fator significativo. E acho que, no final das contas, com um esporte que amei toda a minha vida, houve um momento em que obviamente perdi um pouco da f\u00e9 no sistema\u201d, acrescentou.<\/p>\n\n\n\n<figure class=\"wp-block-image size-large\"><img decoding=\"async\" src=\"https:\/\/www.grandepremio.com\/br\/wp-content\/uploads\/2021\/12\/mercedes-lewishamilton-03-5-1024x682.jpg\" alt=\"\" class=\"wp-image-532110\"\/><figcaption>Lewis Hamilton est\u00e1 motivado para a temporada 2022 (Foto: Mercedes)<\/figcaption><\/figure>\n\n\n\n<p class=\"wp-block-paragraph\"><strong>\u25b6\ufe0f&nbsp;Inscreva-se nos dois canais do GRANDE PR\u00caMIO no YouTube:&nbsp;<a href=\"https:\/\/www.youtube.com\/channel\/UC9OlHEgxoaY6QY6nWPoiqQg?sub_confirmation=1\" target=\"_blank\" rel=\"noreferrer noopener\">GP<\/a>&nbsp;|&nbsp;<a href=\"https:\/\/www.youtube.com\/channel\/UC9csiS6q_C3C0FYhyr1rnFA?sub_confirmation=1\" target=\"_blank\" rel=\"noreferrer noopener\">GP2<\/a><\/strong>.<\/p>\n\n\n\n<p class=\"wp-block-paragraph\">Ainda de acordo com Hamilton, o epis\u00f3dio em Yas Marina mostrou que apenas entrar no carro e pilotar n\u00e3o garante que ser\u00e1 campe\u00e3o do mundo. &#8220;Acho que muitas pessoas subestimam o que \u00e9 preciso para ser um campe\u00e3o mundial. E h\u00e1 tantas partes envolvidas. N\u00e3o \u00e9 apenas aparecer e pilotar o carro\u201d, afirmou.<\/p>\n\n\n\n<p class=\"wp-block-paragraph\">Depois de toda a pol\u00eamica que abasteceu as discuss\u00f5es no mundo da F1, Hamilton avaliou que o per\u00edodo fora o fez voltar mais determinado a fazer o melhor. Entretanto, o piloto de 37 anos espera tamb\u00e9m pelo melhor da FIA. O primeiro passo foi dado com a <a href=\"https:\/\/www.grandepremio.com\/br\/f1\/noticias\/fia-anuncia-saida-de-michael-masi-como-diretor-de-provas-da-formula-1\/\" target=\"_blank\" rel=\"noreferrer noopener\">sa\u00edda de Michael Masi e as chegadas de Niels Wittich e Eduardo Freitas<\/a>, que v\u00e3o se alternar no posto de diretor de provas, e ter\u00e3o a assist\u00eancia do veterano Herbie Blash. \u201cTemos que ver a a\u00e7\u00e3o real e acho que levar\u00e1 um pouco de tempo\u201d, analisou.<\/p>\n\n\n\n<p class=\"wp-block-paragraph\">Mesmo com as mudan\u00e7as no comando durante as provas, a entidade m\u00e1xima do esporte ainda n\u00e3o recuperou a confian\u00e7a do heptacampe\u00e3o. &#8220;Ganhar a confian\u00e7a \u00e9 algo que se constr\u00f3i durante um longo per\u00edodo de tempo. Ent\u00e3o, embora eu n\u00e3o tenha previsto, esse an\u00fancio \u00e9 talvez o primeiro passo. Mas isso ainda n\u00e3o muda necessariamente tudo\u201d, ressaltou.<\/p>\n\n\n\n<p class=\"wp-block-paragraph\"><strong>Leia tamb\u00e9m<\/strong><\/p>\n\n\n\n<p class=\"wp-block-paragraph\"><strong><a href=\"https:\/\/www.grandepremio.com\/br\/f1\/noticias\/lewis-hamilton-reitera-amor-pela-formula-1-e-declara-nunca-disse-que-eu-ia-parar\/\" target=\"_blank\" rel=\"noreferrer noopener\">+ Hamilton reitera amor pela F\u00f3rmula 1 e declara: \u201cNunca disse que eu ia parar\u201d<\/a><\/strong><br><strong><a href=\"https:\/\/www.grandepremio.com\/br\/f1\/noticias\/mercedes-estreia-w13-em-shakedown-lewis-hamilton-george-russell-em-silverstone\/\" target=\"_blank\" rel=\"noreferrer noopener\">+ Mercedes estreia W13 em shakedown com Hamilton e Russell em Silverstone<\/a><\/strong><\/p>\n\n\n\n<p class=\"wp-block-paragraph\">Por\u00e9m, mesmo mostrando-se positivo com a medida, Hamilton continuar\u00e1 atento e n\u00e3o deixar\u00e1 de cobrar por novas a\u00e7\u00f5es. &#8220;Embora n\u00e3o possamos mudar o passado, e nada realmente ser\u00e1 capaz de mudar a maneira como me senti, e como me sinto sobre a situa\u00e7\u00e3o, \u00e9 bom ver que a FIA est\u00e1 tomando medidas visando melhorias&#8221;, refletiu o brit\u00e2nico.<\/p>\n\n\n\n<p class=\"wp-block-paragraph\">&#8220;Mas temos que nos certificar de que estamos de olho nisso e garantir que realmente estamos vendo essas mudan\u00e7as, e que as regras ser\u00e3o aplicadas de forma justa, precisa e consistente&#8221;, completou<\/p>\n\n\n\n<p class=\"wp-block-paragraph\">Depois da apresenta\u00e7\u00e3o do novo carro, Hamilton j\u00e1 foi \u00e0 pista para dar as suas primeiras voltas com o W13, em evento shakedown em Silverstone. Agora, o experiente piloto e seu novo companheiro, George Russell, se preparam para os testes de pr\u00e9-temporada, que t\u00eam in\u00edcio na pr\u00f3xima quarta-feira (23), em Barcelona.<\/p>\n\n\n\n<p class=\"wp-block-paragraph\">A temporada da F\u00f3rmula 1 come\u00e7a no pr\u00f3ximo dia 20 de mar\u00e7o, com o GP do Bahrein.<\/p>\n\n\n\n<figure class=\"wp-block-embed is-type-video is-provider-youtube wp-block-embed-youtube wp-embed-aspect-16-9 wp-has-aspect-ratio\"><div class=\"wp-block-embed__wrapper\">\n<iframe loading=\"lazy\" title=\"VOLTA DE HAMILTON NA F\u00d3RMULA 1 SE INSPIRA NA DERROTA PARA ROSBERG EM 2016\" width=\"500\" height=\"281\" src=\"https:\/\/www.youtube.com\/embed\/NG5-t5D4YfM?start=37&amp;feature=oembed\" frameborder=\"0\" allow=\"accelerometer; autoplay; clipboard-write; encrypted-media; gyroscope; picture-in-picture; web-share\" referrerpolicy=\"strict-origin-when-cross-origin\" allowfullscreen><\/iframe>\n<\/div><figcaption>VOLTA DE HAMILTON NA F\u00d3RMULA 1 SE INSPIRA NA DERROTA PARA ROSBERG EM 2016<\/figcaption><\/figure>\n","protected":false},"excerpt":{"rendered":"<p>Depois do epis\u00f3dio em Abu Dhabi, o heptacampe\u00e3o afirmou que espera por mudan\u00e7as consistentes e precisas da entidade que controla a F1<\/p>\n","protected":false},"author":0,"featured_media":1000542659,"comment_status":"closed","ping_status":"closed","sticky":false,"template":"","format":"standard","meta":{"42wp_featured_image_caption":"","42wp_featured_image_credits":"","42wp_featured_video":"","42wp_featured_image_hidden":false,"42wp_authors_list":[],"footnotes":""},"categories":[2],"tags":[103,24837,26841,28285,2810,87,203,82,1385,30509],"42wp_author":[47145],"class_list":["post-114529","post","type-post","status-publish","format-standard","has-post-thumbnail","hentry","category-f1","tag-fia","tag-formula-1-2","tag-formula-1-2022","tag-grandepremio","tag-hamilton","tag-lewis-hamilton","tag-max-verstappen","tag-mercedes","tag-michael-masi","tag-temporada-2022-formula-1","42wp_author-alessandro-pinheiro"],"_links":{"self":[{"href":"https:\/\/grandepremio.com\/br\/wp-json\/wp\/v2\/posts\/114529","targetHints":{"allow":["GET"]}}],"collection":[{"href":"https:\/\/grandepremio.com\/br\/wp-json\/wp\/v2\/posts"}],"about":[{"href":"https:\/\/grandepremio.com\/br\/wp-json\/wp\/v2\/types\/post"}],"replies":[{"embeddable":true,"href":"https:\/\/grandepremio.com\/br\/wp-json\/wp\/v2\/comments?post=114529"}],"version-history":[{"count":0,"href":"https:\/\/grandepremio.com\/br\/wp-json\/wp\/v2\/posts\/114529\/revisions"}],"wp:featuredmedia":[{"embeddable":true,"href":"https:\/\/grandepremio.com\/br\/wp-json\/wp\/v2\/media\/1000542659"}],"wp:attachment":[{"href":"https:\/\/grandepremio.com\/br\/wp-json\/wp\/v2\/media?parent=114529"}],"wp:term":[{"taxonomy":"category","embeddable":true,"href":"https:\/\/grandepremio.com\/br\/wp-json\/wp\/v2\/categories?post=114529"},{"taxonomy":"post_tag","embeddable":true,"href":"https:\/\/grandepremio.com\/br\/wp-json\/wp\/v2\/tags?post=114529"},{"taxonomy":"42wp_author","embeddable":true,"href":"https:\/\/grandepremio.com\/br\/wp-json\/wp\/v2\/42wp_author?post=114529"}],"curies":[{"name":"wp","href":"https:\/\/api.w.org\/{rel}","templated":true}]}}