{"id":114530,"date":"2022-02-18T12:52:17","date_gmt":"2022-02-18T15:52:17","guid":{"rendered":"https:\/\/grandepremio.com\/br\/noticias\/quem-sao-niels-wittich-e-eduardo-freitas-novos-diretores-de-prova-da-f1\/"},"modified":"2022-02-18T19:09:00","modified_gmt":"2022-02-18T22:09:00","slug":"quem-sao-niels-wittich-e-eduardo-freitas-novos-diretores-de-prova-da-f1","status":"publish","type":"post","link":"https:\/\/grandepremio.com\/br\/f1\/quem-sao-niels-wittich-e-eduardo-freitas-novos-diretores-de-prova-da-f1\/","title":{"rendered":"Quem s\u00e3o Niels Wittich e Eduardo Freitas, novos diretores de prova da F1?"},"content":{"rendered":"\n<figure class=\"wp-block-embed is-type-video is-provider-youtube wp-block-embed-youtube wp-embed-aspect-16-9 wp-has-aspect-ratio\"><div class=\"wp-block-embed__wrapper\">\n<iframe loading=\"lazy\" title=\"MERCEDES APRESENTA W13, CARRO PARA A TEMPORADA 2022 DA F\u00d3RMULA 1 | React\" width=\"500\" height=\"281\" src=\"https:\/\/www.youtube.com\/embed\/H8AzGkCX1Z8?feature=oembed\" frameborder=\"0\" allow=\"accelerometer; autoplay; clipboard-write; encrypted-media; gyroscope; picture-in-picture; web-share\" referrerpolicy=\"strict-origin-when-cross-origin\" allowfullscreen><\/iframe>\n<\/div><figcaption>MERCEDES APRESENTA W13, CARRO PARA A TEMPORADA 2022 DA F\u00d3RMULA 1 | React<\/figcaption><\/figure>\n\n\n\n<p class=\"wp-block-paragraph\">A F1 ter\u00e1 dois diretores de prova em 2022, <a href=\"https:\/\/www.grandepremio.com\/br\/f1\/noticias\/fia-anuncia-saida-de-michael-masi-como-diretor-de-provas-da-formula-1\/\" target=\"_blank\" rel=\"noreferrer noopener\">ap\u00f3s a confirma\u00e7\u00e3o da sa\u00edda de Michael Masi do cargo<\/a> devido aos eventos da temporada 2021 que culminaram em um desfecho bastante pol\u00eamico em Abu Dhabi. Assim, o novo presidente da FIA, Mohammed Bem Sulayem, anunciou Niels Wittich e Eduardo Freitas para assumirem o posto em finais de semana alternados. Al\u00e9m deles, Herbie Blash se tornar\u00e1 conselheiro-s\u00eanior permanente para a dupla.<\/p>\n\n\n\n<p class=\"wp-block-paragraph\">Wittich possui hist\u00f3rico como diretor de prova no DTM, categoria alem\u00e3 de carros de turismo, e na F\u00f3rmula E. O novo conselheiro j\u00e1 tinha prevista para 2022 uma mudan\u00e7a na carreira, com a sa\u00edda da modalidade europeia para a F1 em cargo de apoio a Masi. Como o australiano foi demitido, Niels assume o cargo principal.<\/p>\n\n\n\n<p class=\"wp-block-paragraph\"><strong>\u25b6\ufe0f&nbsp;Inscreva-se nos dois canais do GRANDE PR\u00caMIO no YouTube:&nbsp;<a href=\"https:\/\/www.youtube.com\/channel\/UC9OlHEgxoaY6QY6nWPoiqQg?sub_confirmation=1\" target=\"_blank\" rel=\"noreferrer noopener\">GP<\/a>&nbsp;|&nbsp;<a href=\"https:\/\/www.youtube.com\/channel\/UC9csiS6q_C3C0FYhyr1rnFA?sub_confirmation=1\" target=\"_blank\" rel=\"noreferrer noopener\">GP2<\/a><\/strong><\/p>\n\n\n\n<div class=\"wp-block-image\"><figure class=\"aligncenter size-large\"><img decoding=\"async\" src=\"https:\/\/www.grandepremio.com\/br\/wp-content\/uploads\/2022\/02\/Niels-Wittich.jpg\" alt=\"\" class=\"wp-image-542749\"\/><figcaption>Ex-DTM, Niels Wittich vai se alternar com Eduardo Freitas no posto de diretor de prova da F1 (Foto: FIA F\u00f3rmula 3)<\/figcaption><\/figure><\/div>\n\n\n\n<p class=\"wp-block-paragraph\">O portugu\u00eas Eduardo Freitas, por sua vez, ocupar\u00e1 um cargo de dire\u00e7\u00e3o de prova pela primeira vez no long\u00ednquo ano de 2002 \u2014 quando foi chamado para dirigir os campeonatos FIA GT e ETCC [campeonato europeu de carros de turismo]. Dez anos depois, Freitas se tornou diretor de provas no prestigiado campeonato mundial de endurance da FIA, o WEC.<\/p>\n\n\n\n<p class=\"wp-block-paragraph\">Por fim, Herbie Blash \u00e9 quem possui maior experi\u00eancia na F\u00f3rmula 1. O brit\u00e2nico de 73 anos foi bra\u00e7o direito de Charlie Whiting, ex-diretor de provas da FIA, em parceria que durou at\u00e9 o ano de 2016. Na ocasi\u00e3o, Blash decidiu deixar o cargo e se tornar consultou da Yamaha em torneios de motociclismo.<\/p>\n\n\n\n<p class=\"wp-block-paragraph\">Em 2022, o antigo vice-diretor de prova vai ter a incumb\u00eancia de aconselhar Wittich e Freitas ao longo das 23 corridas da temporada. A inten\u00e7\u00e3o da FIA \u00e9 trazer um nome experiente na categoria \u2014 chegou a ser chefe de equipe na Brabham \u2014 para ajudar nas tomadas de decis\u00e3o da entidade.<\/p>\n\n\n\n<p class=\"wp-block-paragraph\">A estreia do novo formato de dire\u00e7\u00e3o de prova ser\u00e1 no GP do Bahrein, etapa de abertura da temporada, no dia 20 de mar\u00e7o. Antes disso, os pilotos ir\u00e3o \u00e0 pista pela primeira vez na pr\u00e9-temporada de Barcelona, entre 23 e 25 de fevereiro.<\/p>\n\n\n\n<figure class=\"wp-block-image size-large\"><img decoding=\"async\" src=\"https:\/\/www.grandepremio.com\/br\/wp-content\/uploads\/2022\/02\/Herbie-Blash-1024x683.jpg\" alt=\"\" class=\"wp-image-542753\"\/><figcaption>Herbie Blash est\u00e1 de volta \u00e0 F\u00f3rmula 1 como conselheiro-s\u00eanior (Foto: Reprodu\u00e7\u00e3o\/Twitter)<\/figcaption><\/figure>\n","protected":false},"excerpt":{"rendered":"<p>Mohammed Bem Sulayem, presidente da FIA, nomeou o alem\u00e3o Niels Wittich e o portugu\u00eas Eduardo Freitas como diretores de prova da F1 em 2022, al\u00e9m do brit\u00e2nico Herbie Blash como conselheiro-s\u00eanior. Quem s\u00e3o?<\/p>\n","protected":false},"author":0,"featured_media":1000542748,"comment_status":"closed","ping_status":"closed","sticky":false,"template":"","format":"standard","meta":{"42wp_featured_image_caption":"","42wp_featured_image_credits":"","42wp_featured_video":"","42wp_featured_image_hidden":false,"42wp_authors_list":[],"footnotes":""},"categories":[2],"tags":[412,30908,147,156,1357,103,24837,24836,28285,1385,30907,356],"42wp_author":[47142],"class_list":["post-114530","post","type-post","status-publish","format-standard","has-post-thumbnail","hentry","category-f1","tag-dtm","tag-eduardo-freitas","tag-f1","tag-f1-2021","tag-f1-2022","tag-fia","tag-formula-1-2","tag-grande-premio-2","tag-grandepremio","tag-michael-masi","tag-niels-wittich","tag-wec","42wp_author-jp-nascimento"],"_links":{"self":[{"href":"https:\/\/grandepremio.com\/br\/wp-json\/wp\/v2\/posts\/114530","targetHints":{"allow":["GET"]}}],"collection":[{"href":"https:\/\/grandepremio.com\/br\/wp-json\/wp\/v2\/posts"}],"about":[{"href":"https:\/\/grandepremio.com\/br\/wp-json\/wp\/v2\/types\/post"}],"replies":[{"embeddable":true,"href":"https:\/\/grandepremio.com\/br\/wp-json\/wp\/v2\/comments?post=114530"}],"version-history":[{"count":0,"href":"https:\/\/grandepremio.com\/br\/wp-json\/wp\/v2\/posts\/114530\/revisions"}],"wp:featuredmedia":[{"embeddable":true,"href":"https:\/\/grandepremio.com\/br\/wp-json\/wp\/v2\/media\/1000542748"}],"wp:attachment":[{"href":"https:\/\/grandepremio.com\/br\/wp-json\/wp\/v2\/media?parent=114530"}],"wp:term":[{"taxonomy":"category","embeddable":true,"href":"https:\/\/grandepremio.com\/br\/wp-json\/wp\/v2\/categories?post=114530"},{"taxonomy":"post_tag","embeddable":true,"href":"https:\/\/grandepremio.com\/br\/wp-json\/wp\/v2\/tags?post=114530"},{"taxonomy":"42wp_author","embeddable":true,"href":"https:\/\/grandepremio.com\/br\/wp-json\/wp\/v2\/42wp_author?post=114530"}],"curies":[{"name":"wp","href":"https:\/\/api.w.org\/{rel}","templated":true}]}}