{"id":114538,"date":"2022-02-18T09:26:43","date_gmt":"2022-02-18T12:26:43","guid":{"rendered":"https:\/\/grandepremio.com\/br\/noticias\/george-russell-avisa-muito-aprender-sobre-w13-mas-espera-2022-emocionante\/"},"modified":"2022-02-18T09:26:51","modified_gmt":"2022-02-18T12:26:51","slug":"george-russell-avisa-muito-aprender-sobre-w13-mas-espera-2022-emocionante","status":"publish","type":"post","link":"https:\/\/grandepremio.com\/br\/f1\/george-russell-avisa-muito-aprender-sobre-w13-mas-espera-2022-emocionante\/","title":{"rendered":"Russell avisa que h\u00e1 &#8220;muito a aprender&#8221; sobre W13, mas espera 2022 &#8220;emocionante&#8221;"},"content":{"rendered":"\n<figure class=\"wp-block-embed is-type-video is-provider-youtube wp-block-embed-youtube wp-embed-aspect-16-9 wp-has-aspect-ratio\"><div class=\"wp-block-embed__wrapper\">\n<iframe loading=\"lazy\" title=\"MERCEDES APRESENTA W13, CARRO PARA A TEMPORADA 2022 DA F\u00d3RMULA 1 | React\" width=\"500\" height=\"281\" src=\"https:\/\/www.youtube.com\/embed\/H8AzGkCX1Z8?feature=oembed\" frameborder=\"0\" allow=\"accelerometer; autoplay; clipboard-write; encrypted-media; gyroscope; picture-in-picture; web-share\" referrerpolicy=\"strict-origin-when-cross-origin\" allowfullscreen><\/iframe>\n<\/div><figcaption>MERCEDES APRESENTA W13, CARRO PARA A TEMPORADA 2022 DA F\u00d3RMULA 1 | React<\/figcaption><\/figure>\n\n\n\n<p class=\"wp-block-paragraph\">Na manh\u00e3 desta sexta-feira (18), a Mercedes mostrou ao mundo o novo carro, o W13, que ter\u00e1 a miss\u00e3o de manter a hegemonia de t\u00edtulos na F\u00f3rmula 1. <a href=\"https:\/\/www.grandepremio.com\/br\/f1\/noticias\/mercedes-retorna-prata-w13-busca-nova-era-dominio-formula-1\/\" target=\"_blank\" rel=\"noreferrer noopener\">Al\u00e9m de apresentar a volta da tradicional pintura prateada e os conceitos aerodin\u00e2micos que se enquadram ao novo e revolucion\u00e1rio regulamento da categoria<\/a>, a equipe alem\u00e3 tamb\u00e9m tem como atra\u00e7\u00e3o para 2022 o primeiro ano do ingl\u00eas George Russell como companheiro do heptacampe\u00e3o mundial Lewis Hamilton.<\/p>\n\n\n\n<p class=\"wp-block-paragraph\">Depois de ficar por tr\u00eas temporadas na Williams, equipe em que acumulou experi\u00eancia, performance e resultados, o piloto de 24 anos foi al\u00e7ado ao posto de titular da oito vezes campe\u00e3 do Mundial de Construtores, em an\u00fancio feito em setembro do ano passado.<\/p>\n\n\n\n<p class=\"wp-block-paragraph\">Mesmo com a responsabilidade de manter as flechas de prata no topo, Russell revelou-se encantado pela oportunidade de fazer parte da equipe, que o apoiou durante toda a sua trajet\u00f3ria e forma\u00e7\u00e3o como piloto. &#8220;Para mim, que cresci na academia da Mercedes, \u00e9 fabuloso ter me juntado \u00e0 equipe de F1\u201d, comemorou durante a apresenta\u00e7\u00e3o do novo carro.<\/p>\n\n\n\n<figure class=\"wp-block-image size-large\"><img decoding=\"async\" src=\"https:\/\/www.grandepremio.com\/br\/wp-content\/uploads\/2021\/09\/M253726-e1631034456650-1024x835.jpg\" alt=\"GEORGE RUSSELL; MERCEDES; F\u00d3RMULA 1;\" class=\"wp-image-506492\"\/><figcaption>Russell se prepara para um ano intenso em 2022 com a Mercedes (Foto: LAT Images\/Mercedes)<\/figcaption><\/figure>\n\n\n\n<p class=\"wp-block-paragraph\"><strong>\u25b6\ufe0f&nbsp;Inscreva-se nos dois canais do GRANDE PR\u00caMIO no YouTube:&nbsp;<a href=\"https:\/\/www.youtube.com\/channel\/UC9OlHEgxoaY6QY6nWPoiqQg?sub_confirmation=1\" target=\"_blank\" rel=\"noreferrer noopener\">GP<\/a>&nbsp;|&nbsp;<a href=\"https:\/\/www.youtube.com\/channel\/UC9csiS6q_C3C0FYhyr1rnFA?sub_confirmation=1\" target=\"_blank\" rel=\"noreferrer noopener\">GP2<\/a><\/strong>.<\/p>\n\n\n\n<p class=\"wp-block-paragraph\">Mas, o jovem talento chega \u00e0 Mercedes em um ano marcado pelo in\u00edcio de uma nova era na F1, que promete disputas ainda mais acirradas. Por causa desse novo cen\u00e1rio na categoria, o piloto destacou que cada momento, seja na f\u00e1brica ou nas pistas, ser\u00e1 essencial para melhor adapta\u00e7\u00e3o e desenvolvimento do carro. <\/p>\n\n\n\n<p class=\"wp-block-paragraph\">\u201cSer\u00e1 uma temporada emocionante por causa das grandes mudan\u00e7as nos carros. Temos muito que aprender, n\u00f3s pilotos teremos que dar feedbacks e indica\u00e7\u00f5es importantes aos engenheiros\u201d, citou.<\/p>\n\n\n\n<p class=\"wp-block-paragraph\">Tamb\u00e9m no evento de apresenta\u00e7\u00e3o do W13, o chefe da equipe Toto Wolff destacou essa dedica\u00e7\u00e3o de Russell por buscar saber mais sobre o novo carro desde a montagem na f\u00e1brica, mas tamb\u00e9m deixou claro que \u00e9 apenas o in\u00edcio de uma nova trajet\u00f3ria. &#8220;George est\u00e1 apenas come\u00e7ando o trabalho. Eu sei que ele teve um bom inverno [ver\u00e3o no hemisf\u00e9rio sul] de treinamento e n\u00f3s o vimos na f\u00e1brica, trabalhando no simulador e com seus engenheiros&#8221;, disse.<\/p>\n\n\n\n<p class=\"wp-block-paragraph\"><strong>Leia tamb\u00e9m<\/strong><\/p>\n\n\n\n<p class=\"wp-block-paragraph\"><strong><a href=\"https:\/\/www.grandepremio.com\/br\/f1\/noticias\/lewis-hamilton-reitera-amor-pela-formula-1-e-declara-nunca-disse-que-eu-ia-parar\/\" target=\"_blank\" rel=\"noreferrer noopener\">+ Hamilton reitera amor pela F\u00f3rmula 1 e declara: \u201cNunca disse que eu ia parar\u201d<\/a><\/strong><br><strong><a href=\"https:\/\/www.grandepremio.com\/br\/f1\/noticias\/mercedes-explica-retorno-ao-prata-no-w13-de-2022-nosso-dna-e-nossa-historia\/\" target=\"_blank\" rel=\"noreferrer noopener\">+ Mercedes explica retorno ao prata no W13 de 2022: \u201cNosso DNA e nossa hist\u00f3ria\u201d<\/a><\/strong><\/p>\n\n\n\n<p class=\"wp-block-paragraph\">Wolff tamb\u00e9m tem certeza que a parceria entre Hamilton e Russell vai contribuir para a Mercedes permanecer forte como grupo. \u201cN\u00e3o tenho d\u00favidas de que podemos criar um ambiente de parceria entre os dois de produtividade para desenvolver o novo carro, o que ser\u00e1 essencial, mantendo uma competi\u00e7\u00e3o saud\u00e1vel que ir\u00e1 motiv\u00e1-los e a toda a equipe&#8221;, acrescentou.<\/p>\n\n\n\n<figure class=\"wp-block-image size-large\"><img decoding=\"async\" src=\"https:\/\/www.grandepremio.com\/br\/wp-content\/uploads\/2022\/02\/w13-2-1024x622.png\" alt=\"\" class=\"wp-image-542642\"\/><figcaption>O prata tradicional da Mercedes est\u00e1 de volta no W13 (Foto: Mercedes)<\/figcaption><\/figure>\n\n\n\n<p class=\"wp-block-paragraph\">Com o novo prateado W13, a Mercedes vai participar da primeira sess\u00e3o de testes de pr\u00e9-temporada, que acontecer\u00e1 em Barcelona, entre os dias 23 e 25 de fevereiro. J\u00e1 a primeira etapa do campeonato est\u00e1 marcada para o dia 20 de mar\u00e7o, no Bahrein.<\/p>\n\n\n\n<figure class=\"wp-block-embed is-type-video is-provider-youtube wp-block-embed-youtube wp-embed-aspect-16-9 wp-has-aspect-ratio\"><div class=\"wp-block-embed__wrapper\">\n<iframe loading=\"lazy\" title=\"F\u00d3RMULA 1 MUDA REGRA PARA EVITAR REPETECO DA B\u00c9LGICA. VAI DAR CERTO?\" width=\"500\" height=\"281\" src=\"https:\/\/www.youtube.com\/embed\/dQ9DxM1RaU8?feature=oembed\" frameborder=\"0\" allow=\"accelerometer; autoplay; clipboard-write; encrypted-media; gyroscope; picture-in-picture; web-share\" referrerpolicy=\"strict-origin-when-cross-origin\" allowfullscreen><\/iframe>\n<\/div><figcaption>F\u00d3RMULA 1 MUDA REGRA PARA EVITAR REPETECO DA B\u00c9LGICA. VAI DAR CERTO?<\/figcaption><\/figure>\n","protected":false},"excerpt":{"rendered":"<p>Seja na f\u00e1brica ou na pista, George Russell destacou que todo conhecimento ser\u00e1 importante para melhor desenvolver o carro da Mercedes<\/p>\n","protected":false},"author":0,"featured_media":1000542680,"comment_status":"closed","ping_status":"closed","sticky":false,"template":"","format":"standard","meta":{"42wp_featured_image_caption":"","42wp_featured_image_credits":"","42wp_featured_video":"","42wp_featured_image_hidden":false,"42wp_authors_list":[],"footnotes":""},"categories":[2],"tags":[24837,26841,800,28285,82,29648,30389],"42wp_author":[47145],"class_list":["post-114538","post","type-post","status-publish","format-standard","has-post-thumbnail","hentry","category-f1","tag-formula-1-2","tag-formula-1-2022","tag-george-russell","tag-grandepremio","tag-mercedes","tag-temporada-2022-da-f1","tag-w13","42wp_author-alessandro-pinheiro"],"_links":{"self":[{"href":"https:\/\/grandepremio.com\/br\/wp-json\/wp\/v2\/posts\/114538","targetHints":{"allow":["GET"]}}],"collection":[{"href":"https:\/\/grandepremio.com\/br\/wp-json\/wp\/v2\/posts"}],"about":[{"href":"https:\/\/grandepremio.com\/br\/wp-json\/wp\/v2\/types\/post"}],"replies":[{"embeddable":true,"href":"https:\/\/grandepremio.com\/br\/wp-json\/wp\/v2\/comments?post=114538"}],"version-history":[{"count":0,"href":"https:\/\/grandepremio.com\/br\/wp-json\/wp\/v2\/posts\/114538\/revisions"}],"wp:featuredmedia":[{"embeddable":true,"href":"https:\/\/grandepremio.com\/br\/wp-json\/wp\/v2\/media\/1000542680"}],"wp:attachment":[{"href":"https:\/\/grandepremio.com\/br\/wp-json\/wp\/v2\/media?parent=114538"}],"wp:term":[{"taxonomy":"category","embeddable":true,"href":"https:\/\/grandepremio.com\/br\/wp-json\/wp\/v2\/categories?post=114538"},{"taxonomy":"post_tag","embeddable":true,"href":"https:\/\/grandepremio.com\/br\/wp-json\/wp\/v2\/tags?post=114538"},{"taxonomy":"42wp_author","embeddable":true,"href":"https:\/\/grandepremio.com\/br\/wp-json\/wp\/v2\/42wp_author?post=114538"}],"curies":[{"name":"wp","href":"https:\/\/api.w.org\/{rel}","templated":true}]}}