{"id":114553,"date":"2022-02-17T14:19:08","date_gmt":"2022-02-17T17:19:08","guid":{"rendered":"https:\/\/grandepremio.com\/br\/noticias\/aston-martin-define-escalacao-dos-pilotos-para-testes-pre-temporada-barcelona\/"},"modified":"2022-02-17T14:19:18","modified_gmt":"2022-02-17T17:19:18","slug":"aston-martin-define-escalacao-dos-pilotos-para-testes-pre-temporada-barcelona","status":"publish","type":"post","link":"https:\/\/grandepremio.com\/br\/f1\/aston-martin-define-escalacao-dos-pilotos-para-testes-pre-temporada-barcelona\/","title":{"rendered":"Aston Martin define escala\u00e7\u00e3o dos pilotos para testes de pr\u00e9-temporada em Barcelona"},"content":{"rendered":"\n<figure class=\"wp-block-embed is-type-video is-provider-youtube wp-block-embed-youtube wp-embed-aspect-16-9 wp-has-aspect-ratio\"><div class=\"wp-block-embed__wrapper\">\n<iframe loading=\"lazy\" title=\"FERRARI APRESENTA F1-75, CARRO PARA A TEMPORADA 2022 DA F1 | React\" width=\"500\" height=\"281\" src=\"https:\/\/www.youtube.com\/embed\/3aWc-Rj7E5E?feature=oembed\" frameborder=\"0\" allow=\"accelerometer; autoplay; clipboard-write; encrypted-media; gyroscope; picture-in-picture; web-share\" referrerpolicy=\"strict-origin-when-cross-origin\" allowfullscreen><\/iframe>\n<\/div><figcaption>FERRARI APRESENTA F1-75, CARRO PARA A TEMPORADA 2022 DA F1 | React<\/figcaption><\/figure>\n\n\n\n<p class=\"wp-block-paragraph\">A <a href=\"https:\/\/www.grandepremio.com\/br\/equipe\/f1\/2020\/aston-martin-f1-team\/\">Aston Martin<\/a> confirmou, nesta quinta-feira (17), sua programa\u00e7\u00e3o para os primeiros testes da pr\u00e9-temporada da F\u00f3rmula 1 2022, que acontecer\u00e3o em Barcelona na semana que vem, entre os dias 23 e 25 de fevereiro. O time verde \u00e9 o primeiro a anunciar seus planos em terra catal\u00e3.<\/p>\n\n\n\n<p class=\"wp-block-paragraph\">Ser\u00e3o tr\u00eas dias de carros na pista. No primeiro, na quarta-feira (23), o tetracampe\u00e3o mundial Sebastian Vettel vai come\u00e7ar os trabalhos pela manh\u00e3 e, \u00e0 tarde, entrega o bast\u00e3o para o canadense Lance Stroll.<\/p>\n\n\n\n<p class=\"wp-block-paragraph\"><strong>\u25b6\ufe0f&nbsp;Inscreva-se nos dois canais do GRANDE PR\u00caMIO no YouTube:&nbsp;<a href=\"https:\/\/www.youtube.com\/channel\/UC9OlHEgxoaY6QY6nWPoiqQg?sub_confirmation=1\" target=\"_blank\" rel=\"noreferrer noopener\">GP<\/a>&nbsp;|&nbsp;<a href=\"https:\/\/www.youtube.com\/channel\/UC9csiS6q_C3C0FYhyr1rnFA?sub_confirmation=1\" target=\"_blank\" rel=\"noreferrer noopener\">GP2<\/a><\/strong><br><strong><a href=\"https:\/\/www.grandepremio.com\/br\/f1\/noticias\/presidente-fia-anuncia-var-f1-fim-conversas-diretor-provas\/\">Presidente da FIA anuncia \u2018VAR da F1\u2019 e fim de transmiss\u00e3o das conversas do diretor<\/a><\/strong><\/p>\n\n\n\n<p class=\"wp-block-paragraph\">No dia seguinte, os pap\u00e9is se invertem: o canadense abre o dia, enquanto o tetracampe\u00e3o mundial assume o volante na segunda parte.<\/p>\n\n\n\n<p class=\"wp-block-paragraph\">Para finalizar, na sexta-feira (25), o cen\u00e1rio do primeiro dia se repete: Vettel pela manh\u00e3, e Stroll de tarde.<\/p>\n\n\n\n<figure class=\"wp-block-image size-large\"><img decoding=\"async\" src=\"https:\/\/www.grandepremio.com\/br\/wp-content\/uploads\/2022\/02\/Aston-Martin-5-1024x427.jpg\" alt=\"\" class=\"wp-image-540236\"\/><figcaption>O AMR22 da Aston Martin (Foto: Divulga\u00e7\u00e3o\/Aston Martin)<\/figcaption><\/figure>\n\n\n\n<p class=\"wp-block-paragraph\">A Aston Martin sendo a primeira a revelar seus planos em Barcelona pode surpreender algumas pessoas. Isso porque, no m\u00eas passado, o site ingl\u00eas The Judge13 publicou que, devido a uma crise, <a href=\"https:\/\/www.grandepremio.com\/br\/f1\/noticias\/aston-martin-nega-chance-ficar-fora-testes-barcelona-atrasos-carro\/\">a equipe corria o risco de n\u00e3o colocar seus carros na pista nos primeiros testes de pr\u00e9-temporada.<\/a><\/p>\n\n\n\n<p class=\"wp-block-paragraph\">&#8220;O carro est\u00e1 quil\u00f4metros atr\u00e1s de onde deveria e se conseguir chegar ao teste de Barcelona, em 23 de fevereiro, todo mundo ficar\u00e1 t\u00e3o surpreso que vai dar para escutar a comemora\u00e7\u00e3o do espa\u00e7o sideral\u201d, disse uma fonte ao site, \u00e0 \u00e9poca.<\/p>\n\n\n\n<p class=\"wp-block-paragraph\"><strong><strong>Siga o Grande Pr\u00eamio no&nbsp;<a rel=\"noreferrer noopener\" href=\"https:\/\/twitter.com\/grandepremio\" target=\"_blank\">Twitter&nbsp;<\/a>e no&nbsp;<a rel=\"noreferrer noopener\" href=\"https:\/\/instagram.com\/grandepremio\" target=\"_blank\">Instagram<\/a>!<\/strong><\/strong><\/p>\n\n\n\n<p class=\"wp-block-paragraph\">O pr\u00f3prio time verde negou a possibilidade na ocasi\u00e3o, afirmando que &#8220;o trabalho no carro de F\u00f3rmula 1 para 2022 est\u00e1 avan\u00e7ando bem e ficar\u00e1 pronto em tempo do primeiro teste em Barcelona&#8221;. <\/p>\n\n\n\n<p class=\"wp-block-paragraph\">A esquadra de Silverstone tamb\u00e9m foi a primeira a revelar a data de apresenta\u00e7\u00e3o de seu carro para 2022 e, igualmente, <a href=\"https:\/\/www.grandepremio.com\/br\/f1\/noticias\/aston-martin-contramao-rivais-mostra-amr22-verdade-f1-2022\/\">a primeira a de fato mostrar no lan\u00e7amento o b\u00f3lido da temporada<\/a> &#8211; a Haas soltou basicamente s\u00f3 a pintura renderizada e, por outro lado, a Red Bull apresentou um modelo de demonstra\u00e7\u00e3o, que n\u00e3o ser\u00e1 o mesmo da estreia.<\/p>\n\n\n\n<figure class=\"wp-block-image size-large\"><img decoding=\"async\" src=\"https:\/\/www.grandepremio.com\/br\/wp-content\/uploads\/2022\/02\/Aston-Martin-4-1024x683.jpg\" alt=\"\" class=\"wp-image-540235\"\/><figcaption>O novo carro da Aston Martin para 2022 (Foto: Aston Martin)<\/figcaption><\/figure>\n\n\n\n<p class=\"wp-block-paragraph\">O modelo que ser\u00e1 guiado por Vettel e Stroll \u00e9 majoritariamente verde cintilante, mas conta com alguns detalhes em verde-lim\u00e3o. Assim como a Red Bull, a asa dianteira forma uma esp\u00e9cie de V, mas o bico do carro \u00e9 menos arredondado do que o modelo rubro-taurino. O maior destaque, por\u00e9m, s\u00e3o as laterais do carro, cobertas de guelras.<\/p>\n\n\n\n<p class=\"wp-block-paragraph\">Outro detalhe curioso diz respeito \u00e0s rodas dianteiras, que contam com uma pequena cobertura, um tipo de continua\u00e7\u00e3o do eixo dianteiro, que coloca um pequeno dente por cima do primeiro quarto do pneu. Esta cobertura, todavia, j\u00e1 estava prevista no carro-modelo lan\u00e7ado no ano passado.<\/p>\n\n\n\n<figure class=\"wp-block-video\"><video class=\"video-js vjs-big-play-centered\" data-gp-vjs=\"1\" controls src=\"https:\/\/www.grandepremio.com\/br\/wp-content\/uploads\/2022\/02\/AMR22_AstonMartin_F1.mp4\"><\/video><\/figure>\n\n\n\n<p class=\"wp-block-paragraph\">Acesse as vers\u00f5es em&nbsp;<a href=\"https:\/\/es.grandepremio.com\/\">espanhol<\/a>&nbsp;e&nbsp;<a href=\"https:\/\/grandepremio.pt\/\">portugu\u00eas-PT<\/a>&nbsp;do&nbsp;<strong>GRANDE PR\u00caMIO<\/strong>, al\u00e9m dos parceiros&nbsp;<a href=\"https:\/\/nossopalestra.com.br\/\">Nosso Palestra<\/a>&nbsp;e&nbsp;<a href=\"https:\/\/teleguiado.com\/\">Teleguiado<\/a>.<\/p>\n","protected":false},"excerpt":{"rendered":"<p>Equipe de Silverstone foi a primeira da F\u00f3rmula 1 a detalhar sua programa\u00e7\u00e3o para os primeiros testes do ano, que acontecem na pr\u00f3xima semana em Barcelona<\/p>\n","protected":false},"author":0,"featured_media":1000540464,"comment_status":"closed","ping_status":"closed","sticky":false,"template":"","format":"standard","meta":{"42wp_featured_image_caption":"","42wp_featured_image_credits":"","42wp_featured_video":"","42wp_featured_image_hidden":false,"42wp_authors_list":[],"footnotes":""},"categories":[2],"tags":[309,304,1357,24837,24836,485,25297,210],"42wp_author":[47143],"class_list":["post-114553","post","type-post","status-publish","format-standard","has-post-thumbnail","hentry","category-f1","tag-aston-martin","tag-barcelona","tag-f1-2022","tag-formula-1-2","tag-grande-premio-2","tag-lance-stroll","tag-pre-temporada-2","tag-sebastian-vettel","42wp_author-felipe-leite"],"_links":{"self":[{"href":"https:\/\/grandepremio.com\/br\/wp-json\/wp\/v2\/posts\/114553","targetHints":{"allow":["GET"]}}],"collection":[{"href":"https:\/\/grandepremio.com\/br\/wp-json\/wp\/v2\/posts"}],"about":[{"href":"https:\/\/grandepremio.com\/br\/wp-json\/wp\/v2\/types\/post"}],"replies":[{"embeddable":true,"href":"https:\/\/grandepremio.com\/br\/wp-json\/wp\/v2\/comments?post=114553"}],"version-history":[{"count":0,"href":"https:\/\/grandepremio.com\/br\/wp-json\/wp\/v2\/posts\/114553\/revisions"}],"wp:featuredmedia":[{"embeddable":true,"href":"https:\/\/grandepremio.com\/br\/wp-json\/wp\/v2\/media\/1000540464"}],"wp:attachment":[{"href":"https:\/\/grandepremio.com\/br\/wp-json\/wp\/v2\/media?parent=114553"}],"wp:term":[{"taxonomy":"category","embeddable":true,"href":"https:\/\/grandepremio.com\/br\/wp-json\/wp\/v2\/categories?post=114553"},{"taxonomy":"post_tag","embeddable":true,"href":"https:\/\/grandepremio.com\/br\/wp-json\/wp\/v2\/tags?post=114553"},{"taxonomy":"42wp_author","embeddable":true,"href":"https:\/\/grandepremio.com\/br\/wp-json\/wp\/v2\/42wp_author?post=114553"}],"curies":[{"name":"wp","href":"https:\/\/api.w.org\/{rel}","templated":true}]}}