{"id":114569,"date":"2022-02-17T04:30:25","date_gmt":"2022-02-17T07:30:25","guid":{"rendered":"https:\/\/grandepremio.com\/br\/noticias\/williams-abandona-estrutura-familiar-empresa-de-engenharia-bem-estruturada\/"},"modified":"2022-02-16T16:23:53","modified_gmt":"2022-02-16T19:23:53","slug":"williams-abandona-estrutura-familiar-empresa-de-engenharia-bem-estruturada","status":"publish","type":"post","link":"https:\/\/grandepremio.com\/br\/f1\/williams-abandona-estrutura-familiar-empresa-de-engenharia-bem-estruturada\/","title":{"rendered":"Williams abandona gest\u00e3o familiar e se torna \u201cempresa de engenharia bem estruturada\u201d"},"content":{"rendered":"\n<figure class=\"wp-block-embed is-type-video is-provider-youtube wp-block-embed-youtube wp-embed-aspect-16-9 wp-has-aspect-ratio\"><div class=\"wp-block-embed__wrapper\">\n<iframe loading=\"lazy\" title=\"WILLIAMS APRESENTA FW44, CARRO PARA A TEMPORADA 2022 DA F1 | React\" width=\"500\" height=\"281\" src=\"https:\/\/www.youtube.com\/embed\/t6lisr1IeY4?feature=oembed\" frameborder=\"0\" allow=\"accelerometer; autoplay; clipboard-write; encrypted-media; gyroscope; picture-in-picture; web-share\" referrerpolicy=\"strict-origin-when-cross-origin\" allowfullscreen><\/iframe>\n<\/div><figcaption>WILLIAMS APRESENTA FW44, CARRO PARA A TEMPORADA 2022 DA F1 | React<\/figcaption><\/figure>\n\n\n\n<p class=\"wp-block-paragraph\">A <a href=\"https:\/\/www.grandepremio.com\/br\/equipe\/f1\/2020\/williams-racing\/\">Williams<\/a> foi vendida para o Dorilton Capital no meio de 2020, em um momento de decl\u00ednio e dificuldades financeiras na <a href=\"https:\/\/www.grandepremio.com\/formula-1\/\">F\u00f3rmula 1<\/a>. Os novos donos reformularam a equipe, que hoje n\u00e3o tem mais a estrutura familiar implementada por Sir Frank e Claire Williams.<\/p>\n\n\n\n<p class=\"wp-block-paragraph\">Jost Capito, com anos de experi\u00eancia na Volkswagen, se tornou o chefe da equipe. Com ele, vieram outros ex-colegas da gigante alem\u00e3, que est\u00e3o ajudando a <a href=\"https:\/\/www.grandepremio.com\/br\/equipe\/f1\/2020\/williams-racing\/\">Williams<\/a> a se tornar uma \u201cempresa de engenharia bem estruturada\u201d, como define o dirigente.<\/p>\n\n\n\n<p class=\"wp-block-paragraph\">\u201cPrimeiramente, voc\u00ea tem de ter muito respeito ao chegar na Williams\u201d, afirmou Capito ao site brit\u00e2nico Autosport. \u201c\u00c9 um time com uma heran\u00e7a gigantesca e de muito sucesso no passado. N\u00f3s n\u00e3o fizemos muitas mudan\u00e7as de pessoas, n\u00f3s fizemos mudan\u00e7as cruciais. E acho que o que ajudou muito foi melhorar o esp\u00edrito e devolver o orgulho para a equipe\u201d, completou.<\/p>\n\n\n\n<p class=\"wp-block-paragraph\">\u201cN\u00f3s tamb\u00e9m desenvolvemos processos, desenvolvemos estruturas diferentes. N\u00f3s melhoramos a comunica\u00e7\u00e3o dentro da empresa. Desenvolvemos nossos valores para a companhia e os comportamentos que queremos ter. Acho que sa\u00edmos de uma empresa familiar e nos tornamos uma empresa de engenharia bem estruturada\u201d, disse o alem\u00e3o.<\/p>\n\n\n\n<p class=\"wp-block-paragraph\">\u00a0\u25b6\ufe0f <strong>Inscreva-se nos dois canais do GRANDE PR\u00caMIO no YouTube:<\/strong> <a href=\"https:\/\/www.youtube.com\/channel\/UC9OlHEgxoaY6QY6nWPoiqQg?sub_confirmation=1\">GP<\/a> | <a href=\"https:\/\/www.youtube.com\/channel\/UC9csiS6q_C3C0FYhyr1rnFA?sub_confirmation=1\">GP2<\/a><\/p>\n\n\n\n<figure class=\"wp-block-image size-large\"><img decoding=\"async\" src=\"https:\/\/www.grandepremio.com\/br\/wp-content\/uploads\/2022\/02\/Williams_Latifi_2-1024x539.jpg\" alt=\"\" class=\"wp-image-542101\"\/><figcaption>Latifi guiou a Williams no molhado em Silverstone (Foto: Williams)<\/figcaption><\/figure>\n\n\n\n<p class=\"wp-block-paragraph\">A <a href=\"https:\/\/www.grandepremio.com\/br\/equipe\/f1\/2020\/williams-racing\/\">Williams<\/a> terminou na \u00faltima coloca\u00e7\u00e3o do mundial de construtores por tr\u00eas anos consecutivos, entre 2018 a 2020. No ano em que Jost chegou ao time, a equipe sequer conquistou ponto.\u00a0Em 2021, uma rea\u00e7\u00e3o consider\u00e1vel, superando Haas e Alfa Romeo, fechando em oitavo.<\/p>\n\n\n\n<p class=\"wp-block-paragraph\">\u201cN\u00f3s n\u00e3o aceitamos mais sermos os \u00faltimos, queremos escalar o grid, e n\u00f3s trabalhamos duro para isso, e precisamos do esp\u00edrito e precisamos desfrutar dessa jornada\u201d, ressaltou Capito.<\/p>\n\n\n\n<p class=\"wp-block-paragraph\">\u201cPara colocar o time de volta aonde queremos, partindo de onde est\u00e1vamos em 2020, \u00e9 um caminho longo\u201d. N\u00e3o \u00e9 algo que voc\u00ea pode consertar e refazer em um ano, ent\u00e3o h\u00e1 muito a se fazer ainda\u201d, concluiu Jost.<\/p>\n\n\n\n<p class=\"wp-block-paragraph\">Depois de um <a href=\"https:\/\/www.grandepremio.com\/br\/f1\/noticias\/williams-mostra-verdadeiro-fw44-nicholas-latifi-dia-filmagem-silverstone\/\">teste inicial em Silverstone<\/a>, os carros da <a href=\"https:\/\/www.grandepremio.com\/br\/equipe\/f1\/2020\/williams-racing\/\">Williams<\/a> voltam para a pista durante a pr\u00e9-temporada da <a href=\"https:\/\/www.grandepremio.com\/formula-1\/\">F\u00f3rmula 1<\/a>, que acontece entre os dias 23 e 25 de fevereiro, em <a href=\"https:\/\/es.grandepremio.com\/\">Barcelona<\/a>, na <a href=\"https:\/\/es.grandepremio.com\/\">Espanha<\/a>. A primeira prova est\u00e1 marcada para o dia 20 de mar\u00e7o, no Bahrein.<\/p>\n\n\n\n<figure class=\"wp-block-embed is-type-video is-provider-youtube wp-block-embed-youtube wp-embed-aspect-16-9 wp-has-aspect-ratio\"><div class=\"wp-block-embed__wrapper\">\n<iframe loading=\"lazy\" title=\"F1 2022: FIA ADIA DECIS\u00c3O SOBRE MASI E MEXE NAS SPRINT RACES | Paddock GP #274\" width=\"500\" height=\"281\" src=\"https:\/\/www.youtube.com\/embed\/1nwbz49GDyY?feature=oembed\" frameborder=\"0\" allow=\"accelerometer; autoplay; clipboard-write; encrypted-media; gyroscope; picture-in-picture; web-share\" referrerpolicy=\"strict-origin-when-cross-origin\" allowfullscreen><\/iframe>\n<\/div><figcaption>F1 2022: FIA ADIA DECIS\u00c3O SOBRE MASI E MEXE NAS SPRINT RACES | Paddock GP&nbsp;<a href=\"https:\/\/www.youtube.com\/hashtag\/274\">#274<\/a><\/figcaption><\/figure>\n","protected":false},"excerpt":{"rendered":"<p>Jost Capito, chefe da Williams, afirmou que equipe n\u00e3o aceita mais ficar em \u00faltimo e explicou mudan\u00e7as feitas na estrutura organizacional do time que acabaram com o modelo familiar<\/p>\n","protected":false},"author":0,"featured_media":1000454352,"comment_status":"closed","ping_status":"closed","sticky":false,"template":"","format":"standard","meta":{"42wp_featured_image_caption":"","42wp_featured_image_credits":"","42wp_featured_video":"","42wp_featured_image_hidden":false,"42wp_authors_list":[],"footnotes":""},"categories":[2],"tags":[25982,147,1357,24837,14195,215],"42wp_author":[47144],"class_list":["post-114569","post","type-post","status-publish","format-standard","has-post-thumbnail","hentry","category-f1","tag-dorilton-capital","tag-f1","tag-f1-2022","tag-formula-1-2","tag-jost-capito","tag-williams","42wp_author-andre-netto"],"_links":{"self":[{"href":"https:\/\/grandepremio.com\/br\/wp-json\/wp\/v2\/posts\/114569","targetHints":{"allow":["GET"]}}],"collection":[{"href":"https:\/\/grandepremio.com\/br\/wp-json\/wp\/v2\/posts"}],"about":[{"href":"https:\/\/grandepremio.com\/br\/wp-json\/wp\/v2\/types\/post"}],"replies":[{"embeddable":true,"href":"https:\/\/grandepremio.com\/br\/wp-json\/wp\/v2\/comments?post=114569"}],"version-history":[{"count":0,"href":"https:\/\/grandepremio.com\/br\/wp-json\/wp\/v2\/posts\/114569\/revisions"}],"wp:featuredmedia":[{"embeddable":true,"href":"https:\/\/grandepremio.com\/br\/wp-json\/wp\/v2\/media\/1000454352"}],"wp:attachment":[{"href":"https:\/\/grandepremio.com\/br\/wp-json\/wp\/v2\/media?parent=114569"}],"wp:term":[{"taxonomy":"category","embeddable":true,"href":"https:\/\/grandepremio.com\/br\/wp-json\/wp\/v2\/categories?post=114569"},{"taxonomy":"post_tag","embeddable":true,"href":"https:\/\/grandepremio.com\/br\/wp-json\/wp\/v2\/tags?post=114569"},{"taxonomy":"42wp_author","embeddable":true,"href":"https:\/\/grandepremio.com\/br\/wp-json\/wp\/v2\/42wp_author?post=114569"}],"curies":[{"name":"wp","href":"https:\/\/api.w.org\/{rel}","templated":true}]}}