{"id":114581,"date":"2022-02-16T11:00:08","date_gmt":"2022-02-16T14:00:08","guid":{"rendered":"https:\/\/grandepremio.com\/br\/noticias\/enzo-fittipaldi-renova-charouz-disputa-temporada-completa-formula-2-2022\/"},"modified":"2022-02-16T11:05:22","modified_gmt":"2022-02-16T14:05:22","slug":"enzo-fittipaldi-renova-charouz-disputa-temporada-completa-formula-2-2022","status":"publish","type":"post","link":"https:\/\/grandepremio.com\/br\/f2\/enzo-fittipaldi-renova-charouz-disputa-temporada-completa-formula-2-2022\/","title":{"rendered":"Enzo Fittipaldi renova com Charouz e disputa temporada completa da F\u00f3rmula 2 2022"},"content":{"rendered":"\n<figure class=\"wp-block-embed is-type-video is-provider-youtube wp-block-embed-youtube wp-embed-aspect-16-9 wp-has-aspect-ratio\"><div class=\"wp-block-embed__wrapper\">\n<iframe loading=\"lazy\" title=\"F1 2022: FIA ADIA DECIS\u00c3O SOBRE MASI E MEXE NAS SPRINT RACES | Paddock GP #274\" width=\"500\" height=\"281\" src=\"https:\/\/www.youtube.com\/embed\/1nwbz49GDyY?feature=oembed\" frameborder=\"0\" allow=\"accelerometer; autoplay; clipboard-write; encrypted-media; gyroscope; picture-in-picture; web-share\" referrerpolicy=\"strict-origin-when-cross-origin\" allowfullscreen><\/iframe>\n<\/div><\/figure>\n\n\n\n<p class=\"wp-block-paragraph\">Enzo Fittipaldi garantiu a segunda vaga brasileira no grid da F\u00f3rmula 2 2022. Nesta quarta-feira (16), o piloto de 20 anos teve seu v\u00ednculo com a Charouz renovado, se juntando a Felipe Drugovich no pelot\u00e3o da \u00faltima categoria antes da F\u00f3rmula 1.<\/p>\n\n\n\n<p class=\"wp-block-paragraph\">Com longa passagem pela Academia de jovens pilotos da Ferrari, Fittipaldi tem resultados positivos nas categorias de base. O brasileiro foi campe\u00e3o da F4 Italiana em 2018, vice da F-Regional em 2019 e, em 2020 e 2021, teve bons desempenhos na F3. Tanto que subiu, com a pr\u00f3pria Charouz, da F3 para a F2, com a temporada 2021 em andamento.<\/p>\n\n\n\n<p class=\"wp-block-paragraph\">Pela F2, Enzo se adaptou rapidamente ao carro mesmo sem qualquer per\u00edodo de testes e vinha conquistando resultados bons para uma equipe de meio para fim de grid. Foi justamente ap\u00f3s pontuar que teve um forte acidente, na terceira corrida da Ar\u00e1bia Saudita.<\/p>\n\n\n\n<figure class=\"wp-block-image size-large\"><img decoding=\"async\" src=\"https:\/\/www.grandepremio.com\/br\/wp-content\/uploads\/2022\/02\/403253_1002439_whatsapp_image_2022_02_15_at_12.01.35-1024x682.jpeg\" alt=\"\" class=\"wp-image-542283\"\/><figcaption>Enzo Fittipaldi continua com a Charouz em 2022 (Foto: Dutch Photo Agency\/RF1)<\/figcaption><\/figure>\n\n\n\n<p class=\"wp-block-paragraph\">&#8220;\u00c9 um prazer e uma honra poder continuar minha aventura na F2 com a Charouz. Na \u00faltima temporada, eles me deram a oportunidade de estrear na categoria ap\u00f3s uma boa primeira parte da temporada na F3 e isso permitir\u00e1 que eu e a equipe trabalhemos imediatamente no desempenho a partir das primeiras sess\u00f5es de testes. Ser\u00e1 um campeonato longo e exigente e o n\u00edvel de competitividade nunca foi t\u00e3o alto quanto neste ano, portanto, \u00e9 uma grande vantagem n\u00e3o ter que passar os primeiros dias de testes me familiarizando ao carro. Pretendemos ser uma presen\u00e7a regular nas dez primeiras posi\u00e7\u00f5es e certamente tentaremos aproveitar todas as oportunidades para conseguir alguns p\u00f3dio e, talvez, algumas vit\u00f3rias&#8221;, disse Enzo.<\/p>\n\n\n\n<p class=\"wp-block-paragraph\">&#8220;A equipe e eu estamos muito felizes de poder trabalhar novamente com o Enzo. No ano passado, ele provou que merecia a chance de passar da F3 para a F2, apesar da m\u00e1 sorte que o atingiu em Jeddah. Agora ele est\u00e1 de volta e tenho certeza de que isso s\u00f3 o motivar\u00e1 ainda mais para mostrar do que ele \u00e9 capaz. Come\u00e7ar a temporada em um ambiente com o qual ele j\u00e1 est\u00e1 familiarizado \u00e9, certamente, uma vantagem, tanto para a equipe quanto para o piloto, e tentaremos de todas as maneiras aproveitar esta condi\u00e7\u00e3o para encontrar a velocidade e estar no top-10 imediatamente&#8221;, falou Anton\u00edn Charouz, dono do time.<\/p>\n\n\n\n<p class=\"wp-block-paragraph\">Com meia temporada na F2, Enzo j\u00e1 \u00e9 o piloto mais experiente da Charouz para 2022. \u00c9 que o companheiro do brasileiro ser\u00e1 o turco <a href=\"https:\/\/www.grandepremio.com\/br\/f2\/noticias\/cem-bolukbasi-acerta-charouz-primeiro-piloto-f1-esports-chegar-f2\/\">Cem B\u00f6l\u00fckba\u015f\u0131<\/a> que, apesar de ter 24 anos, basicamente s\u00f3 correu no automobilismo virtual e de endurance, tendo um desafio enorme pela frente.<\/p>\n\n\n\n<p class=\"wp-block-paragraph\">A F\u00f3rmula 2 2022 come\u00e7a os trabalhos junto com a F\u00f3rmula 1. Assim, a primeira etapa da temporada est\u00e1 marcada para o Bahrein, no fim de semana de 19 e 20 de mar\u00e7o.<\/p>\n\n\n\n<p class=\"wp-block-paragraph\"><strong>\u25b6\ufe0f\u00a0Inscreva-se nos dois canais do GRANDE PR\u00caMIO no YouTube:\u00a0<\/strong><a href=\"https:\/\/www.youtube.com\/channel\/UC9OlHEgxoaY6QY6nWPoiqQg?sub_confirmation=1\" target=\"_blank\" rel=\"noreferrer noopener\">GP<\/a><strong>\u00a0|\u00a0<\/strong><a href=\"https:\/\/www.youtube.com\/channel\/UC9csiS6q_C3C0FYhyr1rnFA?sub_confirmation=1\" target=\"_blank\" rel=\"noreferrer noopener\">GP2<\/a><\/p>\n\n\n\n<figure class=\"wp-block-embed is-type-video is-provider-youtube wp-block-embed-youtube wp-embed-aspect-16-9 wp-has-aspect-ratio\"><div class=\"wp-block-embed__wrapper\">\n<iframe loading=\"lazy\" title=\"FERRARI NA F1 2022: COMO SER\u00c1?\" width=\"500\" height=\"281\" src=\"https:\/\/www.youtube.com\/embed\/-2bS8q24TOY?feature=oembed\" frameborder=\"0\" allow=\"accelerometer; autoplay; clipboard-write; encrypted-media; gyroscope; picture-in-picture; web-share\" referrerpolicy=\"strict-origin-when-cross-origin\" allowfullscreen><\/iframe>\n<\/div><\/figure>\n\n\n\n<p class=\"wp-block-paragraph\"><\/p>\n","protected":false},"excerpt":{"rendered":"<p>Depois de um 2021 em que vestiu as cores da Charouz em parte da F\u00f3rmula 3 e parte da F\u00f3rmula 2, Enzo Fittipaldi segue com o time tcheco na F2 2022, ao lado do estreante turco Cem B\u00f6l\u00fckba\u015f\u0131<\/p>\n","protected":false},"author":0,"featured_media":1000542282,"comment_status":"closed","ping_status":"closed","sticky":false,"template":"","format":"standard","meta":{"42wp_featured_image_caption":"","42wp_featured_image_credits":"","42wp_featured_video":"","42wp_featured_image_hidden":false,"42wp_authors_list":[],"footnotes":""},"categories":[9],"tags":[290,409,111,29651,25933,29650],"42wp_author":[47117],"class_list":["post-114581","post","type-post","status-publish","format-standard","has-post-thumbnail","hentry","category-f2","tag-charouz","tag-enzo-fittipaldi","tag-f2","tag-f2-2022","tag-formula-2-3","tag-formula-2-2022","42wp_author-gabriel-curty"],"_links":{"self":[{"href":"https:\/\/grandepremio.com\/br\/wp-json\/wp\/v2\/posts\/114581","targetHints":{"allow":["GET"]}}],"collection":[{"href":"https:\/\/grandepremio.com\/br\/wp-json\/wp\/v2\/posts"}],"about":[{"href":"https:\/\/grandepremio.com\/br\/wp-json\/wp\/v2\/types\/post"}],"replies":[{"embeddable":true,"href":"https:\/\/grandepremio.com\/br\/wp-json\/wp\/v2\/comments?post=114581"}],"version-history":[{"count":0,"href":"https:\/\/grandepremio.com\/br\/wp-json\/wp\/v2\/posts\/114581\/revisions"}],"wp:featuredmedia":[{"embeddable":true,"href":"https:\/\/grandepremio.com\/br\/wp-json\/wp\/v2\/media\/1000542282"}],"wp:attachment":[{"href":"https:\/\/grandepremio.com\/br\/wp-json\/wp\/v2\/media?parent=114581"}],"wp:term":[{"taxonomy":"category","embeddable":true,"href":"https:\/\/grandepremio.com\/br\/wp-json\/wp\/v2\/categories?post=114581"},{"taxonomy":"post_tag","embeddable":true,"href":"https:\/\/grandepremio.com\/br\/wp-json\/wp\/v2\/tags?post=114581"},{"taxonomy":"42wp_author","embeddable":true,"href":"https:\/\/grandepremio.com\/br\/wp-json\/wp\/v2\/42wp_author?post=114581"}],"curies":[{"name":"wp","href":"https:\/\/api.w.org\/{rel}","templated":true}]}}