{"id":114592,"date":"2022-02-16T05:00:54","date_gmt":"2022-02-16T08:00:54","guid":{"rendered":"https:\/\/grandepremio.com\/br\/noticias\/fittipaldi-elogia-ambiente-da-haas-e-diz-que-steiner-e-serio-e-honesto\/"},"modified":"2022-02-15T19:47:44","modified_gmt":"2022-02-15T22:47:44","slug":"fittipaldi-elogia-ambiente-da-haas-e-diz-que-steiner-e-serio-e-honesto","status":"publish","type":"post","link":"https:\/\/grandepremio.com\/br\/f1\/fittipaldi-elogia-ambiente-da-haas-e-diz-que-steiner-e-serio-e-honesto\/","title":{"rendered":"Fittipaldi elogia ambiente da Haas e diz que Steiner \u00e9 &#8220;s\u00e9rio e honesto&#8221;"},"content":{"rendered":"\n<figure class=\"wp-block-embed is-type-video is-provider-youtube wp-block-embed-youtube wp-embed-aspect-16-9 wp-has-aspect-ratio\"><div class=\"wp-block-embed__wrapper\">\n<iframe loading=\"lazy\" title=\"WILLIAMS APRESENTA FW44, CARRO PARA A TEMPORADA 2022 DA F1 | React\" width=\"500\" height=\"281\" src=\"https:\/\/www.youtube.com\/embed\/t6lisr1IeY4?feature=oembed\" frameborder=\"0\" allow=\"accelerometer; autoplay; clipboard-write; encrypted-media; gyroscope; picture-in-picture; web-share\" referrerpolicy=\"strict-origin-when-cross-origin\" allowfullscreen><\/iframe>\n<\/div><\/figure>\n\n\n\n<p class=\"wp-block-paragraph\">Pietro Fittipaldi teve um desempenho excelente na Corrida de Duplas, em Interlagos, conquistando um top-5 formando dupla com Tony Kanaan, pela Texaco Racing, em <strong><a href=\"https:\/\/www.grandepremio.com\/br\/stock-car\/noticias\/enzo-elias-aproveita-escorregada-de-albert-costa-e-vence-segunda-prova-da-corrida-de-duplas\/\">prova que teve a vit\u00f3ria de Enzo Elias<\/a><\/strong>, no \u00faltimo domingo (13).<\/p>\n\n\n\n<p class=\"wp-block-paragraph\">Durante o fim de semana de participa\u00e7\u00e3o como convidado na Stock Car, em S\u00e3o Paulo, Pietro falou, com exclusividade ao <strong>GRANDE PR\u00caMIO<\/strong>, sobre<strong><a href=\"https:\/\/www.grandepremio.com\/br\/f1\/noticias\/haas-mantem-pietro-fittipaldi-piloto-de-testes-reserva-formula-1-2022\/\"> a manuten\u00e7\u00e3o do acordo para ser piloto reserva da Haa<\/a><\/strong>s para a temporada 2022 da F\u00f3rmula 1. Ser\u00e1 o quarto ano do brasileiro junto ao time chefiado por Guenther Steiner.<\/p>\n\n\n\n<p class=\"wp-block-paragraph\"><strong>\u25b6\ufe0f&nbsp;Inscreva-se nos dois canais do GRANDE PR\u00caMIO no YouTube:&nbsp;<a href=\"https:\/\/www.youtube.com\/channel\/UC9OlHEgxoaY6QY6nWPoiqQg?sub_confirmation=1\" target=\"_blank\" rel=\"noreferrer noopener\">GP<\/a>&nbsp;|&nbsp;<a href=\"https:\/\/www.youtube.com\/channel\/UC9csiS6q_C3C0FYhyr1rnFA?sub_confirmation=1\" target=\"_blank\" rel=\"noreferrer noopener\">GP2<\/a><\/strong><\/p>\n\n\n\n<p class=\"wp-block-paragraph\">\u201cSigo como piloto reserva acompanhando todas as corridas, o sonho da F\u00f3rmula 1 ainda existe, o que a Haas tem me dado, eu sou super grato. Grato ao Guenther e a toda equipe, tenho aprendido muito. \u00c9 muito bom estar com eles\u201d, disse.<\/p>\n\n\n\n<p class=\"wp-block-paragraph\">Steiner, ali\u00e1s, \u00e9 um personagem que ganhou uma proje\u00e7\u00e3o muito grande por conta do seu lado c\u00f4mico exaltado pela s\u00e9rie Drive to Survive, exibida na Netflix. Pietro \u00e9 quem mais pode falar sobre como \u00e9 o chefe da Haas no dia a dia do paddock da F\u00f3rmula 1 e garante que n\u00e3o \u00e9 s\u00f3 o cara c\u00f4mico da produ\u00e7\u00e3o.<\/p>\n\n\n\n<figure class=\"wp-block-image size-large\"><img decoding=\"async\" src=\"https:\/\/www.grandepremio.com\/br\/wp-content\/uploads\/2021\/05\/guenther-steiner-1024x683.jpg\" alt=\"\" class=\"wp-image-472793\"\/><figcaption>Guenther Steiner ganhou proje\u00e7\u00e3o na s\u00e9rie Drive to Survive, da Netflix (Foto: Haas)<\/figcaption><\/figure>\n\n\n\n<p class=\"wp-block-paragraph\">\u201cEle \u00e9 assim (engra\u00e7ado) como vemos na s\u00e9rie, mas acho que DtS n\u00e3o mostra o lado mais s\u00e9rio dele, quando est\u00e1 focado. \u00c9 muito profissional, honesto nas coisas boas e ruins, sempre muito direto ao falar a verdade\u201d, seguiu.<\/p>\n\n\n\n<p class=\"wp-block-paragraph\">Sobre o carro da equipe para 2022, Pietro sabe tanto quanto o p\u00fablico viu dele <strong><a href=\"https:\/\/www.grandepremio.com\/br\/f1\/noticias\/haas-mantem-pintura-russa-abre-temporada-lancamentos-f1-vf-22\/\">no lan\u00e7amento da pintura que aconteceu no in\u00edcio de fevereiro<\/a><\/strong>, mas est\u00e1 feliz com o resultado aparente. \u201cGostei bastante do design que veio para este ano, por\u00e9m o carro em si eles est\u00e3o montando, n\u00e3o sei como ser\u00e1 ainda, s\u00f3 verei em Barcelona e a\u00ed que a gente vai ter ideia de como vai ser a asa, carenagem, assoalho\u201d, explicou.<\/p>\n\n\n\n<figure class=\"wp-block-image size-large\"><img decoding=\"async\" src=\"https:\/\/www.grandepremio.com\/br\/wp-content\/uploads\/2021\/12\/Pietro-Fittipaldi-1024x683.jpg\" alt=\"\" class=\"wp-image-531684\"\/><figcaption>Pietro Fittipaldi segue como reserva da Haas em 2022 (Foto: Haas)<\/figcaption><\/figure>\n\n\n\n<p class=\"wp-block-paragraph\">Por fim, Fittipaldi exaltou a parceria da dupla titular da Haas, Nikita Mazepin e Mick Schumacher, e contou qual sua fun\u00e7\u00e3o como piloto reserva. \u201c (Nossa rela\u00e7\u00e3o) \u00e9 muito boa. Eu fico de olho na telemetria durante as sess\u00f5es de treino, junto com o engenheiro de performance, fico olhando as refer\u00eancias de dados de um companheiro meu em rela\u00e7\u00e3o a outra equipe\u201d, contou.<\/p>\n\n\n\n<p class=\"wp-block-paragraph\">A pr\u00e9-temporada da temporada 2022 da F\u00f3rmula 1 come\u00e7a em Barcelona entre os dias 23 e 25 de fevereiro e no Bahrein entre 10 e 12 de mar\u00e7o.<\/p>\n","protected":false},"excerpt":{"rendered":"<p>Confirmado para a quarta temporada como reserva da Haas, Pietro Fittipaldi explicou as diferen\u00e7as de G\u00fcnther Steiner em rela\u00e7\u00e3o ao que &#8216;Drive to Survive&#8217; retrata e como ainda mant\u00e9m vivo sonho da F\u00f3rmula 1<\/p>\n","protected":false},"author":0,"featured_media":1000540926,"comment_status":"closed","ping_status":"closed","sticky":false,"template":"","format":"standard","meta":{"42wp_featured_image_caption":"","42wp_featured_image_credits":"","42wp_featured_video":"","42wp_featured_image_hidden":false,"42wp_authors_list":[],"footnotes":""},"categories":[2],"tags":[316,1256,119,1294,116,408],"42wp_author":[47128],"class_list":["post-114592","post","type-post","status-publish","format-standard","has-post-thumbnail","hentry","category-f1","tag-drive-to-survive","tag-gunther-steiner","tag-haas","tag-mick-schumacher","tag-nikita-mazepin","tag-pietro-fittipaldi","42wp_author-guilherme-bloisi"],"_links":{"self":[{"href":"https:\/\/grandepremio.com\/br\/wp-json\/wp\/v2\/posts\/114592","targetHints":{"allow":["GET"]}}],"collection":[{"href":"https:\/\/grandepremio.com\/br\/wp-json\/wp\/v2\/posts"}],"about":[{"href":"https:\/\/grandepremio.com\/br\/wp-json\/wp\/v2\/types\/post"}],"replies":[{"embeddable":true,"href":"https:\/\/grandepremio.com\/br\/wp-json\/wp\/v2\/comments?post=114592"}],"version-history":[{"count":0,"href":"https:\/\/grandepremio.com\/br\/wp-json\/wp\/v2\/posts\/114592\/revisions"}],"wp:featuredmedia":[{"embeddable":true,"href":"https:\/\/grandepremio.com\/br\/wp-json\/wp\/v2\/media\/1000540926"}],"wp:attachment":[{"href":"https:\/\/grandepremio.com\/br\/wp-json\/wp\/v2\/media?parent=114592"}],"wp:term":[{"taxonomy":"category","embeddable":true,"href":"https:\/\/grandepremio.com\/br\/wp-json\/wp\/v2\/categories?post=114592"},{"taxonomy":"post_tag","embeddable":true,"href":"https:\/\/grandepremio.com\/br\/wp-json\/wp\/v2\/tags?post=114592"},{"taxonomy":"42wp_author","embeddable":true,"href":"https:\/\/grandepremio.com\/br\/wp-json\/wp\/v2\/42wp_author?post=114592"}],"curies":[{"name":"wp","href":"https:\/\/api.w.org\/{rel}","templated":true}]}}