{"id":114607,"date":"2022-02-15T12:05:15","date_gmt":"2022-02-15T15:05:15","guid":{"rendered":"https:\/\/grandepremio.com\/br\/noticias\/indy-desiste-de-plano-para-permitir-jornada-dupla-no-texas-e-nas-12-horas-de-sebring\/"},"modified":"2022-02-15T12:14:12","modified_gmt":"2022-02-15T15:14:12","slug":"indy-desiste-de-plano-para-permitir-jornada-dupla-no-texas-e-nas-12-horas-de-sebring","status":"publish","type":"post","link":"https:\/\/grandepremio.com\/br\/indy\/indy-desiste-de-plano-para-permitir-jornada-dupla-no-texas-e-nas-12-horas-de-sebring\/","title":{"rendered":"Indy desiste de plano para permitir jornada dupla no Texas e nas 12 Horas de Sebring"},"content":{"rendered":"\n<figure class=\"wp-block-embed is-type-video is-provider-youtube wp-block-embed-youtube wp-embed-aspect-16-9 wp-has-aspect-ratio\"><div class=\"wp-block-embed__wrapper\">\n<iframe loading=\"lazy\" title=\"F\u00d3RMULA 1 CANSA DE BRINCAR DE SER ANTIRACISTA E PROTESTOS GEN\u00c9RICOS ACABAM\" width=\"500\" height=\"281\" src=\"https:\/\/www.youtube.com\/embed\/jtTRsPh0Z2k?feature=oembed\" frameborder=\"0\" allow=\"accelerometer; autoplay; clipboard-write; encrypted-media; gyroscope; picture-in-picture; web-share\" referrerpolicy=\"strict-origin-when-cross-origin\" allowfullscreen><\/iframe>\n<\/div><figcaption>F\u00d3RMULA 1 CANSA DE BRINCAR DE SER ANTIRACISTA E PROTESTOS GEN\u00c9RICOS ACABAM<\/figcaption><\/figure>\n\n\n\n<p class=\"wp-block-paragraph\">A Indy deve abandonar os planos de acomodar os pilotos que participar\u00e3o tamb\u00e9m das 12 Horas de Sebring, na Fl\u00f3rida, v\u00e1lida pela segunda etapa do IMSA \u2014 campeonato norte-americano de endurance. A ideia era aproveitar o GP do Texas marcada para o dia 20 de mar\u00e7o, no mesmo final de semana da etapa em Sebring \u2014 que ocorre no dia anterior \u2014, para permitir aos pilotos participarem da prova de endurance no s\u00e1bado e retomarem suas atividades pela Indy no domingo.<\/p>\n\n\n\n<p class=\"wp-block-paragraph\">No entanto, a Ganassi optou por cancelar seus planos para que seus pilotos da Indy fizessem dupla fun\u00e7\u00e3o em Sebring e Texas. Assim, apenas Helio Castroneves, da Meyer Shank \u2014 <a href=\"https:\/\/www.grandepremio.com\/br\/endurance\/noticias\/helio-castroneves-bate-cadillac-duelo-apertado-vence-24h-daytona-meyer-shank\/\" target=\"_blank\" rel=\"noreferrer noopener\">e vencedor da primeira etapa da temporada do IMSA, em Daytona<\/a> \u2014, e Kyle Kirkwoord, novato da AJ Foyt, foram considerados.<\/p>\n\n\n\n<figure class=\"wp-block-image size-large\"><img decoding=\"async\" src=\"https:\/\/www.grandepremio.com\/br\/wp-content\/uploads\/2021\/05\/OWard-5-1024x683.jpg\" alt=\"\" class=\"wp-image-470556\"\/><figcaption>Em 2021, Pato O&#8217;Ward conquistou sua primeira vit\u00f3ria na corrida 2 do Texas (Foto: Indycar)<\/figcaption><\/figure>\n\n\n\n<p class=\"wp-block-paragraph\"><strong>\u25b6\ufe0f\u00a0Inscreva-se nos dois canais do GRANDE PR\u00caMIO no YouTube:\u00a0<a href=\"https:\/\/www.youtube.com\/channel\/UC9OlHEgxoaY6QY6nWPoiqQg?sub_confirmation=1\" target=\"_blank\" rel=\"noreferrer noopener\">GP<\/a>\u00a0|\u00a0<a href=\"https:\/\/www.youtube.com\/channel\/UC9csiS6q_C3C0FYhyr1rnFA?sub_confirmation=1\" target=\"_blank\" rel=\"noreferrer noopener\">GP2<\/a><\/strong><\/p>\n\n\n\n<p class=\"wp-block-paragraph\">Desta forma, sem um n\u00famero significativo de pilotos para justificar o cronograma do Texas influenciado por Sebring, o portal RACER apurou que a Indy deve implementar um cronograma padr\u00e3o para o oval do Texas. No ano passado, foi justamente um piloto da Ganassi \u2014 Scott Dixon \u2014 que venceu a corrida 1 no oval do circuito texano. Na segunda disputa, foi a vez de Pato O&#8217;Ward levar a McLaren ao topo do p\u00f3dio \u2014 no primeiro de seus dois triunfos na Indy.<\/p>\n\n\n\n<p class=\"wp-block-paragraph\">O GP do Texas est\u00e1 marcado para o dia 20 de mar\u00e7o, no circuito oval do Texas Motor Speedway, pela segunda etapa da temporada de 2022. Antes, os pilotos fazem suas estreias em S\u00e3o Petersburgo, no dia 27 de fevereiro.<\/p>\n","protected":false},"excerpt":{"rendered":"<p>Ap\u00f3s desist\u00eancia da Ganassi de acumular disputas de IMSA e Indy no mesmo final de semana, categoria optou por abandonar miss\u00e3o de permitir jornada dupla no GP do Texas<\/p>\n","protected":false},"author":0,"featured_media":1000470585,"comment_status":"closed","ping_status":"closed","sticky":false,"template":"","format":"standard","meta":{"42wp_featured_image_caption":"","42wp_featured_image_credits":"","42wp_featured_video":"","42wp_featured_image_hidden":false,"42wp_authors_list":[],"footnotes":""},"categories":[3],"tags":[5887,1595,3920,267,705,93,2209,94,791,1782],"42wp_author":[47142],"class_list":["post-114607","post","type-post","status-publish","format-standard","has-post-thumbnail","hentry","category-indy","tag-12-horas-sebring","tag-ganassi","tag-gp-do-texas","tag-helio-castroneves","tag-imsa","tag-indy","tag-indy-2022","tag-indycar","tag-kyle-kirkwood","tag-meyer-shank","42wp_author-jp-nascimento"],"_links":{"self":[{"href":"https:\/\/grandepremio.com\/br\/wp-json\/wp\/v2\/posts\/114607","targetHints":{"allow":["GET"]}}],"collection":[{"href":"https:\/\/grandepremio.com\/br\/wp-json\/wp\/v2\/posts"}],"about":[{"href":"https:\/\/grandepremio.com\/br\/wp-json\/wp\/v2\/types\/post"}],"replies":[{"embeddable":true,"href":"https:\/\/grandepremio.com\/br\/wp-json\/wp\/v2\/comments?post=114607"}],"version-history":[{"count":0,"href":"https:\/\/grandepremio.com\/br\/wp-json\/wp\/v2\/posts\/114607\/revisions"}],"wp:featuredmedia":[{"embeddable":true,"href":"https:\/\/grandepremio.com\/br\/wp-json\/wp\/v2\/media\/1000470585"}],"wp:attachment":[{"href":"https:\/\/grandepremio.com\/br\/wp-json\/wp\/v2\/media?parent=114607"}],"wp:term":[{"taxonomy":"category","embeddable":true,"href":"https:\/\/grandepremio.com\/br\/wp-json\/wp\/v2\/categories?post=114607"},{"taxonomy":"post_tag","embeddable":true,"href":"https:\/\/grandepremio.com\/br\/wp-json\/wp\/v2\/tags?post=114607"},{"taxonomy":"42wp_author","embeddable":true,"href":"https:\/\/grandepremio.com\/br\/wp-json\/wp\/v2\/42wp_author?post=114607"}],"curies":[{"name":"wp","href":"https:\/\/api.w.org\/{rel}","templated":true}]}}