{"id":114617,"date":"2022-02-15T04:15:00","date_gmt":"2022-02-15T07:15:00","guid":{"rendered":"https:\/\/grandepremio.com\/br\/noticias\/alphatauri-questiona-eficacia-de-novas-regras-em-curvas-rapidas-ha-sempre-ar-sujo\/"},"modified":"2022-02-14T15:04:47","modified_gmt":"2022-02-14T18:04:47","slug":"alphatauri-questiona-eficacia-de-novas-regras-em-curvas-rapidas-ha-sempre-ar-sujo","status":"publish","type":"post","link":"https:\/\/grandepremio.com\/br\/f1\/alphatauri-questiona-eficacia-de-novas-regras-em-curvas-rapidas-ha-sempre-ar-sujo\/","title":{"rendered":"AlphaTauri questiona efic\u00e1cia de novas regras em curvas r\u00e1pidas: &#8220;H\u00e1 sempre ar sujo&#8221;"},"content":{"rendered":"\n<figure class=\"wp-block-embed is-type-video is-provider-youtube wp-block-embed-youtube wp-embed-aspect-16-9 wp-has-aspect-ratio\"><div class=\"wp-block-embed__wrapper\">\n<iframe loading=\"lazy\" title=\"F\u00d3RMULA 1 CANSA DE BRINCAR DE SER ANTIRACISTA E PROTESTOS GEN\u00c9RICOS ACABAM\" width=\"500\" height=\"281\" src=\"https:\/\/www.youtube.com\/embed\/jtTRsPh0Z2k?feature=oembed\" frameborder=\"0\" allow=\"accelerometer; autoplay; clipboard-write; encrypted-media; gyroscope; picture-in-picture; web-share\" referrerpolicy=\"strict-origin-when-cross-origin\" allowfullscreen><\/iframe>\n<\/div><figcaption>F\u00d3RMULA 1 CANSA DE BRINCAR DE SER ANTIRACISTA E PROTESTOS GEN\u00c9RICOS ACABAM<\/figcaption><\/figure>\n\n\n\n<p class=\"wp-block-paragraph\">A AlphaTauri liderou as novidades na manh\u00e3 desta segunda-feira (14) na F\u00f3rmula 1, ao enfim divulgar o AT03, carro que ser\u00e1 utilizado pela equipe na disputa da temporada 2022. E entre os assuntos abordados no evento de lan\u00e7amento, que contou com as presen\u00e7as dos pilotos titulares, Pierre Gasly e Yuki Tsunoda, e do chefe da equipe, Franz Tost, o dirigente falou um pouco sobre a parceria entre o time de F1 e a marca de roupas da Red Bull \u2014 que d\u00e1 nome \u00e0 escuderia.<\/p>\n\n\n\n<p class=\"wp-block-paragraph\">O ano de 2022 representar\u00e1 o terceiro em que a equipe atua sob o nome de AlphaTauri, linha de roupas produzidas pela marca associada \u00e0 Red Bull e que substituiu a alcunha de Toro Rosso, utilizada at\u00e9 2019. Tost tentou tra\u00e7ar um paralelo entre a ind\u00fastria da moda e a F\u00f3rmula 1, com o argumento de que em ambas, a luta pela tecnologia mais recente \u00e9 de suma import\u00e2ncia na competitividade.<\/p>\n\n\n\n<p class=\"wp-block-paragraph\">&#8220;Entramos agora em nosso terceiro ano como Scuderia AlphaTauri e continuamos a ter um excelente relacionamento com a AlphaTauri [marca de roupas], com quem trabalhamos de perto&#8221;, ressaltou. &#8220;Existem muitos paralelos entre moda e F\u00f3rmula 1, especialmente em pesquisa e desenvolvimento, e como trazer novas tecnologias. A AlphaTauri est\u00e1 trabalhando para encontrar novos materiais para poder inovar no setor da moda e \u00e9 o mesmo na F1&#8221;, pontuou.<\/p>\n\n\n\n<figure class=\"wp-block-image size-large\"><img decoding=\"async\" src=\"https:\/\/www.grandepremio.com\/br\/wp-content\/uploads\/2020\/05\/F1-2022-AlphaTauri3-1024x733.jpg\" alt=\"\" class=\"wp-image-541782\"\/><figcaption>O AT03 da AlphaTauri (Foto: Reprodu\u00e7\u00e3o)<\/figcaption><\/figure>\n\n\n\n<p class=\"wp-block-paragraph\">&#8220;Ambas as empresas est\u00e3o se esfor\u00e7ando muito para sempre trazer as tecnologias mais recentes para o mercado e fornecer os melhores materiais poss\u00edveis&#8221;, continuou Tost. &#8220;Claro, tamb\u00e9m existem algumas vantagens de trabalhar em estreita colabora\u00e7\u00e3o com uma marca de moda, os membros da nossa equipe est\u00e3o perfeitamente vestidos o tempo todo, dentro e fora da pista&#8221;, brincou.<\/p>\n\n\n\n<p class=\"wp-block-paragraph\">A F\u00f3rmula 1 vai passar por uma verdadeira revolu\u00e7\u00e3o em 2022 com o novo regulamento t\u00e9cnico, que prev\u00ea mudan\u00e7as na aerodin\u00e2mica dos carros para que os pilotos consigam se aproximar de forma mais f\u00e1cil do competidor que segue \u00e0 frente, al\u00e9m de ter uma possibilidade maior de perseguir o rival mais de perto \u2014 sem a temida turbul\u00eancia reclamada pelos pilotos at\u00e9 o ano passado.<\/p>\n\n\n\n<p class=\"wp-block-paragraph\">Tost admitiu que ainda n\u00e3o sabe como o carro da AlphaTauri vai se comportar na pista, j\u00e1 que os trabalhos t\u00eam sido feitos apenas no simulador, mas n\u00e3o descarta completamente a possibilidade de que uma das equipes saia \u00e0 frente das outras.<\/p>\n\n\n\n<div class=\"wp-block-image\"><figure class=\"aligncenter size-large\"><img decoding=\"async\" src=\"https:\/\/www.grandepremio.com\/br\/wp-content\/uploads\/2015\/05\/20155282127881_FotosToroRossoSainzJr_II.jpg\" alt=\"\" class=\"wp-image-257292\"\/><figcaption>Identidade visual da AlphaTauri foi parecida com a da Red Bull at\u00e9 2019, ainda sob alcunha de Toro Rosso (Foto: Red Bull Content Pool)<\/figcaption><\/figure><\/div>\n\n\n\n<p class=\"wp-block-paragraph\"><strong>\u25b6\ufe0f&nbsp;Inscreva-se nos dois canais do GRANDE PR\u00caMIO no YouTube:&nbsp;<a href=\"https:\/\/www.youtube.com\/channel\/UC9OlHEgxoaY6QY6nWPoiqQg?sub_confirmation=1\" target=\"_blank\" rel=\"noreferrer noopener\">GP<\/a>&nbsp;|&nbsp;<a href=\"https:\/\/www.youtube.com\/channel\/UC9csiS6q_C3C0FYhyr1rnFA?sub_confirmation=1\" target=\"_blank\" rel=\"noreferrer noopener\">GP2<\/a><\/strong><\/p>\n\n\n\n<p class=\"wp-block-paragraph\">&#8220;\u00c9 dif\u00edcil responder agora, porque o regulamento t\u00e9cnico completamente novo significa que todas as equipes tiveram que projetar esta nova gera\u00e7\u00e3o de carros do zero, a partir de um peda\u00e7o de papel em branco&#8221;, comentou. &#8220;Embora tudo esteja bastante restrito pelos regulamentos, \u00e9 poss\u00edvel que uma equipe tenha encontrado uma solu\u00e7\u00e3o muito especial e, portanto, tenha uma vantagem de desempenho&#8221;, reconheceu.<\/p>\n\n\n\n<p class=\"wp-block-paragraph\">&#8220;N\u00e3o \u00e9 f\u00e1cil estimar onde as equipes estar\u00e3o porque tudo \u00e9 novo, do lado mec\u00e2nico ao aerodin\u00e2mico, mas pessoalmente espero que os carros estejam mais pr\u00f3ximos&#8221;, torceu. &#8220;Realisticamente, s\u00f3 teremos uma ideia do desempenho da AlphaTauri ap\u00f3s os primeiros testes, e teremos que esperar at\u00e9 depois das primeiras duas ou tr\u00eas corridas para ter uma imagem melhor&#8221;, destacou.<\/p>\n\n\n\n<p class=\"wp-block-paragraph\">Em pergunta que se tornou comum antes dos testes de pr\u00e9-temporada para 2022 \u2014 quando efetivamente todos poder\u00e3o ver os carros da F1 na pista \u2014, Tost foi questionado se acredita que o novo regulamento cumprir\u00e1 seu prop\u00f3sito: fazer os carros se seguirem mais de perto.<\/p>\n\n\n\n<figure class=\"wp-block-image size-large\"><img decoding=\"async\" src=\"https:\/\/www.grandepremio.com\/br\/wp-content\/uploads\/2021\/09\/SI202107150917_news-1024x683.jpg\" alt=\"PIERRE GASLY; YUKI TSUNODA; F\u00d3RMULA 1; ALPHATAURI;\" class=\"wp-image-506481\"\/><figcaption> Dupla entre Pierre Gasly e Yuki Tsunoda est\u00e1 confirmada na AlphaTauri para 2022 (Foto: Peter Fox\/Getty Images\/Red Bull Content Pool)<\/figcaption><\/figure>\n\n\n\n<p class=\"wp-block-paragraph\">&#8220;Acho que nas curvas de baixa e m\u00e9dia velocidade, os carros estar\u00e3o mais pr\u00f3ximos&#8221;, reconheceu. &#8220;Tenho algumas d\u00favidas para as de alta velocidade, porque com estes carros largos e os pneus grandes, h\u00e1 sempre um pouco de ar sujo atr\u00e1s deles. Portanto, n\u00e3o tenho certeza de que ser\u00e1 t\u00e3o f\u00e1cil de seguir. Vamos esperar e ver depois do primeiro teste&#8221;, apontou.<\/p>\n\n\n\n<p class=\"wp-block-paragraph\">Por fim, tanto Red Bull quanto AlphaTauri v\u00e3o lidar em 2022 com a sa\u00edda da Honda da F\u00f3rmula 1, em a\u00e7\u00e3o anunciada desde o ano passado. A montadora japonesa ainda auxilia as equipes em rela\u00e7\u00e3o \u00e0 nova unidade de pot\u00eancia, mas n\u00e3o possui mais atribui\u00e7\u00f5es de fornecimento e se prepara para passar a tecnologia para a Red Bull Powertrains \u2014 divis\u00e3o do time austr\u00edaco que ficar\u00e1 respons\u00e1vel pela produ\u00e7\u00e3o a partir do ano que vem.<\/p>\n\n\n\n<p class=\"wp-block-paragraph\">No entanto, Tost n\u00e3o espera uma grande diferen\u00e7a de um ano para o outro, j\u00e1 que as especifica\u00e7\u00f5es do motor continuam as mesmas. A grande novidade ser\u00e1 o novo combust\u00edvel da F1, que causou algumas mudan\u00e7as no percurso \u2014 <a href=\"https:\/\/www.grandepremio.com\/br\/f1\/noticias\/red-bull-busca-solucao-para-perda-de-potencia-causada-por-novo-combustivel-da-f1\/\" target=\"_blank\" rel=\"noreferrer noopener\">algo que j\u00e1 havia sido adiantado pelo consultor-esportivo da Red Bull, Helmut Marko<\/a>.<\/p>\n\n\n\n<p class=\"wp-block-paragraph\">&#8220;N\u00e3o espero grandes mudan\u00e7as. Espero que o desempenho seja t\u00e3o bom quanto no ano passado, pois a Honda fez um trabalho fant\u00e1stico l\u00e1&#8221;, ressaltou. &#8220;A maior mudan\u00e7a \u00e9 o combust\u00edvel utilizado pela Unidade de Pot\u00eancia, que a partir deste ano v\u00ea a raz\u00e3o de biocomponentes aumentar para 10%. Isso exigiu algum tempo de investiga\u00e7\u00e3o e algumas modifica\u00e7\u00f5es na unidade de pot\u00eancia, e espero que o n\u00edvel de desempenho seja o mesmo, para ter um motor t\u00e3o poderoso quanto tivemos no ano passado da Honda&#8221;, encerrou.<\/p>\n","protected":false},"excerpt":{"rendered":"<p>Chefe da AlphaTauri, Franz Tost abordou parceria com marca de roupas e admitiu que ainda possui d\u00favidas sobre o funcionamento do novo regulamento t\u00e9cnico da F\u00f3rmula 1, que entra em vigor em 2022<\/p>\n","protected":false},"author":0,"featured_media":1000506486,"comment_status":"closed","ping_status":"closed","sticky":false,"template":"","format":"standard","meta":{"42wp_featured_image_caption":"","42wp_featured_image_credits":"","42wp_featured_video":"","42wp_featured_image_hidden":false,"42wp_authors_list":[],"footnotes":""},"categories":[2],"tags":[524,147,156,1357,24837,525,24836,28285,676,597],"42wp_author":[47142],"class_list":["post-114617","post","type-post","status-publish","format-standard","has-post-thumbnail","hentry","category-f1","tag-alphatauri","tag-f1","tag-f1-2021","tag-f1-2022","tag-formula-1-2","tag-franz-tost","tag-grande-premio-2","tag-grandepremio","tag-pierre-gasly","tag-yuki-tsunoda","42wp_author-jp-nascimento"],"_links":{"self":[{"href":"https:\/\/grandepremio.com\/br\/wp-json\/wp\/v2\/posts\/114617","targetHints":{"allow":["GET"]}}],"collection":[{"href":"https:\/\/grandepremio.com\/br\/wp-json\/wp\/v2\/posts"}],"about":[{"href":"https:\/\/grandepremio.com\/br\/wp-json\/wp\/v2\/types\/post"}],"replies":[{"embeddable":true,"href":"https:\/\/grandepremio.com\/br\/wp-json\/wp\/v2\/comments?post=114617"}],"version-history":[{"count":0,"href":"https:\/\/grandepremio.com\/br\/wp-json\/wp\/v2\/posts\/114617\/revisions"}],"wp:featuredmedia":[{"embeddable":true,"href":"https:\/\/grandepremio.com\/br\/wp-json\/wp\/v2\/media\/1000506486"}],"wp:attachment":[{"href":"https:\/\/grandepremio.com\/br\/wp-json\/wp\/v2\/media?parent=114617"}],"wp:term":[{"taxonomy":"category","embeddable":true,"href":"https:\/\/grandepremio.com\/br\/wp-json\/wp\/v2\/categories?post=114617"},{"taxonomy":"post_tag","embeddable":true,"href":"https:\/\/grandepremio.com\/br\/wp-json\/wp\/v2\/tags?post=114617"},{"taxonomy":"42wp_author","embeddable":true,"href":"https:\/\/grandepremio.com\/br\/wp-json\/wp\/v2\/42wp_author?post=114617"}],"curies":[{"name":"wp","href":"https:\/\/api.w.org\/{rel}","templated":true}]}}