{"id":114627,"date":"2022-02-14T12:23:05","date_gmt":"2022-02-14T15:23:05","guid":{"rendered":"https:\/\/grandepremio.com\/br\/noticias\/williams-anuncia-duracell-como-nova-patrocinadora-em-acordo-plurianual\/"},"modified":"2022-02-14T12:31:25","modified_gmt":"2022-02-14T15:31:25","slug":"williams-anuncia-duracell-como-nova-patrocinadora-em-acordo-plurianual","status":"publish","type":"post","link":"https:\/\/grandepremio.com\/br\/f1\/williams-anuncia-duracell-como-nova-patrocinadora-em-acordo-plurianual\/","title":{"rendered":"Williams anuncia Duracell como nova patrocinadora em acordo plurianual"},"content":{"rendered":"\n<figure class=\"wp-block-embed is-type-video is-provider-youtube wp-block-embed-youtube wp-embed-aspect-16-9 wp-has-aspect-ratio\"><div class=\"wp-block-embed__wrapper\">\n<iframe loading=\"lazy\" title=\"F\u00d3RMULA 1 CANSA DE BRINCAR DE SER ANTIRACISTA E PROTESTOS GEN\u00c9RICOS ACABAM\" width=\"500\" height=\"281\" src=\"https:\/\/www.youtube.com\/embed\/jtTRsPh0Z2k?feature=oembed\" frameborder=\"0\" allow=\"accelerometer; autoplay; clipboard-write; encrypted-media; gyroscope; picture-in-picture; web-share\" referrerpolicy=\"strict-origin-when-cross-origin\" allowfullscreen><\/iframe>\n<\/div><figcaption>F\u00d3RMULA 1 CANSA DE BRINCAR DE SER ANTIRACISTA E PROTESTOS GEN\u00c9RICOS ACABAM<\/figcaption><\/figure>\n\n\n\n<p class=\"wp-block-paragraph\">A Williams anunciou na manh\u00e3 desta segunda-feira (14) que fechou contrato com a Duracell para patrocinar o carro e os trajes da equipe, em acordo que n\u00e3o teve o tempo do v\u00ednculo divulgado. As empresas planejam um novo comercial de televis\u00e3o em parceria, al\u00e9m de a\u00e7\u00f5es publicit\u00e1rias ao longo da temporada \u2014 come\u00e7ando pelo GP de Miami, em maio.<\/p>\n\n\n\n<p class=\"wp-block-paragraph\">Ainda n\u00e3o ficou claro se as cores da marca de pilhas v\u00e3o fazer parte do carro da Williams, que em celebra\u00e7\u00e3o \u00e0 parceria, divulgou apenas uma parte do carro \u2014 preta e azul \u2014 com o nome da Duracell estampado no chassi.<\/p>\n\n\n\n<p class=\"wp-block-paragraph\"><strong>\u25b6\ufe0f&nbsp;Inscreva-se nos dois canais do GRANDE PR\u00caMIO no YouTube:&nbsp;<a href=\"https:\/\/www.youtube.com\/channel\/UC9OlHEgxoaY6QY6nWPoiqQg?sub_confirmation=1\" target=\"_blank\" rel=\"noreferrer noopener\">GP<\/a>&nbsp;|&nbsp;<a href=\"https:\/\/www.youtube.com\/channel\/UC9csiS6q_C3C0FYhyr1rnFA?sub_confirmation=1\" target=\"_blank\" rel=\"noreferrer noopener\">GP2<\/a><\/strong><\/p>\n\n\n\n<figure class=\"wp-block-embed aligncenter is-type-rich is-provider-twitter wp-block-embed-twitter\"><div class=\"wp-block-embed__wrapper\">\n<blockquote class=\"twitter-tweet\" data-width=\"500\" data-dnt=\"true\"><p lang=\"en\" dir=\"ltr\">We are pleased to announce a new, multi-year partnership with <a href=\"https:\/\/x.com\/Duracell?ref_src=twsrc%5Etfw\">@Duracell<\/a>! \ud83e\udd1d<br><br>New livery teaser, anyone? \ud83d\udc40<\/p>&mdash; Atlassian Williams F1 Team (@WilliamsF1) <a href=\"https:\/\/x.com\/WilliamsF1\/status\/1493224978724147210?ref_src=twsrc%5Etfw\">February 14, 2022<\/a><\/blockquote><script async src=\"https:\/\/platform.x.com\/widgets.js\" charset=\"utf-8\"><\/script>\n<\/div><\/figure>\n\n\n\n<p class=\"wp-block-paragraph\">O chefe da Williams, Jost Capito, fez at\u00e9 mesmo uma brincadeira com o nome do novo patrocinador \u2014 revelando que era um de seus apelidos \u2014 e declarou &#8220;orgulho&#8221; em conseguir fechar com sucesso a parceria.<\/p>\n\n\n\n<p class=\"wp-block-paragraph\">&#8220;Eu estou t\u00e3o orgulhoso dessa parceria entre Williams e Duracell, e estou grato pela confian\u00e7a que eles depositaram em n\u00f3s&#8221;, disse. &#8220;Ter o nome deles na lateral do carro \u00e9 um momento especial para mim, j\u00e1 que meu apelido nos \u00faltimos 30 anos tem sido Duracell \u2014 porque eu nunca fico sem energia. Estou muito ansioso para come\u00e7armos a trabalhar juntos&#8221;, ressaltou.<\/p>\n\n\n\n<figure class=\"wp-block-image size-large\"><img decoding=\"async\" src=\"https:\/\/www.grandepremio.com\/br\/wp-content\/uploads\/2021\/12\/williams-nicholaslatifi-03-1024x683.jpg\" alt=\"\" class=\"wp-image-532132\"\/><figcaption>Williams anunciou acordo com Duracell na v\u00e9spera do lan\u00e7amento do carro de 2022 (Foto: Williams)<\/figcaption><\/figure>\n\n\n\n<p class=\"wp-block-paragraph\">Enquanto a Liberty Media segue tentando fazer com que a F\u00f3rmula 1 entre de vez no mercado norte-americano, esta \u00e9 a segunda parceria que se forma recentemente entre uma empresa dos Estados Unidos e uma das equipes da categoria. <a href=\"https:\/\/www.grandepremio.com\/br\/f1\/noticias\/oracle-aumenta-parceria-red-bull-promete-contribuir-bilhoes-simulacoes\/\" target=\"_blank\" rel=\"noreferrer noopener\">A Oracle, multinacional de tecnologia, tamb\u00e9m fechou acordo com a Red Bull para os pr\u00f3ximos anos<\/a> \u2014 esta como &#8216;title sponsor&#8217;, algo como patrocinador principal.<\/p>\n\n\n\n<p class=\"wp-block-paragraph\">&#8220;Estamos imensamente orgulhosos de sermos parceiros de uma marca reconhecida globalmente como a Duracell&#8221;, destacou James Bower, diretor-comercial da Williams. &#8220;Nosso an\u00fancio atesta todo o trabalho duro que o time teve em 2021, como desenvolvemos nossas propostas comerciais e o crescimento do esporte, particularmente na Am\u00e9rica do Norte&#8221;, encerrou.<\/p>\n","protected":false},"excerpt":{"rendered":"<p>Williams fecha parceria com Duracell para estampar marca da empresa norte-americana de pilhas a partir da temporada 2022 da F\u00f3rmula 1. Novo carro da equipe ser\u00e1 lan\u00e7ado nesta ter\u00e7a-feira<\/p>\n","protected":false},"author":0,"featured_media":1000541859,"comment_status":"closed","ping_status":"closed","sticky":false,"template":"","format":"standard","meta":{"42wp_featured_image_caption":"","42wp_featured_image_credits":"","42wp_featured_video":"","42wp_featured_image_hidden":false,"42wp_authors_list":[],"footnotes":""},"categories":[2],"tags":[654,147,156,1357,24837,24836,28285,14195,801,215],"42wp_author":[47142],"class_list":["post-114627","post","type-post","status-publish","format-standard","has-post-thumbnail","hentry","category-f1","tag-alexander-albon","tag-f1","tag-f1-2021","tag-f1-2022","tag-formula-1-2","tag-grande-premio-2","tag-grandepremio","tag-jost-capito","tag-nicholas-latifi","tag-williams","42wp_author-jp-nascimento"],"_links":{"self":[{"href":"https:\/\/grandepremio.com\/br\/wp-json\/wp\/v2\/posts\/114627","targetHints":{"allow":["GET"]}}],"collection":[{"href":"https:\/\/grandepremio.com\/br\/wp-json\/wp\/v2\/posts"}],"about":[{"href":"https:\/\/grandepremio.com\/br\/wp-json\/wp\/v2\/types\/post"}],"replies":[{"embeddable":true,"href":"https:\/\/grandepremio.com\/br\/wp-json\/wp\/v2\/comments?post=114627"}],"version-history":[{"count":0,"href":"https:\/\/grandepremio.com\/br\/wp-json\/wp\/v2\/posts\/114627\/revisions"}],"wp:featuredmedia":[{"embeddable":true,"href":"https:\/\/grandepremio.com\/br\/wp-json\/wp\/v2\/media\/1000541859"}],"wp:attachment":[{"href":"https:\/\/grandepremio.com\/br\/wp-json\/wp\/v2\/media?parent=114627"}],"wp:term":[{"taxonomy":"category","embeddable":true,"href":"https:\/\/grandepremio.com\/br\/wp-json\/wp\/v2\/categories?post=114627"},{"taxonomy":"post_tag","embeddable":true,"href":"https:\/\/grandepremio.com\/br\/wp-json\/wp\/v2\/tags?post=114627"},{"taxonomy":"42wp_author","embeddable":true,"href":"https:\/\/grandepremio.com\/br\/wp-json\/wp\/v2\/42wp_author?post=114627"}],"curies":[{"name":"wp","href":"https:\/\/api.w.org\/{rel}","templated":true}]}}