{"id":114631,"date":"2022-02-14T10:42:34","date_gmt":"2022-02-14T13:42:34","guid":{"rendered":"https:\/\/grandepremio.com\/br\/noticias\/caio-collet-renova-mp-motorsport-segue-grid-formula-3-2022\/"},"modified":"2022-02-14T10:43:59","modified_gmt":"2022-02-14T13:43:59","slug":"caio-collet-renova-mp-motorsport-segue-grid-formula-3-2022","status":"publish","type":"post","link":"https:\/\/grandepremio.com\/br\/f3\/caio-collet-renova-mp-motorsport-segue-grid-formula-3-2022\/","title":{"rendered":"Collet renova com MP Motorsport e segue no grid da F\u00f3rmula 3 em 2022"},"content":{"rendered":"\n<figure class=\"wp-block-embed is-type-video is-provider-youtube wp-block-embed-youtube wp-embed-aspect-16-9 wp-has-aspect-ratio\"><div class=\"wp-block-embed__wrapper\">\n<iframe loading=\"lazy\" title=\"ALPHATAURI APRESENTA AT03 PARA TEMPORADA 2022 DA F1 | React\" width=\"500\" height=\"281\" src=\"https:\/\/www.youtube.com\/embed\/r8UxrfqKV34?start=1480&amp;feature=oembed\" frameborder=\"0\" allow=\"accelerometer; autoplay; clipboard-write; encrypted-media; gyroscope; picture-in-picture; web-share\" referrerpolicy=\"strict-origin-when-cross-origin\" allowfullscreen><\/iframe>\n<\/div><figcaption>ALPHATAURI APRESENTA AT03 PARA TEMPORADA 2022 DA F1 | React<\/figcaption><\/figure>\n\n\n\n<p class=\"wp-block-paragraph\">Caio Collet seguir\u00e1 na F\u00f3rmula 3 em 2022. O piloto brasileiro teve a renova\u00e7\u00e3o de contrato com a equipe MP Motorsport anunciada nesta segunda-feira (14).<a href=\"https:\/\/www.grandepremio.com\/br\/f3\/noticias\/caio-collet-confirma-permanencia-academia-alpine-foca-titulo-f3-2022\/\"> Ele tamb\u00e9m seguir\u00e1 na academia de jovens da Alpine por mais uma temporada, conforme contou ao <strong>GRANDE PR\u00caMIO <\/strong>em novembro.<\/a><\/p>\n\n\n\n<p class=\"wp-block-paragraph\">Aos 19 anos, Collet terminou a temporada 2021 da F\u00f3rmula 3 com a nona coloca\u00e7\u00e3o no Campeonato de Pilotos, com 93 pontos somados. Seus destaques foram os p\u00f3dios conquistados na corrida 1 de Barcelona e na corrida 3 de Paul Ricard, ambos na terceira posi\u00e7\u00e3o.<\/p>\n\n\n\n<p class=\"wp-block-paragraph\">&#8220;Estou muito feliz de seguir na F\u00f3rmula 3 com a MP Motorsport e o apoio da academia Alpine. Fomos fortes em 2021, e isso enfrentando v\u00e1rios pilotos talentosos em um campeonato imensamente competitivo. Com o conhecimento que adquiri na primeira temporada, estou focado em melhorar os resultados do ano passado, e ansioso para correr novamente na atmosfera especial dos finais de semana de GP, na frente das equipes de F\u00f3rmula 1&#8221;, comentou o paulistano.<\/p>\n\n\n\n<p class=\"wp-block-paragraph\">\u25b6\ufe0f\u00a0<strong>Inscreva-se nos dois canais do GRANDE PR\u00caMIO no YouTube:<\/strong>\u00a0<a href=\"https:\/\/www.youtube.com\/channel\/UC9OlHEgxoaY6QY6nWPoiqQg?sub_confirmation=1\">GP<\/a>\u00a0|\u00a0<a href=\"https:\/\/www.youtube.com\/channel\/UC9csiS6q_C3C0FYhyr1rnFA?sub_confirmation=1\">GP2<\/a><\/p>\n\n\n\n<figure class=\"wp-block-image size-large\"><img decoding=\"async\" src=\"https:\/\/www.grandepremio.com\/br\/wp-content\/uploads\/2021\/11\/Collet-1024x683.jpeg\" alt=\"\" class=\"wp-image-521249\"\/><figcaption>Caio Collet teve ano de aprendizado na F3 (Foto: F3\/Twitter)<\/figcaption><\/figure>\n\n\n\n<p class=\"wp-block-paragraph\">Al\u00e9m de Collet, a MP Motorsport tamb\u00e9m ter\u00e1 o russo Alexander Smolyar em seu elenco. O piloto deixou a ART Grand Prix ap\u00f3s duas temporadas. O nome que completa o trio ainda ser\u00e1 anunciado.<\/p>\n\n\n\n<p class=\"wp-block-paragraph\">&#8220;O Caio ficar conosco pelo segundo ano \u00e9 um grande an\u00fancio. No ano passado, com tr\u00eas novatos, Caio foi um deles e mostramos que est\u00e1vamos no ritmo com os melhores do campeonato, e levamos para casa muitos pontos para conquistar o quarto lugar no Campeonato de Equipes&#8221;, declarou o chefe de equipe Sander Dorsman.<\/p>\n\n\n\n<p class=\"wp-block-paragraph\">A temporada da F\u00f3rmula 3 tem in\u00edcio nos dias 19 e 20 de mar\u00e7o com a rodada dupla do Bahrein. O calend\u00e1rio \u00e9 formado por nove etapas e termina na It\u00e1lia, em setembro.<\/p>\n","protected":false},"excerpt":{"rendered":"<p>Ap\u00f3s terminar 2021 no top-10, Caio Collet renovou com MP Motorsport para mais uma temporada na F\u00f3rmula 3. Piloto tamb\u00e9m segue no programa de jovens pilotos da Alpine<\/p>\n","protected":false},"author":0,"featured_media":1000541838,"comment_status":"closed","ping_status":"closed","sticky":false,"template":"","format":"standard","meta":{"42wp_featured_image_caption":"","42wp_featured_image_credits":"","42wp_featured_video":"","42wp_featured_image_hidden":false,"42wp_authors_list":[],"footnotes":""},"categories":[10],"tags":[20491,448,1008,29657,24945,1306],"42wp_author":[47119],"class_list":["post-114631","post","type-post","status-publish","format-standard","has-post-thumbnail","hentry","category-f3","tag-alpine","tag-caio-collet","tag-f3","tag-f3-2022","tag-formula-3-2","tag-mp-motorsport","42wp_author-gabriel-carvalho"],"_links":{"self":[{"href":"https:\/\/grandepremio.com\/br\/wp-json\/wp\/v2\/posts\/114631","targetHints":{"allow":["GET"]}}],"collection":[{"href":"https:\/\/grandepremio.com\/br\/wp-json\/wp\/v2\/posts"}],"about":[{"href":"https:\/\/grandepremio.com\/br\/wp-json\/wp\/v2\/types\/post"}],"replies":[{"embeddable":true,"href":"https:\/\/grandepremio.com\/br\/wp-json\/wp\/v2\/comments?post=114631"}],"version-history":[{"count":0,"href":"https:\/\/grandepremio.com\/br\/wp-json\/wp\/v2\/posts\/114631\/revisions"}],"wp:featuredmedia":[{"embeddable":true,"href":"https:\/\/grandepremio.com\/br\/wp-json\/wp\/v2\/media\/1000541838"}],"wp:attachment":[{"href":"https:\/\/grandepremio.com\/br\/wp-json\/wp\/v2\/media?parent=114631"}],"wp:term":[{"taxonomy":"category","embeddable":true,"href":"https:\/\/grandepremio.com\/br\/wp-json\/wp\/v2\/categories?post=114631"},{"taxonomy":"post_tag","embeddable":true,"href":"https:\/\/grandepremio.com\/br\/wp-json\/wp\/v2\/tags?post=114631"},{"taxonomy":"42wp_author","embeddable":true,"href":"https:\/\/grandepremio.com\/br\/wp-json\/wp\/v2\/42wp_author?post=114631"}],"curies":[{"name":"wp","href":"https:\/\/api.w.org\/{rel}","templated":true}]}}