{"id":114646,"date":"2022-02-13T16:47:00","date_gmt":"2022-02-13T19:47:00","guid":{"rendered":"https:\/\/grandepremio.com\/br\/noticias\/enzo-elias-parceria-fundamental-com-galid-osman-para-vitoria-corrida-2-em-interlagos\/"},"modified":"2022-02-13T16:47:40","modified_gmt":"2022-02-13T19:47:40","slug":"enzo-elias-parceria-fundamental-com-galid-osman-para-vitoria-corrida-2-em-interlagos","status":"publish","type":"post","link":"https:\/\/grandepremio.com\/br\/stock-car\/enzo-elias-parceria-fundamental-com-galid-osman-para-vitoria-corrida-2-em-interlagos\/","title":{"rendered":"Elias destaca parceria fundamental com Osman para vit\u00f3ria na Corrida 2 em Interlagos"},"content":{"rendered":"\n<p class=\"wp-block-paragraph\">Enzo Elias era s\u00f3 sorrisos <strong><a href=\"https:\/\/www.grandepremio.com\/br\/stock-car\/noticias\/enzo-elias-aproveita-escorregada-de-albert-costa-e-vence-segunda-prova-da-corrida-de-duplas\/\">ap\u00f3s vencer a corrida 2<\/a><\/strong> da abertura da temporada 2022 da Stock Car em Interlagos neste domingo (13). Foi um triunfo consistente do garoto formado na Porsche Cup, com pouco mais de 4s de vantagem para o segundo colocado, Albert Costa, na prova dos convidados da Corrida de Duplas.<\/p>\n\n\n\n<p class=\"wp-block-paragraph\">Ao <strong>GRANDE PR\u00caMIO<\/strong>, o parceiro de Galid Osman na Pole Motorsport elogiou muito o companheiro, que entregou o carro em condi\u00e7\u00f5es ideais para conquistar a vit\u00f3ria. \u201cJamais poderia dizer que ganhei essa corrida sozinho, ele me entregou o carro em perfeitas condi\u00e7\u00f5es, muito do m\u00e9rito e do desenvolvimento \u00e9 dele, foi fundamental\u201d, explicou.<\/p>\n\n\n\n<p class=\"wp-block-paragraph\"><strong>\u25b6\ufe0f&nbsp;Inscreva-se nos dois canais do GRANDE PR\u00caMIO no YouTube:&nbsp;<a href=\"https:\/\/www.youtube.com\/channel\/UC9OlHEgxoaY6QY6nWPoiqQg?sub_confirmation=1\" target=\"_blank\" rel=\"noreferrer noopener\">GP<\/a>&nbsp;|&nbsp;<a href=\"https:\/\/www.youtube.com\/channel\/UC9csiS6q_C3C0FYhyr1rnFA?sub_confirmation=1\" target=\"_blank\" rel=\"noreferrer noopener\">GP2<\/a><\/strong><\/p>\n\n\n\n<p class=\"wp-block-paragraph\">O momento crucial aconteceu na segunda metade da prova, quando Costa demorou muito para sair do pit-stop e ainda escorregou na grama na sa\u00edda dos boxes. Elias n\u00e3o teve nada com isso e tomou a ponta. E n\u00e3o deixou de elogiar o trabalho de sua equipe.<\/p>\n\n\n\n<figure class=\"wp-block-image size-large\"><img decoding=\"async\" src=\"https:\/\/www.grandepremio.com\/br\/wp-content\/uploads\/2022\/02\/WhatsApp-Image-2022-02-13-at-16.03.10-1024x682.jpeg\" alt=\"\" class=\"wp-image-541680\"\/><figcaption>Enzo Elias celebra com a Pole Motorsport vit\u00f3ria em Interlagos (Foto: Duda Bairros)<\/figcaption><\/figure>\n\n\n\n<p class=\"wp-block-paragraph\">\u201cA equipe est\u00e1 de parab\u00e9ns pelo pit-stop, t\u00ednhamos o ritmo e, a partir da\u00ed, foi s\u00f3 administrar. S\u00f3 tinha dois pushes, n\u00e3o podia gastar, por isso, abrimos uma boa vantagem do resto\u201d, disse.<\/p>\n\n\n\n<p class=\"wp-block-paragraph\">A vit\u00f3ria mostrou um trabalho longo, de um fim de semana que come\u00e7a na sexta-feira. Foi ali que Elias sentiu que havia a possibilidade de fazer uma grande prova. \u201cConsegui me adaptar muito r\u00e1pido, foi um passo necess\u00e1rio para trabalhar mais no carro do que na pilotagem. Mostrei velocidade, ent\u00e3o, sabia que tinha o que precisava para desempenhar na corrida\u201d, concluiu.<\/p>\n\n\n\n<p class=\"wp-block-paragraph\">A Stock Car volta em mar\u00e7o para a segunda etapa da temporada, em Goi\u00e2nia. <\/p>\n\n\n\n<p class=\"wp-block-paragraph\">O <strong>GRANDE PR\u00caMIO<\/strong> acompanha, in loco, o fim de semana de abertura da temporada 2022 da Stock Car na Corrida de Duplas, em Interlagos, com Guilherme Bloisi e Ana Paula Cerveira.<\/p>\n\n\n\n<p class=\"wp-block-paragraph\">Acesse as vers\u00f5es em&nbsp;<a href=\"https:\/\/es.grandepremio.com\/\">espanhol<\/a>&nbsp;e&nbsp;<a href=\"https:\/\/grandepremio.pt\/\">portugu\u00eas-PT<\/a>&nbsp;do&nbsp;<strong>GRANDE PR\u00caMIO<\/strong>, al\u00e9m dos parceiros&nbsp;<a href=\"https:\/\/nossopalestra.com.br\/\">Nosso Palestra<\/a>&nbsp;e&nbsp;<a href=\"https:\/\/teleguiado.com\/\">Teleguiado<\/a>.<\/p>\n","protected":false},"excerpt":{"rendered":"<p>Parceria da dupla pela Pole Motorsport foi fundamental para triunfo do jovem na corrida dos convidados na abertura da temporada 2022 da Stock Car<\/p>\n","protected":false},"author":0,"featured_media":1000541681,"comment_status":"closed","ping_status":"closed","sticky":false,"template":"","format":"standard","meta":{"42wp_featured_image_caption":"","42wp_featured_image_credits":"","42wp_featured_video":"","42wp_featured_image_hidden":false,"42wp_authors_list":[],"footnotes":""},"categories":[11],"tags":[1458,498,124,29663],"42wp_author":[47128],"class_list":["post-114646","post","type-post","status-publish","format-standard","has-post-thumbnail","hentry","category-stock-car","tag-enzo-elias","tag-galid-osman","tag-interlagos","tag-stock-car-2022","42wp_author-guilherme-bloisi"],"_links":{"self":[{"href":"https:\/\/grandepremio.com\/br\/wp-json\/wp\/v2\/posts\/114646","targetHints":{"allow":["GET"]}}],"collection":[{"href":"https:\/\/grandepremio.com\/br\/wp-json\/wp\/v2\/posts"}],"about":[{"href":"https:\/\/grandepremio.com\/br\/wp-json\/wp\/v2\/types\/post"}],"replies":[{"embeddable":true,"href":"https:\/\/grandepremio.com\/br\/wp-json\/wp\/v2\/comments?post=114646"}],"version-history":[{"count":0,"href":"https:\/\/grandepremio.com\/br\/wp-json\/wp\/v2\/posts\/114646\/revisions"}],"wp:featuredmedia":[{"embeddable":true,"href":"https:\/\/grandepremio.com\/br\/wp-json\/wp\/v2\/media\/1000541681"}],"wp:attachment":[{"href":"https:\/\/grandepremio.com\/br\/wp-json\/wp\/v2\/media?parent=114646"}],"wp:term":[{"taxonomy":"category","embeddable":true,"href":"https:\/\/grandepremio.com\/br\/wp-json\/wp\/v2\/categories?post=114646"},{"taxonomy":"post_tag","embeddable":true,"href":"https:\/\/grandepremio.com\/br\/wp-json\/wp\/v2\/tags?post=114646"},{"taxonomy":"42wp_author","embeddable":true,"href":"https:\/\/grandepremio.com\/br\/wp-json\/wp\/v2\/42wp_author?post=114646"}],"curies":[{"name":"wp","href":"https:\/\/api.w.org\/{rel}","templated":true}]}}