{"id":114654,"date":"2022-02-13T13:03:39","date_gmt":"2022-02-13T16:03:39","guid":{"rendered":"https:\/\/grandepremio.com\/br\/noticias\/fraga-lamenta-lastro-e-pouco-contato-com-carro-na-corrida-de-duplas-em-interlagos\/"},"modified":"2022-02-13T13:03:47","modified_gmt":"2022-02-13T16:03:47","slug":"fraga-lamenta-lastro-e-pouco-contato-com-carro-na-corrida-de-duplas-em-interlagos","status":"publish","type":"post","link":"https:\/\/grandepremio.com\/br\/stock-car\/fraga-lamenta-lastro-e-pouco-contato-com-carro-na-corrida-de-duplas-em-interlagos\/","title":{"rendered":"Fraga lamenta lastro e pouco contato com carro na Corrida de Duplas em Interlagos"},"content":{"rendered":"\n<figure class=\"wp-block-embed is-type-video is-provider-youtube wp-block-embed-youtube wp-embed-aspect-16-9 wp-has-aspect-ratio\"><div class=\"wp-block-embed__wrapper\">\n<iframe loading=\"lazy\" title=\"McLAREN APRESENTA MCL36 PARA TEMPORADA 2022 DA F1 | React\" width=\"500\" height=\"281\" src=\"https:\/\/www.youtube.com\/embed\/YlEr164HSIg?feature=oembed\" frameborder=\"0\" allow=\"accelerometer; autoplay; clipboard-write; encrypted-media; gyroscope; picture-in-picture; web-share\" referrerpolicy=\"strict-origin-when-cross-origin\" allowfullscreen><\/iframe>\n<\/div><\/figure>\n\n\n\n<p class=\"wp-block-paragraph\">Felipe Fraga \u00e9 uma das atra\u00e7\u00f5es para a Corrida de Duplas, que acontece neste domingo (13) na abertura da temporada 2022 da Stock Car em Interlagos.<\/p>\n\n\n\n<p class=\"wp-block-paragraph\">Convidado por Cac\u00e1 Bueno para dividir o carro da Crown Racing, o campe\u00e3o da Stock Car 2016 falou com exclusividade ao <strong>GRANDE PR\u00caMIO <\/strong>sobre como surgiu a oportunidade de reencontrar algu\u00e9m que, anos atr\u00e1s, era um dos principais rivais nas pistas. \u201cO convite foi muito legal, sempre acompanhei a Stock e o Cac\u00e1 j\u00e1 ganhava tudo, nos tornamos amigos, ser dupla dele me deixou orgulhoso\u201d, disse.<\/p>\n\n\n\n<p class=\"wp-block-paragraph\"><strong>\u25b6\ufe0f&nbsp;Inscreva-se nos dois canais do GRANDE PR\u00caMIO no YouTube:&nbsp;<a href=\"https:\/\/www.youtube.com\/channel\/UC9OlHEgxoaY6QY6nWPoiqQg?sub_confirmation=1\" target=\"_blank\" rel=\"noreferrer noopener\">GP<\/a>&nbsp;|&nbsp;<a href=\"https:\/\/www.youtube.com\/channel\/UC9csiS6q_C3C0FYhyr1rnFA?sub_confirmation=1\" target=\"_blank\" rel=\"noreferrer noopener\">GP2<\/a><\/strong><\/p>\n\n\n\n<p class=\"wp-block-paragraph\">O desempenho da dupla neste final de semana, em um primeiro momento, \u00e9 pouco animador. Como ambos j\u00e1 venceram o t\u00edtulo da categoria, saem com 30 kg de lastro em seu carro e <a href=\"https:\/\/www.grandepremio.com\/br\/stock-car\/noticias\/gabriel-casagrande-crava-pole-corrida-de-duplas-em-interlagos\/\"><strong>n\u00e3o estava nos planos largar na 28\u00aa coloca\u00e7\u00e3o<\/strong><\/a>. Mas o pouco contato com o carro justifica a performance.<\/p>\n\n\n\n<figure class=\"wp-block-image size-large\"><img decoding=\"async\" src=\"https:\/\/www.grandepremio.com\/br\/wp-content\/uploads\/2022\/02\/01_StockCar2022_DudaBairros_Interlagos-04-2228-1024x682.jpg\" alt=\"\" class=\"wp-image-541325\"\/><figcaption>Cac\u00e1 Bueno convidou Fraga para dividir carro na Corrida de Duplas em Interlagos (Foto: Duda Bairros)<\/figcaption><\/figure>\n\n\n\n<p class=\"wp-block-paragraph\">\u201cFicar sem ter treinado na sexta foi o pior, o carro mudou muito de quando corri em 2019, cinco, dez voltas a mais fazem toda a diferen\u00e7a. Foram s\u00f3 dois treinos de meia hora no s\u00e1bado\u201d, lamentou.<\/p>\n\n\n\n<p class=\"wp-block-paragraph\">Mas essa adversidade n\u00e3o tira em nada a anima\u00e7\u00e3o do piloto para este fim de semana em Interlagos. Felipe acredita no sucesso de sua jornada na segunda corrida, da qual participa. \u201cA expectativa est\u00e1 boa, mesmo dando apenas seis voltas. Espero que todos andem forte na primeira para poder me destacar na segunda\u201d, completou.<\/p>\n\n\n\n<p class=\"wp-block-paragraph\">O <strong>GRANDE PR\u00caMIO<\/strong> acompanha, in loco, o fim de semana de abertura da temporada 2022 da Stock Car na Corrida de Duplas, em Interlagos, com Guilherme Bloisi e Ana Paula Cerveira.<\/p>\n\n\n\n<p class=\"wp-block-paragraph\">Acesse as vers\u00f5es em&nbsp;<a href=\"https:\/\/es.grandepremio.com\/\">espanhol<\/a>&nbsp;e&nbsp;<a href=\"https:\/\/grandepremio.pt\/\">portugu\u00eas-PT<\/a>&nbsp;do&nbsp;<strong>GRANDE PR\u00caMIO<\/strong>, al\u00e9m dos parceiros&nbsp;<a href=\"https:\/\/nossopalestra.com.br\/\">Nosso Palestra<\/a>&nbsp;e&nbsp;<a href=\"https:\/\/teleguiado.com\/\">Teleguiado<\/a>.<\/p>\n","protected":false},"excerpt":{"rendered":"<p>Convidado por Cac\u00e1 Bueno para dividir o carro da Crown Racing, o vencedor das 24 Horas de Daytona lamenta aumento de peso do carro e  o fato de ter andado apenas seis voltas em Interlagos<\/p>\n","protected":false},"author":0,"featured_media":1000541572,"comment_status":"closed","ping_status":"closed","sticky":false,"template":"","format":"standard","meta":{"42wp_featured_image_caption":"","42wp_featured_image_credits":"","42wp_featured_video":"","42wp_featured_image_hidden":false,"42wp_authors_list":[],"footnotes":""},"categories":[11],"tags":[74,501,460,124,29663],"42wp_author":[47128],"class_list":["post-114654","post","type-post","status-publish","format-standard","has-post-thumbnail","hentry","category-stock-car","tag-corrida-duplas","tag-crown-racing","tag-felipe-fraga","tag-interlagos","tag-stock-car-2022","42wp_author-guilherme-bloisi"],"_links":{"self":[{"href":"https:\/\/grandepremio.com\/br\/wp-json\/wp\/v2\/posts\/114654","targetHints":{"allow":["GET"]}}],"collection":[{"href":"https:\/\/grandepremio.com\/br\/wp-json\/wp\/v2\/posts"}],"about":[{"href":"https:\/\/grandepremio.com\/br\/wp-json\/wp\/v2\/types\/post"}],"replies":[{"embeddable":true,"href":"https:\/\/grandepremio.com\/br\/wp-json\/wp\/v2\/comments?post=114654"}],"version-history":[{"count":0,"href":"https:\/\/grandepremio.com\/br\/wp-json\/wp\/v2\/posts\/114654\/revisions"}],"wp:featuredmedia":[{"embeddable":true,"href":"https:\/\/grandepremio.com\/br\/wp-json\/wp\/v2\/media\/1000541572"}],"wp:attachment":[{"href":"https:\/\/grandepremio.com\/br\/wp-json\/wp\/v2\/media?parent=114654"}],"wp:term":[{"taxonomy":"category","embeddable":true,"href":"https:\/\/grandepremio.com\/br\/wp-json\/wp\/v2\/categories?post=114654"},{"taxonomy":"post_tag","embeddable":true,"href":"https:\/\/grandepremio.com\/br\/wp-json\/wp\/v2\/tags?post=114654"},{"taxonomy":"42wp_author","embeddable":true,"href":"https:\/\/grandepremio.com\/br\/wp-json\/wp\/v2\/42wp_author?post=114654"}],"curies":[{"name":"wp","href":"https:\/\/api.w.org\/{rel}","templated":true}]}}