{"id":114659,"date":"2022-02-13T07:07:59","date_gmt":"2022-02-13T10:07:59","guid":{"rendered":"https:\/\/grandepremio.com\/br\/noticias\/pol-espargaro-lidera-dia-final-pre-temporada-indonesia-joan-mir-passa-mal-nao-testa\/"},"modified":"2022-02-13T12:07:40","modified_gmt":"2022-02-13T15:07:40","slug":"pol-espargaro-lidera-dia-final-pre-temporada-indonesia-joan-mir-passa-mal-nao-testa","status":"publish","type":"post","link":"https:\/\/grandepremio.com\/br\/motogp\/pol-espargaro-lidera-dia-final-pre-temporada-indonesia-joan-mir-passa-mal-nao-testa\/","title":{"rendered":"Pol Espargar\u00f3 lidera dia final da pr\u00e9-temporada na Indon\u00e9sia. Mir passa mal e n\u00e3o testa"},"content":{"rendered":"\n<figure class=\"wp-block-embed is-type-video is-provider-youtube wp-block-embed-youtube wp-embed-aspect-16-9 wp-has-aspect-ratio\"><div class=\"wp-block-embed__wrapper\">\n<iframe loading=\"lazy\" title=\"CASO YAMAHA NA MOTOGP: VEM A\u00cd A ERA DA QUARTARARODEPEND\u00caNCIA?\" width=\"500\" height=\"281\" src=\"https:\/\/www.youtube.com\/embed\/zZ3umW8CFZU?feature=oembed\" frameborder=\"0\" allow=\"accelerometer; autoplay; clipboard-write; encrypted-media; gyroscope; picture-in-picture; web-share\" referrerpolicy=\"strict-origin-when-cross-origin\" allowfullscreen><\/iframe>\n<\/div><figcaption>CASO YAMAHA NA MOTOGP: VEM A\u00cd A ERA DA QUARTARARODEPEND\u00caNCIA?<\/figcaption><\/figure>\n\n\n\n<p class=\"wp-block-paragraph\">Pol Espargar\u00f3 concluiu a pr\u00e9-temporada 2022 da MotoGP, na Indon\u00e9sia, com o p\u00e9 direito. O catal\u00e3o foi o mais r\u00e1pido neste domingo (13) em Mandalika e colocou a Honda no topo da tabela de tempos da classe rainha do Mundial de Motovelocidade.<\/p>\n\n\n\n<p class=\"wp-block-paragraph\">Com 1min31s060 na melhor de 38 voltas ainda na primeira hora da \u00faltima sess\u00e3o de testes, o piloto da moto #44 assegurou a ponta com 0s014 de margem para Fabio Quartararo, que conquistou a segunda coloca\u00e7\u00e3o. Aleix Espargar\u00f3 manteve o mesmo roteiro de todos os testes e seguiu entre os ponteiros, fechando em terceiro, s\u00f3 0s325 mais lento que o irm\u00e3o ca\u00e7ula em dia em que os pilotos focaram na prepara\u00e7\u00e3o para as corridas. <\/p>\n\n\n\n<p class=\"wp-block-paragraph\"><strong>WEB STORY<\/strong><br>#\u00a0<strong><a href=\"https:\/\/www.grandepremio.com\/br\/web-stories\/motogp\/motogp-2022-terceiro-dia-testes-mandalika\/\">O terceiro dia de testes da\u00a0<\/a><a href=\"https:\/\/grandepremio.com\/motovelocidade\/\" target=\"_blank\" rel=\"noreferrer noopener\">MotoGP<\/a><a href=\"https:\/\/www.grandepremio.com\/br\/web-stories\/motogp\/motogp-2022-primeiro-dia-testes-mandalika\/\">\u00a0na Indon\u00e9sia<\/a><\/strong><\/p>\n\n\n\n<figure class=\"wp-block-image size-large\"><img decoding=\"async\" src=\"https:\/\/www.grandepremio.com\/br\/wp-content\/uploads\/2022\/02\/44-Pol-Espargaro-DSC01019-1024x683.jpg\" alt=\"\" class=\"wp-image-540828\"\/><figcaption>Pol Espargar\u00f3 foi o mais r\u00e1pido no \u00faltimo dia de testes da MotoGP (Foto: Divulga\u00e7\u00e3o\/MotoGP)<\/figcaption><\/figure>\n\n\n\n<p class=\"wp-block-paragraph\"><strong>\u25b6\ufe0f&nbsp;Inscreva-se nos dois canais do GRANDE PR\u00caMIO no YouTube:&nbsp;<a href=\"https:\/\/www.youtube.com\/channel\/UC9OlHEgxoaY6QY6nWPoiqQg?sub_confirmation=1\" target=\"_blank\" rel=\"noreferrer noopener\">GP<\/a>&nbsp;|&nbsp;<a href=\"https:\/\/www.youtube.com\/channel\/UC9csiS6q_C3C0FYhyr1rnFA?sub_confirmation=1\" target=\"_blank\" rel=\"noreferrer noopener\">GP2<\/a><\/strong><\/p>\n\n\n\n<p class=\"wp-block-paragraph\">Franco Morbidelli, que vinha sendo mais discreto at\u00e9 aqui, conseguiu 1min31s416 e ficou com o quarto posto, logo \u00e0 frente de Francesco Bagnaia, que foi 0s376 mais lento que o l\u00edder.<\/p>\n\n\n\n<p class=\"wp-block-paragraph\">Representante solit\u00e1rio da Suzuki, j\u00e1 que Joan Mir passou mal com uma intoxica\u00e7\u00e3o alimentar e n\u00e3o conseguiu treinar, \u00c1lex Rins ficou com a sexta posi\u00e7\u00e3o, com a melhor volta em 1min31s477.<\/p>\n\n\n\n<p class=\"wp-block-paragraph\">Maverick Vi\u00f1ales conseguiu o s\u00e9timo tempo, seguido por Johann Zarco, Brad Binder e \u00c1lex M\u00e1rquez, que completou um top-10 coberto por 0s543. Miguel Oliveira ficou em 11\u00ba, \u00e0 frente de Luca Marini, o l\u00edder de s\u00e1bado, e Takaaki Nakagami.<\/p>\n\n\n\n<p class=\"wp-block-paragraph\">0s733 mais lento que o companheiro de Honda, Marc M\u00e1rquez ficou com a 14\u00aa coloca\u00e7\u00e3o, seguido por Jack Miller e Andrea Dovizioso. Marco Bezzecchi foi o melhor novato, 0s841 atr\u00e1s de Pol, escoltado por Fabio Di Giannantonio e Enea Bastianini.<\/p>\n\n\n\n<p class=\"wp-block-paragraph\">Jorge Mart\u00edn ficou com a 20\u00aa marca, com Remy Gardner e Darryn Binder vindo logo atr\u00e1s. Ra\u00fal Fern\u00e1ndez chegou a completar sete voltas neste dia final em Mandalika, mas acabou abandonando o teste por sentir algum desconforto e problemas de vis\u00e3o em decorr\u00eancia de um forte acidente no s\u00e1bado, que o deixou com um roxo evidente na regi\u00e3o da t\u00eampora, depois de uma concuss\u00e3o.<\/p>\n\n\n\n<h3 class=\"wp-block-heading\"><strong>MotoGP 2022, Indon\u00e9sia, Mandalika, Teste coletivo, Dia 3:<\/strong><\/h3>\n\n\n\n<figure class=\"wp-block-table\"><table><tbody><tr><td><strong>1<\/strong><\/td><td>P ESPARGAR\u00d3<\/td><td>Honda<\/td><td>1:31.060<\/td><td>&nbsp;<\/td><td>10<\/td><td>38<\/td><\/tr><tr><td><strong>2<\/strong><\/td><td>F QUARTARARO<\/td><td>Yamaha<\/td><td>1:31.074<\/td><td>+0.014<\/td><td>77<\/td><td>79<\/td><\/tr><tr><td><strong>3<\/strong><\/td><td>A ESPARGAR\u00d3<\/td><td>Aprilia<\/td><td>1:31.385<\/td><td>+0.325<\/td><td>11<\/td><td>51<\/td><\/tr><tr><td><strong>4<\/strong><\/td><td>F MORBIDELLI<\/td><td>Yamaha<\/td><td>1:31.416<\/td><td>+0.356<\/td><td>68<\/td><td>69<\/td><\/tr><tr><td><strong>5<\/strong><\/td><td>F BAGNAIA<\/td><td>Ducati<\/td><td>1:31.436<\/td><td>+0.376<\/td><td>13<\/td><td>57<\/td><\/tr><tr><td><strong>6<\/strong><\/td><td>\u00c1 RINS<\/td><td>Suzuki<\/td><td>1:31.477<\/td><td>+0.417<\/td><td>27<\/td><td>46<\/td><\/tr><tr><td><strong>7<\/strong><\/td><td>M VI\u00d1ALES<\/td><td>Aprilia<\/td><td>1:31.478<\/td><td>+0.418<\/td><td>18<\/td><td>48<\/td><\/tr><tr><td><strong>8<\/strong><\/td><td>J ZARCO<\/td><td>Pramac Ducati<\/td><td>1:31.488<\/td><td>+0.428<\/td><td>42<\/td><td>82<\/td><\/tr><tr><td><strong>9<\/strong><\/td><td>B BINDER<\/td><td>KTM<\/td><td>1:31.574<\/td><td>+0.514<\/td><td>64<\/td><td>68<\/td><\/tr><tr><td><strong>10<\/strong><\/td><td>A M\u00c1RQUEZ<\/td><td>LCR Honda<\/td><td>1:31.603<\/td><td>+0.543<\/td><td>16<\/td><td>75<\/td><\/tr><tr><td><strong>11<\/strong><\/td><td>M OLIVEIRA<\/td><td>KTM<\/td><td>1:31.620<\/td><td>+0.560<\/td><td>71<\/td><td>73<\/td><\/tr><tr><td><strong>12<\/strong><\/td><td>L MARINI<\/td><td>VR46<\/td><td>1:31.665<\/td><td>+0.605<\/td><td>7<\/td><td>50<\/td><\/tr><tr><td><strong>13<\/strong><\/td><td>T NAKAGAMI<\/td><td>LCR Honda<\/td><td>1:31.687<\/td><td>+0.627<\/td><td>88<\/td><td>91<\/td><\/tr><tr><td><strong>14<\/strong><\/td><td>M M\u00c1RQUEZ<\/td><td>Honda<\/td><td>1:31.793<\/td><td>+0.733<\/td><td>52<\/td><td>74<\/td><\/tr><tr><td><strong>15<\/strong><\/td><td>J MILLER<\/td><td>Ducati<\/td><td>1:31.870<\/td><td>+0.810<\/td><td>19<\/td><td>78<\/td><\/tr><tr><td><strong>16<\/strong><\/td><td>A DOVIZIOSO<\/td><td>RNF YAMAHA<\/td><td>1:31.890<\/td><td>+0.830<\/td><td>19<\/td><td>62<\/td><\/tr><tr><td><strong>17<\/strong><\/td><td>M BEZZECCHI<\/td><td>VR46<\/td><td>1:31.901<\/td><td>+0.841<\/td><td>10<\/td><td>42<\/td><\/tr><tr><td><strong>18<\/strong><\/td><td>F DI GIANNANTONIO<\/td><td>Gresini Ducati<\/td><td>1:31.915<\/td><td>+0.855<\/td><td>15<\/td><td>38<\/td><\/tr><tr><td><strong>19<\/strong><\/td><td>E BASTIANINI<\/td><td>Gresini Ducati<\/td><td>1:32.010<\/td><td>+0.950<\/td><td>19<\/td><td>35<\/td><\/tr><tr><td><strong>20<\/strong><\/td><td>J MART\u00cdN<\/td><td>Pramac Ducati<\/td><td>1:32.544<\/td><td>+1.484<\/td><td>10<\/td><td>18<\/td><\/tr><tr><td><strong>21<\/strong><\/td><td>R GARDNER<\/td><td>Tech3 KTM<\/td><td>1:32.860<\/td><td>+1.800<\/td><td>39<\/td><td>42<\/td><\/tr><tr><td><strong>22<\/strong><\/td><td>D BINDER<\/td><td>RNF YAMAHA<\/td><td>1:33.049<\/td><td>+1.989<\/td><td>22<\/td><td>61<\/td><\/tr><tr><td><strong>23<\/strong><\/td><td>R FERN\u00c1NDEZ<\/td><td>Tech3 KTM<\/td><td>1:34.896<\/td><td>+3.836<\/td><td>3<\/td><td>7<\/td><\/tr><tr><td><strong>24<\/strong><\/td><td>J MIR<\/td><td>Suzuki<\/td><td>&nbsp;<\/td><td>&nbsp;<\/td><td>&nbsp;<\/td><td>&nbsp;<\/td><\/tr><\/tbody><\/table><\/figure>\n\n\n\n<figure class=\"wp-block-embed is-type-video is-provider-youtube wp-block-embed-youtube wp-embed-aspect-16-9 wp-has-aspect-ratio\"><div class=\"wp-block-embed__wrapper\">\n<iframe loading=\"lazy\" title=\"8 PONTOS PARA FICAR DE OLHO NOS TESTES DE SEPANG DA MOTOGP\" width=\"500\" height=\"281\" src=\"https:\/\/www.youtube.com\/embed\/gYpvcqN4QwY?feature=oembed\" frameborder=\"0\" allow=\"accelerometer; autoplay; clipboard-write; encrypted-media; gyroscope; picture-in-picture; web-share\" referrerpolicy=\"strict-origin-when-cross-origin\" allowfullscreen><\/iframe>\n<\/div><figcaption>8 PONTOS PARA FICAR DE OLHO NOS TESTES DE SEPANG DA MOTOGP<\/figcaption><\/figure>\n\n\n\n<p class=\"wp-block-paragraph\"><\/p>\n","protected":false},"excerpt":{"rendered":"<p>Com 1min31s060, o catal\u00e3o colocou a Honda no topo da tabela no encerramento da pr\u00e9-temporada 2022 da MotoGP. S\u00f3 0s014 mais lento, Fabio Quartararo ficou em segundo em um dia marcado pela aus\u00eancia de Joan Mir<\/p>\n","protected":false},"author":0,"featured_media":1000540827,"comment_status":"closed","ping_status":"closed","sticky":false,"template":"","format":"standard","meta":{"42wp_featured_image_caption":"","42wp_featured_image_credits":"","42wp_featured_video":"","42wp_featured_image_hidden":false,"42wp_authors_list":[],"footnotes":""},"categories":[8],"tags":[26794,6258,79,78,2997,30733,30734,25819,28345,28766,26690,24995,25297],"42wp_author":[47113],"class_list":["post-114659","post","type-post","status-publish","format-standard","has-post-thumbnail","hentry","category-motogp","tag-indonesia","tag-mandalika","tag-moto-gp","tag-motogp","tag-motogp-2022","tag-motogp-2022-calendario","tag-motogp-classificacao-2022","tag-motogp-hoje","tag-motogp-horarios","tag-motogp-standings","tag-pilotos-motogp","tag-pol-espargaro-2","tag-pre-temporada-2","42wp_author-juliana-tesser"],"_links":{"self":[{"href":"https:\/\/grandepremio.com\/br\/wp-json\/wp\/v2\/posts\/114659","targetHints":{"allow":["GET"]}}],"collection":[{"href":"https:\/\/grandepremio.com\/br\/wp-json\/wp\/v2\/posts"}],"about":[{"href":"https:\/\/grandepremio.com\/br\/wp-json\/wp\/v2\/types\/post"}],"replies":[{"embeddable":true,"href":"https:\/\/grandepremio.com\/br\/wp-json\/wp\/v2\/comments?post=114659"}],"version-history":[{"count":0,"href":"https:\/\/grandepremio.com\/br\/wp-json\/wp\/v2\/posts\/114659\/revisions"}],"wp:featuredmedia":[{"embeddable":true,"href":"https:\/\/grandepremio.com\/br\/wp-json\/wp\/v2\/media\/1000540827"}],"wp:attachment":[{"href":"https:\/\/grandepremio.com\/br\/wp-json\/wp\/v2\/media?parent=114659"}],"wp:term":[{"taxonomy":"category","embeddable":true,"href":"https:\/\/grandepremio.com\/br\/wp-json\/wp\/v2\/categories?post=114659"},{"taxonomy":"post_tag","embeddable":true,"href":"https:\/\/grandepremio.com\/br\/wp-json\/wp\/v2\/tags?post=114659"},{"taxonomy":"42wp_author","embeddable":true,"href":"https:\/\/grandepremio.com\/br\/wp-json\/wp\/v2\/42wp_author?post=114659"}],"curies":[{"name":"wp","href":"https:\/\/api.w.org\/{rel}","templated":true}]}}