{"id":114665,"date":"2022-02-13T04:00:51","date_gmt":"2022-02-13T07:00:51","guid":{"rendered":"https:\/\/grandepremio.com\/br\/noticias\/george-russell-anima-nova-mercedes-primeiras-impressoes-interessantes\/"},"modified":"2022-02-13T08:02:23","modified_gmt":"2022-02-13T11:02:23","slug":"george-russell-anima-nova-mercedes-primeiras-impressoes-interessantes","status":"publish","type":"post","link":"https:\/\/grandepremio.com\/br\/f1\/george-russell-anima-nova-mercedes-primeiras-impressoes-interessantes\/","title":{"rendered":"Russell se anima com nova Mercedes e cita &#8220;primeiras impress\u00f5es interessantes&#8221;"},"content":{"rendered":"\n<figure class=\"wp-block-embed is-type-video is-provider-youtube wp-block-embed-youtube wp-embed-aspect-16-9 wp-has-aspect-ratio\"><div class=\"wp-block-embed__wrapper\">\n<iframe loading=\"lazy\" title=\"RUSSELL, DA WILLIAMS PARA A MERCEDES: 3 ANOS FORAM O BASTANTE?\" width=\"500\" height=\"281\" src=\"https:\/\/www.youtube.com\/embed\/bWCUBAk9F08?feature=oembed\" frameborder=\"0\" allow=\"accelerometer; autoplay; clipboard-write; encrypted-media; gyroscope; picture-in-picture; web-share\" referrerpolicy=\"strict-origin-when-cross-origin\" allowfullscreen><\/iframe>\n<\/div><\/figure>\n\n\n\n<p class=\"wp-block-paragraph\">Na pr\u00f3xima sexta-feira (18), a Mercedes vai apresentar o novo carro que ter\u00e1 a miss\u00e3o de manter o dom\u00ednio em vigor desde 2014 no Mundial de Construtores, quando se iniciou a era h\u00edbrida na F\u00f3rmula 1. Mas, antes de revelar ao mundo o W13, a equipe divulgou a primeira entrevista com George Russell vestindo o macac\u00e3o preto. Acompanhando de perto os \u00faltimos ajustes no b\u00f3lido, o jovem de 23 anos <a href=\"https:\/\/www.grandepremio.com\/br\/f1\/noticias\/george-russell-mercedes-fogo-motivacao-dar-troco-derrota-red-bull\/\">revelou que est\u00e1 contente com o que viu<\/a> na f\u00e1brica.<\/p>\n\n\n\n<p class=\"wp-block-paragraph\">Ex-integrante da academia de jovens pilotos da equipe alem\u00e3, Russell ficou por tr\u00eas anos na Williams para adquirir experi\u00eancia e precisou tamb\u00e9m ter paci\u00eancia at\u00e9 surgir a oportunidade de substituir Valtteri Bottas como piloto titular.<\/p>\n\n\n\n<p class=\"wp-block-paragraph\">Entretanto, o in\u00edcio da trajet\u00f3ria do ingl\u00eas no t\u00e3o sonhado cockpit da Mercedes acontece justamente em uma temporada em que tudo \u00e9 incerto na F\u00f3rmula 1, por causa do revolucion\u00e1rio regulamento que transformou totalmente a concep\u00e7\u00e3o dos carros para 2022. Apesar das d\u00favidas sobre como ser\u00e1 a performance do b\u00f3lido, Russell gostou do que viu nos primeiros contatos em Brackley.<\/p>\n\n\n\n<p class=\"wp-block-paragraph\">&#8220;As primeiras impress\u00f5es do W13 foram interessantes&#8221;, revelou o piloto, em declara\u00e7\u00f5es para o canal da Mercedes no YouTube. \u201c\u00c9 um carro muito diferente do ano passado &#8211; e as caracter\u00edsticas como o downforce s\u00e3o completamente diferentes. Ent\u00e3o, ainda estamos aprendendo \u00e0 medida que avan\u00e7amos\u201d, acrescentou.<\/p>\n\n\n\n<figure class=\"wp-block-image size-large\"><img decoding=\"async\" src=\"https:\/\/www.grandepremio.com\/br\/wp-content\/uploads\/2020\/12\/mercedes-lewishamilton-03-1024x683.jpg\" alt=\"\" class=\"wp-image-440726\"\/><figcaption>George Russell esteve com a Mercedes s\u00f3 quando Lewis Hamilton testou positivo para covid-19 (Foto: Mercedes)<\/figcaption><\/figure>\n\n\n\n<p class=\"wp-block-paragraph\">\u00c0 primeira vista, a sensa\u00e7\u00e3o foi positiva, mas Russell reconhece que muito trabalho deve ser feito para o carro estar em plenas condi\u00e7\u00f5es nas pistas. &#8220;Ainda h\u00e1 uma enorme quantidade de melhorias a serem feitas para reunir tudo e torn\u00e1-lo o mais agrad\u00e1vel poss\u00edvel de guiar&#8221;, afirmou.<\/p>\n\n\n\n<p class=\"wp-block-paragraph\">Acompanhando de perto os bastidores do paddock, o ingl\u00eas imagina que o aprendizado n\u00e3o ser\u00e1 exclusivo de uma ou outra equipe: as d\u00favidas sobre como os carros v\u00e3o se comportar nas corridas est\u00e3o na cabe\u00e7a de todos. \u201cEu vejo todos no mesmo barco. Estamos aprendendo muito dia ap\u00f3s dia, seja na f\u00e1brica ou no simulador, e acho que ser\u00e1 um ano de desenvolvimento\u201d.<\/p>\n\n\n\n<p class=\"wp-block-paragraph\">A expectativa \u00e9 que Russell, ao lado do novo companheiro, Lewis Hamilton, esteja na pista de Barcelona, nos dias 23, 24 e 25, e no Bahrein, entre os dias 10 e 12 de mar\u00e7o, para os testes de pr\u00e9-temporada. A participa\u00e7\u00e3o nas prepara\u00e7\u00f5es de inverno na Europa ser\u00e1 ainda mais importante neste ano.<\/p>\n\n\n\n<p class=\"wp-block-paragraph\">\u201cAcho que todo mundo quer ir para a primeira corrida e ter o carro mais r\u00e1pido poss\u00edvel, mas o mais importante \u00e9 entender quais s\u00e3o suas limita\u00e7\u00f5es e como voc\u00ea vai melhorar essas limita\u00e7\u00f5es para construir a melhor base poss\u00edvel\u201d, concluiu o piloto do carro #63.<\/p>\n\n\n\n<p class=\"wp-block-paragraph\">A estreia oficial de Russell como titular na Mercedes acontece em 20 de mar\u00e7o, em Sakhir, na primeira etapa da temporada 2022 da F1.<\/p>\n\n\n\n<p class=\"wp-block-paragraph\"><strong>\u25b6\ufe0f&nbsp;Inscreva-se nos dois canais do GRANDE PR\u00caMIO no YouTube:&nbsp;<a href=\"https:\/\/www.youtube.com\/channel\/UC9OlHEgxoaY6QY6nWPoiqQg?sub_confirmation=1\" target=\"_blank\" rel=\"noreferrer noopener\">GP<\/a>&nbsp;|&nbsp;<a href=\"https:\/\/www.youtube.com\/channel\/UC9csiS6q_C3C0FYhyr1rnFA?sub_confirmation=1\" target=\"_blank\" rel=\"noreferrer noopener\">GP2<\/a><\/strong><\/p>\n\n\n\n<figure class=\"wp-block-embed is-type-video is-provider-youtube wp-block-embed-youtube wp-embed-aspect-16-9 wp-has-aspect-ratio\"><div class=\"wp-block-embed__wrapper\">\n<iframe loading=\"lazy\" title=\"OS LAN\u00c7AMENTOS MAIS AGUARDADOS DA F1 2022\" width=\"500\" height=\"281\" src=\"https:\/\/www.youtube.com\/embed\/UQQ7t8intHk?feature=oembed\" frameborder=\"0\" allow=\"accelerometer; autoplay; clipboard-write; encrypted-media; gyroscope; picture-in-picture; web-share\" referrerpolicy=\"strict-origin-when-cross-origin\" allowfullscreen><\/iframe>\n<\/div><\/figure>\n","protected":false},"excerpt":{"rendered":"<p>George Russell esteve na f\u00e1brica da Mercedes acompanhando os \u00faltimos ajustes no novo W13 e j\u00e1 saiu de l\u00e1 bem animado pelo primeiro carro que ter\u00e1 como titular no time<\/p>\n","protected":false},"author":0,"featured_media":1000512489,"comment_status":"closed","ping_status":"closed","sticky":false,"template":"","format":"standard","meta":{"42wp_featured_image_caption":"","42wp_featured_image_credits":"","42wp_featured_video":"","42wp_featured_image_hidden":false,"42wp_authors_list":[],"footnotes":""},"categories":[2],"tags":[24837,26841,800,28285,82,30847,30400,30389],"42wp_author":[47145],"class_list":["post-114665","post","type-post","status-publish","format-standard","has-post-thumbnail","hentry","category-f1","tag-formula-1-2","tag-formula-1-2022","tag-george-russell","tag-grandepremio","tag-mercedes","tag-russell","tag-temporada-formula-1-2022","tag-w13","42wp_author-alessandro-pinheiro"],"_links":{"self":[{"href":"https:\/\/grandepremio.com\/br\/wp-json\/wp\/v2\/posts\/114665","targetHints":{"allow":["GET"]}}],"collection":[{"href":"https:\/\/grandepremio.com\/br\/wp-json\/wp\/v2\/posts"}],"about":[{"href":"https:\/\/grandepremio.com\/br\/wp-json\/wp\/v2\/types\/post"}],"replies":[{"embeddable":true,"href":"https:\/\/grandepremio.com\/br\/wp-json\/wp\/v2\/comments?post=114665"}],"version-history":[{"count":0,"href":"https:\/\/grandepremio.com\/br\/wp-json\/wp\/v2\/posts\/114665\/revisions"}],"wp:featuredmedia":[{"embeddable":true,"href":"https:\/\/grandepremio.com\/br\/wp-json\/wp\/v2\/media\/1000512489"}],"wp:attachment":[{"href":"https:\/\/grandepremio.com\/br\/wp-json\/wp\/v2\/media?parent=114665"}],"wp:term":[{"taxonomy":"category","embeddable":true,"href":"https:\/\/grandepremio.com\/br\/wp-json\/wp\/v2\/categories?post=114665"},{"taxonomy":"post_tag","embeddable":true,"href":"https:\/\/grandepremio.com\/br\/wp-json\/wp\/v2\/tags?post=114665"},{"taxonomy":"42wp_author","embeddable":true,"href":"https:\/\/grandepremio.com\/br\/wp-json\/wp\/v2\/42wp_author?post=114665"}],"curies":[{"name":"wp","href":"https:\/\/api.w.org\/{rel}","templated":true}]}}