{"id":114672,"date":"2022-02-12T17:48:57","date_gmt":"2022-02-12T20:48:57","guid":{"rendered":"https:\/\/grandepremio.com\/br\/noticias\/pascal-wehrlein-admite-surpresa-com-pole-no-mexico-apos-mudancas-no-carro-nao-esperava\/"},"modified":"2022-02-12T18:13:08","modified_gmt":"2022-02-12T21:13:08","slug":"pascal-wehrlein-admite-surpresa-com-pole-no-mexico-apos-mudancas-no-carro-nao-esperava","status":"publish","type":"post","link":"https:\/\/grandepremio.com\/br\/formula-e\/pascal-wehrlein-admite-surpresa-com-pole-no-mexico-apos-mudancas-no-carro-nao-esperava\/","title":{"rendered":"Wehrlein admite surpresa com pole no M\u00e9xico ap\u00f3s mudan\u00e7as no carro: &#8220;N\u00e3o esperava&#8221;"},"content":{"rendered":"\n<figure class=\"wp-block-embed is-type-video is-provider-youtube wp-block-embed-youtube wp-embed-aspect-16-9 wp-has-aspect-ratio\"><div class=\"wp-block-embed__wrapper\">\n<iframe loading=\"lazy\" title=\"&amp;apos;I&amp;apos;M BACK&amp;apos;: HAMILTON REAPARECE. O QUE ESPERAR DELE NA F1 2022?\" width=\"500\" height=\"281\" src=\"https:\/\/www.youtube.com\/embed\/Me-UE6C0KWc?feature=oembed\" frameborder=\"0\" allow=\"accelerometer; autoplay; clipboard-write; encrypted-media; gyroscope; picture-in-picture; web-share\" referrerpolicy=\"strict-origin-when-cross-origin\" allowfullscreen><\/iframe>\n<\/div><figcaption>\u2018I\u2019M BACK\u2019: HAMILTON REAPARECE. O QUE ESPERAR DELE NA F\u00d3RMULA 1 2022?<\/figcaption><\/figure>\n\n\n\n<p class=\"wp-block-paragraph\">O alem\u00e3o Pascal Wehrlein conquistou neste s\u00e1bado (12) a pole para o eP da Cidade do M\u00e9xico, terceira etapa da temporada 2021\/2022 da <a href=\"https:\/\/www.grandepremio.com\/br\/formula-e\/\">F\u00f3rmula E<\/a>, com direito a vit\u00f3ria na final da classifica\u00e7\u00e3o sobre o l\u00edder do Mundial de Pilotos, Edoardo Mortara. Ap\u00f3s bater o su\u00ed\u00e7o da Venturi na \u00faltima disputa, Wehrlein demonstrou surpresa com o resultado \u2014 principalmente depois de realizar diversos ajustes no carro.<\/p>\n\n\n\n<p class=\"wp-block-paragraph\">&#8220;Eu n\u00e3o esperava, est\u00e1vamos bem, mas n\u00e3o t\u00e3o bem assim&#8221;, disse. &#8220;Fizemos algumas mudan\u00e7as antes da classifica\u00e7\u00e3o e elas foram certeiras. Acho que fui perfeito. Tive algumas voltas muito boas, sem erros, a cabe\u00e7a nunca descansa na classifica\u00e7\u00e3o!&#8221;, afirmou Wehrlein.<\/p>\n\n\n\n<p class=\"wp-block-paragraph\"><strong>\u25b6\ufe0f&nbsp;Inscreva-se nos dois canais do GRANDE PR\u00caMIO no YouTube:&nbsp;<a href=\"https:\/\/www.youtube.com\/channel\/UC9OlHEgxoaY6QY6nWPoiqQg?sub_confirmation=1\" target=\"_blank\" rel=\"noreferrer noopener\">GP<\/a>&nbsp;|&nbsp;<a href=\"https:\/\/www.youtube.com\/channel\/UC9csiS6q_C3C0FYhyr1rnFA?sub_confirmation=1\" target=\"_blank\" rel=\"noreferrer noopener\">GP2<\/a><\/strong><\/p>\n\n\n\n<figure class=\"wp-block-image size-large\"><img decoding=\"async\" src=\"https:\/\/www.grandepremio.com\/br\/wp-content\/uploads\/2021\/04\/6-EPS703_080640_W6I8530-1024x682.jpg\" alt=\"\" class=\"wp-image-462463\"\/><figcaption>Pascal Wehrlein vai largar na pole no M\u00e9xico (Foto: F\u00f3rmula E)<\/figcaption><\/figure>\n\n\n\n<p class=\"wp-block-paragraph\">O alem\u00e3o tamb\u00e9m confessou gostar bastante do <a href=\"https:\/\/www.grandepremio.com\/br\/etapa\/f1\/gp-da-cidade-do-mexico-formula-1-2022\/\">Aut\u00f3dromo Hermanos Rodr\u00edguez<\/a>, que volta a receber a F\u00f3rmula E em 2022 ap\u00f3s ter sido usado como hospital de campanha para a pandemia do Covid-19 at\u00e9 o ano passado. Assim, a categoria de monopostos el\u00e9tricos correu em Puebla na temporada 2020\/2021.<\/p>\n\n\n\n<p class=\"wp-block-paragraph\">&#8220;Eu adoro o M\u00e9xico! De alguma forma, sempre fui competitivo&#8221;, animou-se Wherlein. &#8220;Muito contente com isso. O carro estava \u00f3timo o dia inteiro, n\u00f3s s\u00f3 precis\u00e1vamos ajust\u00e1-lo um pouco&#8221;, completou o piloto da Porsche.<\/p>\n\n\n\n<p class=\"wp-block-paragraph\">Mortara larga na segunda posi\u00e7\u00e3o com a Venturi, logo atr\u00e1s de Wehrlein. Andr\u00e9 Lotterer \u00e9 o terceiro, seguido de  Jean-\u00c8ric Vergne, o quarto, e <a href=\"https:\/\/www.grandepremio.com\/br\/piloto\/antonio-felix-da-costa\/\">Ant\u00f3nio F\u00e9lix da Costa<\/a>, o quinto. Nyck De Vries, Robin Frijns, <a href=\"https:\/\/www.grandepremio.com\/br\/piloto\/stoffel-vandoorne\/\">Stoffel Vandoorne<\/a>, Nick Cassidy e <a href=\"https:\/\/www.grandepremio.com\/br\/piloto\/maximilian-gunther\/\">Maximilian G\u00fcnther<\/a> completam o top-10.<\/p>\n\n\n\n<p class=\"wp-block-paragraph\">A largada do eP da Cidade do M\u00e9xico est\u00e1 marcada para as 19h (hor\u00e1rio de Bras\u00edlia), com <a href=\"https:\/\/formula1aovivo.com\/\">transmiss\u00e3o<\/a> da TV Cultura e do SporTV 3.<\/p>\n","protected":false},"excerpt":{"rendered":"<p>Pascal Wehrlein foi o mais r\u00e1pido no qualifying para o eP do M\u00e9xico e confessou que n\u00e3o esperava um desempenho t\u00e3o bom neste s\u00e1bado<\/p>\n","protected":false},"author":0,"featured_media":1000541131,"comment_status":"closed","ping_status":"closed","sticky":false,"template":"","format":"standard","meta":{"42wp_featured_image_caption":"","42wp_featured_image_credits":"","42wp_featured_video":"","42wp_featured_image_hidden":false,"42wp_authors_list":[],"footnotes":""},"categories":[19],"tags":[27903,25000,840,25217,1194,736],"42wp_author":[47144],"class_list":["post-114672","post","type-post","status-publish","format-standard","has-post-thumbnail","hentry","category-formula-e","tag-fe-2022","tag-formula-e-2","tag-formula-e","tag-mexico-2","tag-pascal-wehrlein","tag-porsche","42wp_author-andre-netto"],"_links":{"self":[{"href":"https:\/\/grandepremio.com\/br\/wp-json\/wp\/v2\/posts\/114672","targetHints":{"allow":["GET"]}}],"collection":[{"href":"https:\/\/grandepremio.com\/br\/wp-json\/wp\/v2\/posts"}],"about":[{"href":"https:\/\/grandepremio.com\/br\/wp-json\/wp\/v2\/types\/post"}],"replies":[{"embeddable":true,"href":"https:\/\/grandepremio.com\/br\/wp-json\/wp\/v2\/comments?post=114672"}],"version-history":[{"count":0,"href":"https:\/\/grandepremio.com\/br\/wp-json\/wp\/v2\/posts\/114672\/revisions"}],"wp:featuredmedia":[{"embeddable":true,"href":"https:\/\/grandepremio.com\/br\/wp-json\/wp\/v2\/media\/1000541131"}],"wp:attachment":[{"href":"https:\/\/grandepremio.com\/br\/wp-json\/wp\/v2\/media?parent=114672"}],"wp:term":[{"taxonomy":"category","embeddable":true,"href":"https:\/\/grandepremio.com\/br\/wp-json\/wp\/v2\/categories?post=114672"},{"taxonomy":"post_tag","embeddable":true,"href":"https:\/\/grandepremio.com\/br\/wp-json\/wp\/v2\/tags?post=114672"},{"taxonomy":"42wp_author","embeddable":true,"href":"https:\/\/grandepremio.com\/br\/wp-json\/wp\/v2\/42wp_author?post=114672"}],"curies":[{"name":"wp","href":"https:\/\/api.w.org\/{rel}","templated":true}]}}