{"id":114676,"date":"2022-02-12T14:36:34","date_gmt":"2022-02-12T17:36:34","guid":{"rendered":"https:\/\/grandepremio.com\/br\/noticias\/gabriel-casagrande-crava-pole-corrida-de-duplas-em-interlagos\/"},"modified":"2022-02-12T14:56:55","modified_gmt":"2022-02-12T17:56:55","slug":"gabriel-casagrande-crava-pole-corrida-de-duplas-em-interlagos","status":"publish","type":"post","link":"https:\/\/grandepremio.com\/br\/stock-car\/gabriel-casagrande-crava-pole-corrida-de-duplas-em-interlagos\/","title":{"rendered":"Casagrande come\u00e7a de onde parou e crava pole da Corrida de Duplas em Interlagos"},"content":{"rendered":"\n<figure class=\"wp-block-embed is-type-video is-provider-youtube wp-block-embed-youtube wp-embed-aspect-16-9 wp-has-aspect-ratio\"><div class=\"wp-block-embed__wrapper\">\n<iframe loading=\"lazy\" title=\"O QUE ESPERAR DO RETORNO DA CORRIDA DE DUPLAS NA STOCK CAR 2022?\" width=\"500\" height=\"281\" src=\"https:\/\/www.youtube.com\/embed\/mgYnmZHdszQ?feature=oembed\" frameborder=\"0\" allow=\"accelerometer; autoplay; clipboard-write; encrypted-media; gyroscope; picture-in-picture; web-share\" referrerpolicy=\"strict-origin-when-cross-origin\" allowfullscreen><\/iframe>\n<\/div><\/figure>\n\n\n\n<p class=\"wp-block-paragraph\">Gabriel Casagrande confirmou o favoritismo e <a href=\"https:\/\/www.grandepremio.com\/br\/stock-car\/noticias\/guia-stock-car-2022-campeao-gabriel-casagrande-busca-bi-em-grid-mais-competitivo-do-mundo\/\">vai partir da frente na primeira corrida<\/a> da Stock Car em 2022. Campe\u00e3o em 2021, o paranaense voltou a colocar a Vogel na ponta, cravando 1min40s377 na classifica\u00e7\u00e3o em Interlagos.<\/p>\n\n\n\n<p class=\"wp-block-paragraph\">Casagrande, que tem Gabriel Robe como parceiro na etapa de duplas, j\u00e1 inicia o ano com dois pontinhos na tabela pela pole. Felipe Lapenna, que j\u00e1 vinha r\u00e1pido na manh\u00e3, sai de segundo com a Hot Car, com Thiago Camilo, \u00fanico da Toyota no Q3, em terceiro. Sergio Ramalho e Dennis Dirani ser\u00e3o os companheiros dos dois, respectivamente.<\/p>\n\n\n\n<p class=\"wp-block-paragraph\">Guilherme Salas, que comandou o Q2, Galid Osman e Julio Campos foram os demais pilotos que estiveram na defini\u00e7\u00e3o da pole, mas n\u00e3o conseguiram acompanhar o ritmo do top-3.<\/p>\n\n\n\n<p class=\"wp-block-paragraph\">Daniel Serra vai sair da s\u00e9tima coloca\u00e7\u00e3o, com Gaetano di Mauro aparecendo em oitavo e Marcos Gomes e Felipe Massa fechando o grupo dos dez primeiros no grid. <\/p>\n\n\n\n<p class=\"wp-block-paragraph\">A primeira etapa da temporada 2022 da Stock Car acontece neste domingo, com largada da corrida 1 acontecendo \u00e0s 13h55 (em Bras\u00edlia). A segunda prova, com os convidados da Corrida de Duplas, est\u00e1 prevista para 14h30.<\/p>\n\n\n\n<figure class=\"wp-block-image size-large\"><img decoding=\"async\" src=\"https:\/\/www.grandepremio.com\/br\/wp-content\/uploads\/2022\/02\/01_StockCar2022_DudaBairros_Interlagosl-032071-1024x681.jpg\" alt=\"\" class=\"wp-image-540925\"\/><figcaption>Gabriel Casagrande sai da pole em Interlagos (Foto: Duda Bairros)<\/figcaption><\/figure>\n\n\n\n<p class=\"wp-block-paragraph\"><strong>Confira como foi a defini\u00e7\u00e3o do grid em Interlagos<\/strong><\/p>\n\n\n\n<p class=\"wp-block-paragraph\">A classifica\u00e7\u00e3o da Corrida de Duplas manteve o mesmo padr\u00e3o de uma etapa normal da Stock Car. Apenas os titulares foram para a pista, naquele sistema de sempre, com Q1, Q2 e Q3. No Q1, dois grupos classificaram os 15 mais r\u00e1pidos no geral para a segunda fase.<\/p>\n\n\n\n<p class=\"wp-block-paragraph\">O primeiro grupo foi para a pista \u00e0s 13h45 (em Bras\u00edlia) e os tempos fortes s\u00f3 foram registrados no minuto final da sess\u00e3o. Allam Khodair fez 1min40s9, primeiro a romper a barreira de 1min41s na classifica\u00e7\u00e3o. Guilherme Salas, Thiago Camilo e Cesar Ramos apareciam logo atr\u00e1s.<\/p>\n\n\n\n<p class=\"wp-block-paragraph\">Veio, ent\u00e3o, j\u00e1 com o cron\u00f4metro zerado, a \u00faltima tentativa de cada um. Gabriel Casagrande pulou para a ponta com 1min40s700, enquanto Salas, 0s167 mais lento, tamb\u00e9m conseguiu melhorar a marca de Khodair, que ficou em terceiro. Bruno Baptista e Marcos Gomes vieram na sequ\u00eancia.<\/p>\n\n\n\n<p class=\"wp-block-paragraph\">Daniel Serra foi sexto, Ricardo Zonta ficou em s\u00e9timo, com Julio Campos, Thiago Camilo, Ricardo Maur\u00edcio, Rubens Barrichello, Cesar Ramos, Denis Navarro, \u00c1tila Abreu e Diego Nunes completaram o grupo e, com a pista melhorando na sequ\u00eancia, precisariam secar bastante os rivais restantes.<\/p>\n\n\n\n<figure class=\"wp-block-image size-large\"><img decoding=\"async\" src=\"https:\/\/www.grandepremio.com\/br\/wp-content\/uploads\/2022\/02\/01_StockCar2022_DudaBairros_Interlagos-04-1366-1024x682.jpg\" alt=\"\" class=\"wp-image-540941\"\/><figcaption>Galid Osman comandou o grupo 2 (Foto: Duda Bairros)<\/figcaption><\/figure>\n\n\n\n<p class=\"wp-block-paragraph\"><strong>Osman lidera Grupo 2, mas fica atr\u00e1s de Casagrande<\/strong><\/p>\n\n\n\n<p class=\"wp-block-paragraph\">O segundo grupo confirmou as expectativas de sempre: com a pista com bem mais borracha, em melhores condi\u00e7\u00f5es, boa parte dos pilotos foi se colocando no top-15, garantindo a vaga no Q2. Antes mesmo da \u00faltima tentativa, Felipe Lapenna, Felipe Massa, Galid Osman e Gaetano di Mauro j\u00e1 estavam na zona de classifica\u00e7\u00e3o.<\/p>\n\n\n\n<p class=\"wp-block-paragraph\">Quando veio a tentativa final, um susto com a bandeira amarela de Tuca Antoniazi, mas o piloto da Hot Car deixou a \u00e1rea de escape e conseguiu voltar para a pista, liberando a a\u00e7\u00e3o para quem ainda precisava melhorar suas marcas.<\/p>\n\n\n\n<p class=\"wp-block-paragraph\">No fim, ningu\u00e9m bateu Casagrande, mas Galid subiu para segundo, 0s1 atr\u00e1s do atual campe\u00e3o. E boa parte do grupo 1 conseguiu ainda a vaga, com o Q2 ficando composto por Casagrande, Osman, Salas, Khodair, Bruno Baptista, Massa, Lapenna, Gomes, Rafael Suzuki, Serra, Zonta, Nelsinho Piquet, Campos, Di Mauro e Camilo.<\/p>\n\n\n\n<figure class=\"wp-block-image size-large\"><img decoding=\"async\" src=\"https:\/\/www.grandepremio.com\/br\/wp-content\/uploads\/2022\/02\/01_StockCar2022_DudaBairros_Interlagos-04-1357-1024x682.jpg\" alt=\"\" class=\"wp-image-540953\"\/><figcaption>Thiago Camilo salvou a pele da Toyota na classifica\u00e7\u00e3o (Foto: Duda Bairros)<\/figcaption><\/figure>\n\n\n\n<p class=\"wp-block-paragraph\"><strong>Salas supera Casagrande no Q2 em Interlagos<\/strong><\/p>\n\n\n\n<p class=\"wp-block-paragraph\">Veio o Q2 e, ent\u00e3o, os 15 pilotos mais velozes do Q1 brigariam por seis vagas na defini\u00e7\u00e3o da pole. Antes mesmo da \u00faltima tentativa, Salas voltou a brilhar, cravando 1min40s495 com sua KTF Chevrolet, o que parecia mais do que suficiente para o Q3. <\/p>\n\n\n\n<p class=\"wp-block-paragraph\">O atual campe\u00e3o seguia firme e forte. Casagrande foi s\u00f3 0s02 mais lento que Salas, com Lapenna, que havia brilhado no TL4, confirmando a \u00f3tima forma. Depois veio Camilo, o \u00fanico piloto com carro da Toyota que disputaria a pole. Osman e Campos, ent\u00e3o, fechavam a lista dos postulantes \u00e0 pole.<\/p>\n\n\n\n<p class=\"wp-block-paragraph\">Serra, Di Mauro, Gomes, Massa, Bruno Baptista, Zonta, Piquet, Khodair e Suzuki ficaram pelo caminho, largando, assim, entre s\u00e9timo e 15\u00ba na corrida 1 deste domingo, a que vai ser disputada pelos titulares.<\/p>\n\n\n\n<figure class=\"wp-block-image size-large\"><img decoding=\"async\" src=\"https:\/\/www.grandepremio.com\/br\/wp-content\/uploads\/2022\/02\/01_StockCar2021_MarceloMachadoDeMelo_Interlagos_0117734-1024x683.jpg\" alt=\"\" class=\"wp-image-540956\"\/><figcaption>Felipe Lapenna sai em segundo em Interlagos (Foto: Marcelo Machado de Melo)<\/figcaption><\/figure>\n\n\n\n<p class=\"wp-block-paragraph\"><strong>Casagrande crava pole e segue na ponta da Stock Car<\/strong><\/p>\n\n\n\n<p class=\"wp-block-paragraph\">No Q3, foi basicamente uma volta para cada um dos pilotos e a\u00ed, de novo, foi hora de Casagrande crescer na hora da decis\u00e3o. O paranaense virou 1min40s377, n\u00e3o dando chances para Lapenna e Salas, que vinham se destacando.<\/p>\n\n\n\n<p class=\"wp-block-paragraph\">Lapenna ainda ficou em segundo, em uma de suas melhores posi\u00e7\u00f5es em classifica\u00e7\u00e3o na Stock Car, mas Salas acabou em quarto, com Camilo garantindo a terceira coloca\u00e7\u00e3o. Galid e Julio fecham o top-6 do grid deste domingo.<\/p>\n\n\n\n<p class=\"wp-block-paragraph\"><strong>\u25b6\ufe0f&nbsp;Inscreva-se nos dois canais do GRANDE PR\u00caMIO no YouTube:&nbsp;<a href=\"https:\/\/www.youtube.com\/channel\/UC9OlHEgxoaY6QY6nWPoiqQg?sub_confirmation=1\" target=\"_blank\" rel=\"noreferrer noopener\">GP<\/a>&nbsp;|&nbsp;<a href=\"https:\/\/www.youtube.com\/channel\/UC9csiS6q_C3C0FYhyr1rnFA?sub_confirmation=1\" target=\"_blank\" rel=\"noreferrer noopener\">GP2<\/a><\/strong><\/p>\n\n\n\n<p class=\"wp-block-paragraph\"><strong>Stock Car 2022, Classifica\u00e7\u00e3o, Corrida de Duplas, Interlagos:<\/strong><\/p>\n\n\n\n<figure class=\"wp-block-table\"><table><tbody><tr><td>1<\/td><td>G CASAGRANDE\/G ROBE<\/td><td>A. MATTHEIS VOGEL CHEVROLET<\/td><td>1:40.377<\/td><td>&nbsp;<\/td><td>2<\/td><\/tr><tr><td>2<\/td><td>F LAPENNA\/S RAMALHO<\/td><td>HOT CAR CHEVROLET<\/td><td>1:40.548<\/td><td>+0.171<\/td><td>2<\/td><\/tr><tr><td>3<\/td><td>T CAMILO\/De DIRANI<\/td><td>IPIRANGA RACING TOYOTA<\/td><td>1:40.768<\/td><td>+0.391<\/td><td>2<\/td><\/tr><tr><td>4<\/td><td>G SALAS\/R REIS<\/td><td>KTF RACING CHEVROLET<\/td><td>1:40.875<\/td><td>+0.498<\/td><td>2<\/td><\/tr><tr><td>5<\/td><td>G OSMAN\/E ELIAS<\/td><td>SHELL V-POWER CHEVROLET<\/td><td>1:40.888<\/td><td>+0.511<\/td><td>2<\/td><\/tr><tr><td>6<\/td><td>J CAMPOS\/M MULLER<\/td><td>LUBRAX PODIUM CHEVROLET<\/td><td>1:41.113<\/td><td>+0.736<\/td><td>2<\/td><\/tr><tr><td>7<\/td><td>D SERRA\/A FARFUS<\/td><td>EUROFARMA RC CHEVROLET<\/td><td>1:40.876<\/td><td>+0.499<\/td><td>2<\/td><\/tr><tr><td>8<\/td><td>G DI MAURO\/G BORBOLETO<\/td><td>KTF SPORTS CHEVROLET<\/td><td>1:40.939<\/td><td>+0.562<\/td><td>2<\/td><\/tr><tr><td>9<\/td><td>M GOMES\/B CAVALEIRO<\/td><td>CAVALEIRO SPORTS CHEVROLET<\/td><td>1:40.951<\/td><td>+0.574<\/td><td>2<\/td><\/tr><tr><td>10<\/td><td>F MASSA\/T GLOCK<\/td><td>LUBRAX PODIUM CHEVROLET<\/td><td>1:40.976<\/td><td>+0.599<\/td><td>2<\/td><\/tr><tr><td>11<\/td><td>B BAPTISTA\/A HELLMEISTER<\/td><td>RCM MOTORPOSRT TOYOTA<\/td><td>1:41.009<\/td><td>+0.632<\/td><td>2<\/td><\/tr><tr><td>12<\/td><td>R ZONTA\/Da DIRANI<\/td><td>RCM MOTORSPORT TOYOTA<\/td><td>1:41.037<\/td><td>+0.660<\/td><td>2<\/td><\/tr><tr><td>13<\/td><td>N PIQUET\/P PIQUET<\/td><td>MOTUL TMG TOYOTA<\/td><td>1:41.164<\/td><td>+0.787<\/td><td>3<\/td><\/tr><tr><td>14<\/td><td>A KHODAIR\/A COSTA<\/td><td>BLAU MOTORSPORT CHEVROLET<\/td><td>1:41.284<\/td><td>+0.907<\/td><td>3<\/td><\/tr><tr><td>15<\/td><td>R SUZUKI\/J BLEEKEMOLEN<\/td><td>FULL TIME BASSANI TOYOTA<\/td><td>1:41.460<\/td><td>+1.083<\/td><td>2<\/td><\/tr><tr><td>16<\/td><td>R MAUR\u00cdCIO\/F ALBUQUERQUE<\/td><td>EUROFARMA RC CHEVROLET<\/td><td>1:41.243<\/td><td>+0.866<\/td><td>3<\/td><\/tr><tr><td>17<\/td><td>R BARRICHELLO\/E BARRICHELLO<\/td><td>FULL TIME SPORTS TOYOTA<\/td><td>1:41.245<\/td><td>+0.868<\/td><td>3<\/td><\/tr><tr><td>18<\/td><td>C RAMOS\/F DRUGOVICH<\/td><td>IPIRANGA RACING TOYOTA<\/td><td>1:41.305<\/td><td>+0.928<\/td><td>3<\/td><\/tr><tr><td>19<\/td><td>F BAPTISTA\/V BAPTISTA<\/td><td>KTF RACING CHEVROLET<\/td><td>1:41.307<\/td><td>+0.930<\/td><td>3<\/td><\/tr><tr><td>20<\/td><td>S JIMENEZ\/Z MUGGIATI<\/td><td>SCUDERIA CJ TOYOTA<\/td><td>1:41.348<\/td><td>+0.971<\/td><td>3<\/td><\/tr><tr><td>21<\/td><td>D NAVARRO\/F GIROLAMI<\/td><td>CAVALEIRO SPORTS CHEVROLET<\/td><td>1:41.385<\/td><td>+1.008<\/td><td>3<\/td><\/tr><tr><td>22<\/td><td>R BAPTISTA\/M SOULET<\/td><td>CROWN RACING CHEVROLET<\/td><td>1:41.482<\/td><td>+1.105<\/td><td>3<\/td><\/tr><tr><td>23<\/td><td>A ABREU\/R GUERRA<\/td><td>SHELL V-POWER CHEVROLET<\/td><td>1:41.488<\/td><td>+1.111<\/td><td>3<\/td><\/tr><tr><td>24<\/td><td>P CARDOSO\/R BRAGA<\/td><td>CROWN II RACING CHEVROLET<\/td><td>1:41.572<\/td><td>+1.024<\/td><td>3<\/td><\/tr><tr><td>25<\/td><td>D NUNES\/F RUEDA<\/td><td>BLAU MOTORSPORT CHEVROLET<\/td><td>1:41.598<\/td><td>+1.221<\/td><td>3<\/td><\/tr><tr><td>26<\/td><td>L FORESTI\/P RIMBANO<\/td><td>KTF SPORTS CHEVROLET<\/td><td>1:41.691<\/td><td>+1.314<\/td><td>3<\/td><\/tr><tr><td>27<\/td><td>G PETECOF\/A LEIST<\/td><td>FULL TIME TOYOTA<\/td><td>1:41.695<\/td><td>+1.318<\/td><td>3<\/td><\/tr><tr><td>28<\/td><td>C BUENO\/F FRAGA<\/td><td>CROWN RACING CHEVROLET<\/td><td>1:41.697<\/td><td>+1.320<\/td><td>3<\/td><\/tr><tr><td>29<\/td><td>T KANAAN\/P FITTIPALDI<\/td><td>FULL TIME BASSANI TOYOTA<\/td><td>1:41.798<\/td><td>+1.421<\/td><td>4<\/td><\/tr><tr><td>30<\/td><td>B MONTEIRO\/K PORTO<\/td><td>SCUDERIA CJ TOYOTA<\/td><td>1:42.135<\/td><td>+1.758<\/td><td>3<\/td><\/tr><tr><td>31<\/td><td>G FRIGOTTO\/F FOGA\u00c7A<\/td><td>RKL COMPETI\u00c7\u00d5ES CHEVROLET<\/td><td>1:42.854<\/td><td>+2.477<\/td><td>3<\/td><\/tr><tr><td>32<\/td><td>T ANTONIAZI\/A MORAES JR.<\/td><td>HOT CAR CHEVROLET<\/td><td>1:44.151<\/td><td>+3.774<\/td><td>&nbsp;<\/td><\/tr><\/tbody><\/table><\/figure>\n\n\n\n<p class=\"wp-block-paragraph\"><\/p>\n","protected":false},"excerpt":{"rendered":"<p>Gabriel Casagrande come\u00e7ou na Stock Car 2022 de onde parou em 2021: na frente. O paranaense cravou a pole em Interlagos, colocando 0s171 no surpreendente Felipe Lapenna<\/p>\n","protected":false},"author":0,"featured_media":1000540947,"comment_status":"closed","ping_status":"closed","sticky":false,"template":"","format":"standard","meta":{"42wp_featured_image_caption":"","42wp_featured_image_credits":"","42wp_featured_video":"","42wp_featured_image_hidden":false,"42wp_authors_list":[],"footnotes":""},"categories":[11],"tags":[74,2507,1813,1617,498,1616,124,1454,69,29663,1213,2458],"42wp_author":[47117],"class_list":["post-114676","post","type-post","status-publish","format-standard","has-post-thumbnail","hentry","category-stock-car","tag-corrida-duplas","tag-felipe-lapenna","tag-gabriel-casagrande","tag-gabriel-robe","tag-galid-osman","tag-guilherme-salas","tag-interlagos","tag-julio-campos","tag-stock-car","tag-stock-car-2022","tag-thiago-camilo","tag-timo-glock","42wp_author-gabriel-curty"],"_links":{"self":[{"href":"https:\/\/grandepremio.com\/br\/wp-json\/wp\/v2\/posts\/114676","targetHints":{"allow":["GET"]}}],"collection":[{"href":"https:\/\/grandepremio.com\/br\/wp-json\/wp\/v2\/posts"}],"about":[{"href":"https:\/\/grandepremio.com\/br\/wp-json\/wp\/v2\/types\/post"}],"replies":[{"embeddable":true,"href":"https:\/\/grandepremio.com\/br\/wp-json\/wp\/v2\/comments?post=114676"}],"version-history":[{"count":0,"href":"https:\/\/grandepremio.com\/br\/wp-json\/wp\/v2\/posts\/114676\/revisions"}],"wp:featuredmedia":[{"embeddable":true,"href":"https:\/\/grandepremio.com\/br\/wp-json\/wp\/v2\/media\/1000540947"}],"wp:attachment":[{"href":"https:\/\/grandepremio.com\/br\/wp-json\/wp\/v2\/media?parent=114676"}],"wp:term":[{"taxonomy":"category","embeddable":true,"href":"https:\/\/grandepremio.com\/br\/wp-json\/wp\/v2\/categories?post=114676"},{"taxonomy":"post_tag","embeddable":true,"href":"https:\/\/grandepremio.com\/br\/wp-json\/wp\/v2\/tags?post=114676"},{"taxonomy":"42wp_author","embeddable":true,"href":"https:\/\/grandepremio.com\/br\/wp-json\/wp\/v2\/42wp_author?post=114676"}],"curies":[{"name":"wp","href":"https:\/\/api.w.org\/{rel}","templated":true}]}}