{"id":11469,"date":"2026-03-04T23:39:36","date_gmt":"2026-03-05T02:39:36","guid":{"rendered":"https:\/\/grandepremio.com\/br\/noticias\/adrian-newey-insiste-aston-martin-tem-potencial-progredir-mas-levara-tempo\/"},"modified":"2026-03-05T00:05:56","modified_gmt":"2026-03-05T03:05:56","slug":"adrian-newey-insiste-aston-martin-tem-potencial-progredir-mas-levara-tempo","status":"publish","type":"post","link":"https:\/\/grandepremio.com\/br\/f1\/adrian-newey-insiste-aston-martin-tem-potencial-progredir-mas-levara-tempo\/","title":{"rendered":"Newey insiste que Aston Martin &#8220;tem potencial para progredir&#8221;, mas &#8220;levar\u00e1 tempo&#8221;"},"content":{"rendered":"\n<p class=\"wp-block-paragraph\">Apesar do problema cr\u00f4nico no motor <strong>Honda <\/strong>e a confirma\u00e7\u00e3o da participa\u00e7\u00e3o limitada da <strong>Aston Martin <\/strong>no <strong>GP da Austr\u00e1lia<\/strong>, <strong>Adrian Newey<\/strong> insistiu que a equipe tem nas m\u00e3os um dos melhores pacotes aerodin\u00e2micos do grid. Na vis\u00e3o do projetista e chefe da esquadra de <strong>Silverstone<\/strong>, h\u00e1 um &#8220;enorme potencial de desenvolvimento&#8221;, por\u00e9m vai demorar at\u00e9 que os objetivos sejam alcan\u00e7ados.<\/p>\n\n\n\n<p class=\"wp-block-paragraph\"><a href=\"https:\/\/www.grandepremio.com\/br\/f1\/noticias\/aston-martin-impoe-limite-maximo-voltas-gp-australia-risco-lesao-permanente\/\">Newey falou abertamente sobre os problemas<\/a> da Aston Martin em coletiva de imprensa nesta quinta-feira (5), hora local, em <strong>Melbourne<\/strong>. O brit\u00e2nico explicou que as vibra\u00e7\u00f5es no motor afetam o chassi e, consequentemente, a parte f\u00edsica dos pilotos. Por conta do risco de les\u00e3o nos nervos das m\u00e3os, <strong>Fernando Alonso<\/strong> e <strong>Lance Stroll <\/strong>devem completar, no m\u00e1ximo, 25 das 58 voltas programadas.<\/p>\n\n\n\n<p class=\"wp-block-paragraph\">Depois da entrevista \u00e0 imprensa, a Aston Martin emitiu nota oficial com declara\u00e7\u00e3o de Newey ratificando a confian\u00e7a no projeto do <strong>AMR26<\/strong>. <\/p>\n\n\n\n<p class=\"wp-block-paragraph\">&#8220;O que tentamos focar foi ter um pacote arquitet\u00f4nico bom e s\u00f3lido. Acho que conseguimos isso. Portanto, acredito que o carro tem um enorme potencial de desenvolvimento&#8221;, disse Adrian.<\/p>\n\n\n\n<figure class=\"wp-block-image size-large\"><img decoding=\"async\" src=\"https:\/\/www.grandepremio.com\/br\/wp-content\/uploads\/2026\/02\/Fernando-Alonso-Aston-Martin-dia-2-pre-temporada-F1-Bahrein-2026-Foto-Reproducao-F1-1200x776.jpg\" alt=\"\" class=\"wp-image-1057637\"\/><figcaption class=\"wp-element-caption\">Fernando Alonso em a\u00e7\u00e3o: Aston Martin confirmou participa\u00e7\u00e3o reduzida na Austr\u00e1lia (Foto: Reprodu\u00e7\u00e3o\/F1)<\/figcaption><\/figure>\n\n\n\n<p class=\"wp-block-paragraph\">&#8220;Claro, levar\u00e1 tempo at\u00e9 alcan\u00e7armos totalmente esse potencial. Portanto, creio ser justo dizer que, aqui em Melbourne, estaremos atr\u00e1s dos l\u00edderes. Obviamente n\u00e3o \u00e9 onde queremos estar, mas com potencial para progredir e sermos competitivos&#8221;, finalizou.<\/p>\n\n\n\n<p class=\"wp-block-paragraph\">Durante a coletiva, Newey chegou a dizer que considera a Aston Martin &#8220;a quinta melhor equipe, com potencial para chegar ao Q3 em termos de chassi&#8221;. A quest\u00e3o, todavia, \u00e9 que a falha na unidade de pot\u00eancia comprometeu a participa\u00e7\u00e3o do time na pr\u00e9-temporada: foram somente 334 voltas em seis dias de testes coletivos.<\/p>\n\n\n\n<p class=\"wp-block-paragraph\">A&nbsp;<strong><a href=\"https:\/\/www.grandepremio.com\/br\/f1\/\" target=\"_blank\" rel=\"noreferrer noopener\"><\/a><a href=\"https:\/\/www.grandepremio.com\/br\/f1\/\" target=\"_blank\" rel=\"noreferrer noopener\">F\u00f3rmula 1<\/a><\/strong>&nbsp;retorna neste fim de semana, de 5 a 8 de mar\u00e7o, com o&nbsp;<strong>GP da Austr\u00e1lia<\/strong>, abertura da temporada 2026. O&nbsp;<strong>GRANDE PR\u00caMIO<\/strong>&nbsp;acompanha todas as atividades<a href=\"https:\/\/www.grandepremio.com\/br\/ao-vivo\/f1\/\">&nbsp;<strong>AO VIVO E EM&nbsp;<\/strong><\/a><strong><a href=\"https:\/\/www.grandepremio.com\/br\/ao-vivo\/\" target=\"_blank\" rel=\"noreferrer noopener\">TEMPO REAL<\/a><\/strong>,&nbsp;<a href=\"https:\/\/www.youtube.com\/@GrandePremio1\/streams\">al\u00e9m de classifica\u00e7\u00e3o e corrida em&nbsp;<strong>SEGUNDA TELA&nbsp;<\/strong>no YouTube<\/a>, em parceria com a&nbsp;<strong>Voz do Esporte<\/strong>. O&nbsp;<strong>Briefing&nbsp;<\/strong>chega para analisar ap\u00f3s o fim de cada dia de atividades nas redes sociais e na&nbsp;<strong>GPTV<\/strong>.<\/p>\n\n\n\n<p class=\"wp-block-paragraph\"><strong>GP da Austr\u00e1lia de F1: veja os hor\u00e1rios em Brasil, Cabo Verde,&nbsp;<a href=\"https:\/\/grandepremio.pt\/\" target=\"_blank\" rel=\"noreferrer noopener\">Portugal<\/a>, Angola e Mo\u00e7ambique:<\/strong><\/p>\n\n\n\n<figure class=\"wp-block-table\"><table class=\"has-fixed-layout\"><tbody><tr><td><strong>Sess\u00e3o<\/strong><\/td><td><strong>BRA*<\/strong><\/td><td><strong>CBV<\/strong><\/td><td><strong>POR<\/strong><br><strong>ANG<\/strong><\/td><td><strong>MOZ<\/strong><\/td><\/tr><tr><td>Treino livre 1<\/td><td>22:30<\/td><td>0:30<\/td><td>02:30<\/td><td>03:30<\/td><\/tr><tr><td>Treino livre 2<\/td><td>02:00<\/td><td>04:00<\/td><td>06:00<\/td><td>07:00<\/td><\/tr><tr><td>Treino livre 3<\/td><td>22:30<\/td><td>0:30<\/td><td>02:30<\/td><td>03:30<\/td><\/tr><tr><td>Classifica\u00e7\u00e3o<\/td><td>02:00<\/td><td>04:00<\/td><td>06:00<\/td><td>07:00<\/td><\/tr><tr><td>Corrida<\/td><td>01:00<\/td><td>03:00<\/td><td>05:00<\/td><td>06:00<\/td><\/tr><\/tbody><\/table><\/figure>\n\n\n\n<p class=\"wp-block-paragraph\"><em>*Hor\u00e1rio de Bras\u00edlia<\/em><\/p>\n\n\n\n<p class=\"wp-block-paragraph\">\u25b6\ufe0f&nbsp;<strong>Inscreva-se nos dois canais do GRANDE PR\u00caMIO no YouTube:&nbsp;<a href=\"https:\/\/www.youtube.com\/channel\/UC9OlHEgxoaY6QY6nWPoiqQg?sub_confirmation=1\" target=\"_blank\" rel=\"noreferrer noopener\">GP<\/a>&nbsp;|&nbsp;<a href=\"https:\/\/www.youtube.com\/channel\/UC9csiS6q_C3C0FYhyr1rnFA?sub_confirmation=1\" target=\"_blank\" rel=\"noreferrer noopener\">GPTV<\/a><\/strong><\/p>\n\n\n\n<h2 class=\"wp-block-heading\" id=\"h-guia-da-f1-2026-o-que-esperar-da-temporada\">GUIA DA F1 2026: o que esperar da temporada<\/h2>\n\n\n\n<p class=\"wp-block-paragraph\">\u25b6\ufe0f&nbsp;<strong><a href=\"https:\/\/www.grandepremio.com\/br\/f1\/noticias\/guia-2026-charles-leclerc-inicia-novo-capitulo-ferrari-ano-decisivo-futuro-parceria\/\"><\/a><a href=\"https:\/\/www.grandepremio.com\/br\/f1\/noticias\/guia-2026-lando-norris-estampa-trunfo-batalha-promete-oscar-piastri-mordido\/\">Norris estampa #1 como trunfo em batalha que promete Piastri mordido<\/a>&nbsp;<br><\/strong>\u25b6\ufe0f&nbsp;<strong><a href=\"https:\/\/www.grandepremio.com\/br\/f1\/noticias\/guia-2026-oscar-piastri-dever-provar-nao-e-escudeiro-lando-norris-f1\/\"><\/a><a href=\"https:\/\/www.grandepremio.com\/br\/f1\/noticias\/guia-2026-ferrari-encara-f1-sob-pressao-mas-com-esperancas-no-novo-regulamento\/\">Ferrari encara F1 sob press\u00e3o, mas com esperan\u00e7as no novo regulamento<\/a><br><\/strong>\u25b6\ufe0f&nbsp;<strong><a href=\"https:\/\/www.grandepremio.com\/br\/f1\/noticias\/guia-2026-mercedes-espera-futuro-repetir-passado-dominar-nova-era-formula-1\/\"><\/a><a href=\"https:\/\/www.grandepremio.com\/br\/f1\/noticias\/guia-2026-cadillac-aposta-sergio-perez-valtteri-bottas-consolidar-vaga-suada-grid-f1\/\">Cadillac aposta em P\u00e9rez e Bottas para consolidar vaga suada em grid da F1<\/a><br><\/strong>\u25b6\ufe0f&nbsp;<strong><a href=\"https:\/\/www.grandepremio.com\/br\/f1\/noticias\/guia-2026-alpine-abre-nova-era-obrigacao-acertou-all-in-flavio-briatore\/\"><\/a><a href=\"https:\/\/www.grandepremio.com\/br\/f1\/noticias\/guia-2026-williams-vive-primeira-crise-era-james-vowles-luta-contra-queda-brusca-formula-1\/\">Williams vive primeira crise da \u2018era Vowles\u2019 e luta contra queda brusca na F1<\/a><br><\/strong>\u25b6\ufe0f&nbsp;<strong><a href=\"https:\/\/www.grandepremio.com\/br\/f1\/noticias\/guia-2026-haas-busca-colher-frutos-de-reestruturacao-liderada-por-komatsu-na-f1\/\"><\/a><a href=\"https:\/\/www.grandepremio.com\/br\/f1\/noticias\/guia-2026-racing-bulls-inicia-era-helmut-marko-dividida-entre-formadora-concorrente\/\">Racing Bulls inicia era sem Marko e dividida entre formadora e concorrente<\/a><\/strong><br>\u25b6\ufe0f&nbsp;<a href=\"https:\/\/www.grandepremio.com\/br\/f1\/noticias\/guia-2026-andrea-kimi-antonelli-se-livra-holofotes-mira-george-russell-para-provar-valor-mercedes\/\"><strong>Antonelli se livra de holofotes e mira em Russell para provar valor \u00e0 Mercedes<\/strong><\/a><br>\u25b6\ufe0f&nbsp;<a href=\"https:\/\/www.grandepremio.com\/br\/f1\/noticias\/guia-2026-isack-hadjar-encontra-red-bull-renovada-luta-contra-maldicao-2o-carro\/\"><strong>Hadjar encontra Red Bull renovada em luta contra maldi\u00e7\u00e3o do 2\u00ba carro<\/strong><\/a><\/p>\n","protected":false},"excerpt":{"rendered":"<p>Adrian Newey explicou que a Aston Martin estar\u00e1 &#8220;atr\u00e1s dos l\u00edderes em Melbourne&#8221;, Austr\u00e1lia, mas reiterou que o projeto tem &#8220;enorme potencial de desenvolvimento&#8221;<\/p>\n","protected":false},"author":0,"featured_media":1001057177,"comment_status":"closed","ping_status":"closed","sticky":false,"template":"","format":"standard","meta":{"42wp_featured_image_caption":"","42wp_featured_image_credits":"","42wp_featured_video":"","42wp_featured_image_hidden":false,"42wp_authors_list":[],"footnotes":""},"categories":[2],"tags":[3547,309,26271,5273,147,29516,29148,180,31425,28995,1753,34263,1491,28285,130,30840,1757,46031,34212,866,35129,31470],"42wp_author":[47147],"class_list":["post-11469","post","type-post","status-publish","format-standard","has-post-thumbnail","hentry","category-f1","tag-adrian-newey","tag-aston-martin","tag-calendario-f1","tag-classificacao-f1","tag-f1","tag-f1-2026","tag-f1-hoje","tag-formula-1","tag-formula-1-2026","tag-formula-1-hoje","tag-gp-da-australia","tag-gp-da-australia-f1","tag-grande-premio","tag-grandepremio","tag-honda","tag-horarios-f1","tag-melbourne","tag-melbourne-2026","tag-melbourne-f1","tag-motor-honda","tag-onde-assistir-f1","tag-temporada-2026-f1","42wp_author-luana-marino"],"_links":{"self":[{"href":"https:\/\/grandepremio.com\/br\/wp-json\/wp\/v2\/posts\/11469","targetHints":{"allow":["GET"]}}],"collection":[{"href":"https:\/\/grandepremio.com\/br\/wp-json\/wp\/v2\/posts"}],"about":[{"href":"https:\/\/grandepremio.com\/br\/wp-json\/wp\/v2\/types\/post"}],"replies":[{"embeddable":true,"href":"https:\/\/grandepremio.com\/br\/wp-json\/wp\/v2\/comments?post=11469"}],"version-history":[{"count":0,"href":"https:\/\/grandepremio.com\/br\/wp-json\/wp\/v2\/posts\/11469\/revisions"}],"wp:featuredmedia":[{"embeddable":true,"href":"https:\/\/grandepremio.com\/br\/wp-json\/wp\/v2\/media\/1001057177"}],"wp:attachment":[{"href":"https:\/\/grandepremio.com\/br\/wp-json\/wp\/v2\/media?parent=11469"}],"wp:term":[{"taxonomy":"category","embeddable":true,"href":"https:\/\/grandepremio.com\/br\/wp-json\/wp\/v2\/categories?post=11469"},{"taxonomy":"post_tag","embeddable":true,"href":"https:\/\/grandepremio.com\/br\/wp-json\/wp\/v2\/tags?post=11469"},{"taxonomy":"42wp_author","embeddable":true,"href":"https:\/\/grandepremio.com\/br\/wp-json\/wp\/v2\/42wp_author?post=11469"}],"curies":[{"name":"wp","href":"https:\/\/api.w.org\/{rel}","templated":true}]}}