{"id":114696,"date":"2022-02-11T19:00:30","date_gmt":"2022-02-11T22:00:30","guid":{"rendered":"https:\/\/grandepremio.com\/br\/noticias\/daniel-ricciardo-revela-que-nao-conhecia-seus-pontos-fortes-antes-dos-problemas-de-2021-na-f1\/"},"modified":"2022-02-11T19:15:34","modified_gmt":"2022-02-11T22:15:34","slug":"daniel-ricciardo-revela-que-nao-conhecia-seus-pontos-fortes-antes-dos-problemas-de-2021-na-f1","status":"publish","type":"post","link":"https:\/\/grandepremio.com\/br\/f1\/daniel-ricciardo-revela-que-nao-conhecia-seus-pontos-fortes-antes-dos-problemas-de-2021-na-f1\/","title":{"rendered":"Ricciardo revela que &#8220;n\u00e3o conhecia meus pontos fortes&#8221; antes dos problemas de 2021"},"content":{"rendered":"\n<figure class=\"wp-block-embed is-type-video is-provider-youtube wp-block-embed-youtube wp-embed-aspect-16-9 wp-has-aspect-ratio\"><div class=\"wp-block-embed__wrapper\">\n<iframe loading=\"lazy\" title=\"McLAREN APRESENTA MCL36 PARA TEMPORADA 2022 DA F1 | React\" width=\"500\" height=\"281\" src=\"https:\/\/www.youtube.com\/embed\/YlEr164HSIg?feature=oembed\" frameborder=\"0\" allow=\"accelerometer; autoplay; clipboard-write; encrypted-media; gyroscope; picture-in-picture; web-share\" referrerpolicy=\"strict-origin-when-cross-origin\" allowfullscreen><\/iframe>\n<\/div><\/figure>\n\n\n\n<p class=\"wp-block-paragraph\">Um depois de estrear na McLaren, Daniel Ricciardo reconheceu que &#8220;realmente n\u00e3o conhecia seus pontos fortes&#8221; como piloto de F\u00f3rmula 1. O australiano, que decidira trocar a Renault pela equipe inglesa, viveu um 2021 dif\u00edcil em que teve enorme dificuldade para se adaptar ao carro laranja. Ainda que tenha vencido o GP da It\u00e1lia e encerrado um enorme jejum da esquadra de Woking, Daniel admitiu que precisou mudar seu estilo de pilotagem e se ajustar \u00e0 for\u00e7a ao novo momento.<\/p>\n\n\n\n<p class=\"wp-block-paragraph\">Na primeira parte do Mundial do ano passado, Ricciardo foi ofuscado pelo companheiro Lando Norris, que foi ao p\u00f3dio em tr\u00eas oportunidades e chegou a se colocar na terceira posi\u00e7\u00e3o da tabela. Mas ap\u00f3s o triunfo em Monza, o primeiro da McLaren desde 2012, o homem de Perth passou a conquistar resultados melhores.<\/p>\n\n\n\n<p class=\"wp-block-paragraph\">&#8220;H\u00e1 muito que posso usar daqui para frente, simplesmente porque, sim, me ocorreu que realmente n\u00e3o conhecia mesmo meus pontos fortes&#8221;, afirmou Daniel <a href=\"https:\/\/www.grandepremio.com\/br\/f1\/noticias\/mclaren-destaca-esforco-mcl36-prega-cautela-para-encostar-nos-lideres\/\">durante o lan\u00e7amento do carro da McLaren, na tarde desta sexta-feira (11)<\/a>. &#8220;Eu sabia que poderia ser muito r\u00e1pido, mas achava que era porque talvez fosse mais corajoso que os outros em curvas de alta velocidade, sem me importar muito, sei l\u00e1.&#8221;<\/p>\n\n\n\n<p class=\"wp-block-paragraph\"><strong>\u25b6\ufe0f&nbsp;Inscreva-se nos dois canais do GRANDE PR\u00caMIO no YouTube:&nbsp;<a href=\"https:\/\/www.youtube.com\/channel\/UC9OlHEgxoaY6QY6nWPoiqQg?sub_confirmation=1\" target=\"_blank\" rel=\"noreferrer noopener\">GP<\/a>&nbsp;|&nbsp;<a href=\"https:\/\/www.youtube.com\/channel\/UC9csiS6q_C3C0FYhyr1rnFA?sub_confirmation=1\" target=\"_blank\" rel=\"noreferrer noopener\">GP2<\/a><\/strong><\/p>\n\n\n\n<figure class=\"wp-block-image size-large\"><img decoding=\"async\" src=\"https:\/\/www.grandepremio.com\/br\/wp-content\/uploads\/2022\/02\/MCL36_Launch_2_front_LN_Blank-1024x1024.png\" alt=\"\" class=\"wp-image-540693\"\/><figcaption>A McLaren lan\u00e7ou nesta sexta-feira o MCL36 para a temporada 2022 da F1 (Foto: McLaren)<\/figcaption><\/figure>\n\n\n\n<p class=\"wp-block-paragraph\"><strong>LEIA TAMB\u00c9M<br><a href=\"https:\/\/www.grandepremio.com\/br\/f1\/noticias\/mclaren-destaca-esforco-mcl36-prega-cautela-para-encostar-nos-lideres\/\">+McLaren destaca &#8220;esfor\u00e7o total&#8221; no MCL36, mas prega cautela para &#8220;encostar nos l\u00edderes&#8221;<\/a><br><a href=\"https:\/\/victor-martins.grandepremio.com\/br\/2022\/02\/11\/mclaren-mcl36-carro-trikas-formula-1-2022\/\">+MCL36 tem solu\u00e7\u00f5es interessantes na suspens\u00e3o, mas o principal: \u00e9 um carro trikas<\/a><\/strong><\/p>\n\n\n\n<p class=\"wp-block-paragraph\">&#8220;Mas, passando por isso, percebi que tudo bem, isso \u00e9 o que me fez r\u00e1pido nos \u00faltimos anos. Isso \u00e9 o que realmente d\u00e1 confian\u00e7a no carro. \u00c9 aqui que sou melhor do que os outros&#8221;, completou.<\/p>\n\n\n\n<p class=\"wp-block-paragraph\">Ricciardo revelou ainda como foi que descobriu o que precisava fazer para se ajustar melhor \u00e0 McLaren. &#8220;A realidade \u00e9 que as coisas n\u00e3o t\u00eam solu\u00e7\u00e3o da noite para o dia. Foi preciso trabalhar isso em mim tamb\u00e9m. E adaptar meu estilo para o carro. Definitivamente, aprendi meus pontos fortes. Acho que minhas fraquezas ficaram mais aparentes, mas foi realmente descobrir tudo isso&#8221;, emendou.<\/p>\n\n\n\n<p class=\"wp-block-paragraph\">Um campeonato todo depois, Ricciardo acredita que soube como influenciar melhor o projeto do novo MCL36, para enfrentar menos dificuldades em 2022. &#8220;Desde muito cedo, desde quando entrei no carro, estava passando informa\u00e7\u00f5es sobre o que era diferente da Renault ou da Red Bull, ent\u00e3o j\u00e1 estava passando muitos dados\u201d, revelou.<\/p>\n\n\n\n<p class=\"wp-block-paragraph\">O australiano ter\u00e1 a chance de guiar o novo carro da McLaren no fim deste m\u00eas, durante a primeira sess\u00e3o de testes coletivos, em Barcelona, na Espanha. <\/p>\n\n\n\n<figure class=\"wp-block-embed is-type-video is-provider-youtube wp-block-embed-youtube wp-embed-aspect-16-9 wp-has-aspect-ratio\"><div class=\"wp-block-embed__wrapper\">\n<iframe loading=\"lazy\" title=\"ASTON MARTIN APRESENTA AMR22 PARA TEMPORADA 2022 DA F1 | React\" width=\"500\" height=\"281\" src=\"https:\/\/www.youtube.com\/embed\/AiS-2reBexY?start=14&amp;feature=oembed\" frameborder=\"0\" allow=\"accelerometer; autoplay; clipboard-write; encrypted-media; gyroscope; picture-in-picture; web-share\" referrerpolicy=\"strict-origin-when-cross-origin\" allowfullscreen><\/iframe>\n<\/div><\/figure>\n","protected":false},"excerpt":{"rendered":"<p>Daniel Ricciardo admitiu as dificuldades que enfrentou em 2021 e revelou um lado positivo da situa\u00e7\u00e3o. Ap\u00f3s um ano com a McLaren, o australiano soube reconhecer seus pontos fortes na F1<\/p>\n","protected":false},"author":0,"featured_media":1000505970,"comment_status":"closed","ping_status":"closed","sticky":false,"template":"","format":"standard","meta":{"42wp_featured_image_caption":"","42wp_featured_image_credits":"","42wp_featured_video":"","42wp_featured_image_hidden":false,"42wp_authors_list":[],"footnotes":""},"categories":[2],"tags":[545,211,147,156,1357,24837,26275,26841,547,30510,90],"42wp_author":[47115],"class_list":["post-114696","post","type-post","status-publish","format-standard","has-post-thumbnail","hentry","category-f1","tag-andreas-seidl","tag-daniel-ricciardo","tag-f1","tag-f1-2021","tag-f1-2022","tag-formula-1-2","tag-formula-1-2021-3","tag-formula-1-2022","tag-lando-norris","tag-mcl36","tag-mclaren","42wp_author-evelyn-guimaraes"],"_links":{"self":[{"href":"https:\/\/grandepremio.com\/br\/wp-json\/wp\/v2\/posts\/114696","targetHints":{"allow":["GET"]}}],"collection":[{"href":"https:\/\/grandepremio.com\/br\/wp-json\/wp\/v2\/posts"}],"about":[{"href":"https:\/\/grandepremio.com\/br\/wp-json\/wp\/v2\/types\/post"}],"replies":[{"embeddable":true,"href":"https:\/\/grandepremio.com\/br\/wp-json\/wp\/v2\/comments?post=114696"}],"version-history":[{"count":0,"href":"https:\/\/grandepremio.com\/br\/wp-json\/wp\/v2\/posts\/114696\/revisions"}],"wp:featuredmedia":[{"embeddable":true,"href":"https:\/\/grandepremio.com\/br\/wp-json\/wp\/v2\/media\/1000505970"}],"wp:attachment":[{"href":"https:\/\/grandepremio.com\/br\/wp-json\/wp\/v2\/media?parent=114696"}],"wp:term":[{"taxonomy":"category","embeddable":true,"href":"https:\/\/grandepremio.com\/br\/wp-json\/wp\/v2\/categories?post=114696"},{"taxonomy":"post_tag","embeddable":true,"href":"https:\/\/grandepremio.com\/br\/wp-json\/wp\/v2\/tags?post=114696"},{"taxonomy":"42wp_author","embeddable":true,"href":"https:\/\/grandepremio.com\/br\/wp-json\/wp\/v2\/42wp_author?post=114696"}],"curies":[{"name":"wp","href":"https:\/\/api.w.org\/{rel}","templated":true}]}}