{"id":114708,"date":"2022-02-11T13:14:42","date_gmt":"2022-02-11T16:14:42","guid":{"rendered":"https:\/\/grandepremio.com\/br\/noticias\/lucas-di-grassi-espera-por-corrida-estrategica-no-mexico-bateria-e-pneus-ditam-o-ritmo\/"},"modified":"2022-02-11T13:44:27","modified_gmt":"2022-02-11T16:44:27","slug":"lucas-di-grassi-espera-por-corrida-estrategica-no-mexico-bateria-e-pneus-ditam-o-ritmo","status":"publish","type":"post","link":"https:\/\/grandepremio.com\/br\/formula-e\/lucas-di-grassi-espera-por-corrida-estrategica-no-mexico-bateria-e-pneus-ditam-o-ritmo\/","title":{"rendered":"Di Grassi espera por corrida estrat\u00e9gica no M\u00e9xico: &#8220;Bateria e pneus ditam o ritmo&#8221;"},"content":{"rendered":"\n<figure class=\"wp-block-embed is-type-video is-provider-youtube wp-block-embed-youtube wp-embed-aspect-16-9 wp-has-aspect-ratio\"><div class=\"wp-block-embed__wrapper\">\n<iframe loading=\"lazy\" title=\"&amp;apos;I&amp;apos;M BACK&amp;apos;: HAMILTON REAPARECE. O QUE ESPERAR DELE NA F1 2022?\" width=\"500\" height=\"281\" src=\"https:\/\/www.youtube.com\/embed\/Me-UE6C0KWc?feature=oembed\" frameborder=\"0\" allow=\"accelerometer; autoplay; clipboard-write; encrypted-media; gyroscope; picture-in-picture; web-share\" referrerpolicy=\"strict-origin-when-cross-origin\" allowfullscreen><\/iframe>\n<\/div><figcaption>&#8216;I&#8217;M BACK&#8217;: HAMILTON REAPARECE. O QUE ESPERAR DELE NA F\u00d3RMULA 1 2022?<\/figcaption><\/figure>\n\n\n\n<p class=\"wp-block-paragraph\">Ap\u00f3s a estreia da temporada 2022 da F\u00f3rmula E em Diriyah, na Ar\u00e1bia Saudita, a categoria se desloca para a Cidade do M\u00e9xico neste final de semana para realizar a segunda etapa do ano. E com a experi\u00eancia de quem j\u00e1 venceu tr\u00eas vezes no pa\u00eds, o brasileiro Lucas Di Grassi, da Venturi, acredita que o cen\u00e1rio ser\u00e1 completamente diferente ao da etapa de abertura, quando conseguiu um quinto lugar na corrida 1 e um p\u00f3dio na corrida 2, com o terceiro lugar.<\/p>\n\n\n\n<p class=\"wp-block-paragraph\">&#8220;A etapa do M\u00e9xico ter\u00e1 um perfil bem diferente da que realizamos na Ar\u00e1bia Saudita&#8221;, opinou. &#8220;Aqui, o que vai ditar o ritmo ser\u00e1 o n\u00edvel de consumo de bateria e tamb\u00e9m dos pneus, fatores que n\u00e3o eram cr\u00edticos na primeira etapa do ano, em Diriyah. Vai ser importante ter uma boa leitura desses elementos durante a corrida, pois no final se voc\u00ea n\u00e3o tiver bateria suficiente ou pneus em bom estado, pode perder muitas posi\u00e7\u00f5es&#8221;, afirmou Di Grassi.<\/p>\n\n\n\n<figure class=\"wp-block-image size-large\"><img decoding=\"async\" src=\"https:\/\/www.grandepremio.com\/br\/wp-content\/uploads\/2022\/01\/Di-Grassi-1024x682.jpg\" alt=\"\" class=\"wp-image-537703\"\/><figcaption>Lucas Di Grassi se prepara para voltar ao M\u00e9xico, onde j\u00e1 venceu tr\u00eas vezes na F\u00f3rmula E (Foto: Venturi)<\/figcaption><\/figure>\n\n\n\n<p class=\"wp-block-paragraph\"><strong>\u25b6\ufe0f&nbsp;Inscreva-se nos dois canais do GRANDE PR\u00caMIO no YouTube:&nbsp;<a href=\"https:\/\/www.youtube.com\/channel\/UC9OlHEgxoaY6QY6nWPoiqQg?sub_confirmation=1\" target=\"_blank\" rel=\"noreferrer noopener\">GP<\/a>&nbsp;|&nbsp;<a href=\"https:\/\/www.youtube.com\/channel\/UC9csiS6q_C3C0FYhyr1rnFA?sub_confirmation=1\" target=\"_blank\" rel=\"noreferrer noopener\">GP2<\/a><\/strong><\/p>\n\n\n\n<p class=\"wp-block-paragraph\">Esta ser\u00e1 a oitava corrida da F\u00f3rmula E no M\u00e9xico, sendo a sexta no Aut\u00f3dromo Hermanos Rodr\u00edguez \u2014 que tamb\u00e9m recebe a F\u00f3rmula 1. As outras duas aconteceram em Puebla, no ano passado, pois o palco principal estava servindo de hospital de campanha devido \u00e0 pandemia de Covid-19.<\/p>\n\n\n\n<p class=\"wp-block-paragraph\">Di Grassi assegurou vit\u00f3rias na Cidade do M\u00e9xico em 2017 e 2019 \u2014 esta \u00faltima de maneira espetacular, quando perseguiu Pascal Wehrlein at\u00e9 o final e contou com 1% a mais de bateria para ultrapassar praticamente em cima da linha de chegada. Al\u00e9m disso, ainda triunfou em Puebla no ano passado, em sua temporada de despedida da Audi \u2014 que deixou a categoria de monopostos el\u00e9tricos.<\/p>\n\n\n\n<figure class=\"wp-block-embed aligncenter is-type-rich is-provider-twitter wp-block-embed-twitter\"><div class=\"wp-block-embed__wrapper\">\n<blockquote class=\"twitter-tweet\" data-width=\"500\" data-dnt=\"true\"><p lang=\"pt\" dir=\"ltr\">VEJA E REVEJA QUANTAS VEZES QUISER! <a href=\"https:\/\/x.com\/LucasdiGrassi?ref_src=twsrc%5Etfw\">@LucasdiGrassi<\/a> fez linda manobra antes da linha de chegada para ganhar o <a href=\"https:\/\/x.com\/hashtag\/MexicoCityEPrix?src=hash&amp;ref_src=twsrc%5Etfw\">#MexicoCityEPrix<\/a> <a href=\"https:\/\/x.com\/hashtag\/FEnoGP?src=hash&amp;ref_src=twsrc%5Etfw\">#FEnoGP<\/a> <a href=\"https:\/\/t.co\/C5o9p2KhTT\">pic.twitter.com\/C5o9p2KhTT<\/a><\/p>&mdash; Grande Pr\u00eamio (@grandepremio) <a href=\"https:\/\/x.com\/grandepremio\/status\/1096913671916347392?ref_src=twsrc%5Etfw\">February 16, 2019<\/a><\/blockquote><script async src=\"https:\/\/platform.x.com\/widgets.js\" charset=\"utf-8\"><\/script>\n<\/div><\/figure>\n\n\n\n<p class=\"wp-block-paragraph\">Com os resultados conquistados no eP de Diriyah, atualmente Di Grassi ocupa a quarta coloca\u00e7\u00e3o na tabela de classifica\u00e7\u00e3o da F\u00f3rmula E, empatado com Jake Dennis, da Andretti, em 25 pontos. O l\u00edder do Mundial de Pilotos no momento \u00e9 justamente seu companheiro de equipe na Venturi, o su\u00ed\u00e7o Edoardo Mortara, <a href=\"https:\/\/www.grandepremio.com\/br\/formula-e\/noticias\/edoardo-mortara-aproveita-final-sob-safety-car-e-vence-em-diriyah-lucas-di-grassi-vai-ao-podio\/\" target=\"_blank\" rel=\"noreferrer noopener\">que venceu a corrida 2 na Ar\u00e1bia Saudita<\/a>.<\/p>\n\n\n\n<p class=\"wp-block-paragraph\">O eP da Cidade do M\u00e9xico est\u00e1 marcado para acontecer neste s\u00e1bado (12), no Aut\u00f3dromo Hermanos Rodr\u00edguez, com transmiss\u00e3o em TV aberta da TV Cultura e em TV fechada com o SporTV. A classifica\u00e7\u00e3o est\u00e1 marcada para come\u00e7ar \u00e0s 14h40, enquanto a corrida tem largada prevista para as 19h (ambos no hor\u00e1rio de Bras\u00edlia).<\/p>\n\n\n\n<figure class=\"wp-block-image size-large\"><img decoding=\"async\" src=\"https:\/\/www.grandepremio.com\/br\/wp-content\/uploads\/2022\/01\/FKTPz00XMAAOP_e-compressed-1024x683.jpg\" alt=\"\" class=\"wp-image-538189\"\/><figcaption>Na etapa de abertura da temporada, em Diriyah, a Venturi conseguiu colocar Mortara e Di Grassi no p\u00f3dio (Foto: FIA F\u00f3rmula E)<\/figcaption><\/figure>\n","protected":false},"excerpt":{"rendered":"<p>Ap\u00f3s bom in\u00edcio de temporada com a Venturi, Lucas Di Grassi disse esperar por corrida mais estrat\u00e9gica na Cidade do M\u00e9xico, quando economia de bateria e gerenciamento de pneus far\u00e3o mais diferen\u00e7a do que em Diriyah<\/p>\n","protected":false},"author":0,"featured_media":1000540544,"comment_status":"closed","ping_status":"closed","sticky":false,"template":"","format":"standard","meta":{"42wp_featured_image_caption":"","42wp_featured_image_credits":"","42wp_featured_video":"","42wp_featured_image_hidden":false,"42wp_authors_list":[],"footnotes":""},"categories":[19],"tags":[25074,949,30836,379,27903,840,28327,966,660],"42wp_author":[47142],"class_list":["post-114708","post","type-post","status-publish","format-standard","has-post-thumbnail","hentry","category-formula-e","tag-arabia-saudita-2","tag-edoardo-mortara","tag-ep-da-cidade-do-mexico","tag-fe","tag-fe-2022","tag-formula-e","tag-formula-e-2022","tag-lucas-di-grassi","tag-venturi","42wp_author-jp-nascimento"],"_links":{"self":[{"href":"https:\/\/grandepremio.com\/br\/wp-json\/wp\/v2\/posts\/114708","targetHints":{"allow":["GET"]}}],"collection":[{"href":"https:\/\/grandepremio.com\/br\/wp-json\/wp\/v2\/posts"}],"about":[{"href":"https:\/\/grandepremio.com\/br\/wp-json\/wp\/v2\/types\/post"}],"replies":[{"embeddable":true,"href":"https:\/\/grandepremio.com\/br\/wp-json\/wp\/v2\/comments?post=114708"}],"version-history":[{"count":0,"href":"https:\/\/grandepremio.com\/br\/wp-json\/wp\/v2\/posts\/114708\/revisions"}],"wp:featuredmedia":[{"embeddable":true,"href":"https:\/\/grandepremio.com\/br\/wp-json\/wp\/v2\/media\/1000540544"}],"wp:attachment":[{"href":"https:\/\/grandepremio.com\/br\/wp-json\/wp\/v2\/media?parent=114708"}],"wp:term":[{"taxonomy":"category","embeddable":true,"href":"https:\/\/grandepremio.com\/br\/wp-json\/wp\/v2\/categories?post=114708"},{"taxonomy":"post_tag","embeddable":true,"href":"https:\/\/grandepremio.com\/br\/wp-json\/wp\/v2\/tags?post=114708"},{"taxonomy":"42wp_author","embeddable":true,"href":"https:\/\/grandepremio.com\/br\/wp-json\/wp\/v2\/42wp_author?post=114708"}],"curies":[{"name":"wp","href":"https:\/\/api.w.org\/{rel}","templated":true}]}}