{"id":114727,"date":"2022-02-10T14:37:44","date_gmt":"2022-02-10T17:37:44","guid":{"rendered":"https:\/\/grandepremio.com\/br\/noticias\/as-corridas-do-fim-de-semana-na-tv-e-no-streaming-12-e-13-de-fevereiro\/"},"modified":"2022-02-10T18:45:46","modified_gmt":"2022-02-10T21:45:46","slug":"as-corridas-do-fim-de-semana-na-tv-e-no-streaming-12-e-13-de-fevereiro","status":"publish","type":"post","link":"https:\/\/grandepremio.com\/br\/programacao-tv\/as-corridas-do-fim-de-semana-na-tv-e-no-streaming-12-e-13-de-fevereiro\/","title":{"rendered":"As corridas do fim de semana na TV e no streaming: 12 e 13 de fevereiro"},"content":{"rendered":"\n<figure class=\"wp-block-embed is-type-video is-provider-youtube wp-block-embed-youtube wp-embed-aspect-16-9 wp-has-aspect-ratio\"><div class=\"wp-block-embed__wrapper\">\n<iframe loading=\"lazy\" title=\"ASTON MARTIN APRESENTA AMR22 PARA TEMPORADA 2022 DA F1 | React\" width=\"500\" height=\"281\" src=\"https:\/\/www.youtube.com\/embed\/AiS-2reBexY?feature=oembed\" frameborder=\"0\" allow=\"accelerometer; autoplay; clipboard-write; encrypted-media; gyroscope; picture-in-picture; web-share\" referrerpolicy=\"strict-origin-when-cross-origin\" allowfullscreen><\/iframe>\n<\/div><\/figure>\n\n\n\n<p class=\"wp-block-paragraph\"><strong>\u25b6\ufe0f&nbsp;Inscreva-se nos dois canais do GRANDE PR\u00caMIO no YouTube:&nbsp;<a href=\"https:\/\/www.youtube.com\/channel\/UC9OlHEgxoaY6QY6nWPoiqQg?sub_confirmation=1\" target=\"_blank\" rel=\"noreferrer noopener\">GP<\/a>&nbsp;|&nbsp;<a href=\"https:\/\/www.youtube.com\/channel\/UC9csiS6q_C3C0FYhyr1rnFA?sub_confirmation=1\" target=\"_blank\" rel=\"noreferrer noopener\">GP2<\/a><\/strong><\/p>\n\n\n\n<p class=\"wp-block-paragraph\"><strong>S\u00e1bado, 12 de fevereiro <\/strong><\/p>\n\n\n\n<figure class=\"wp-block-table\"><table><tbody><tr><td>CATEGORIA<\/td><td>ETAPA<\/td><td>ATIVIDADE<\/td><td>HORA<\/td><td>EMISSORA<\/td><\/tr><tr><td>Stock Car<\/td><td>Corrida de Duplas<\/td><td>Classifica\u00e7\u00e3o<\/td><td>13:30<\/td><td>SporTV 3<\/td><\/tr><tr><td>F\u00f3rmula E<\/td><td>ePrix da Cidade do M\u00e9xico<\/td><td>Classifica\u00e7\u00e3o<\/td><td>14:30<\/td><td>TV Cultura\/SporTV 3<\/td><\/tr><tr><td>F\u00f3rmula E<\/td><td>ePrix da Cidade do M\u00e9xico<\/td><td>Corrida<\/td><td>18:45<\/td><td>TV Cultura\/SporTV 3<\/td><\/tr><\/tbody><\/table><\/figure>\n\n\n\n<p class=\"wp-block-paragraph\"><strong>Domingo, 13 de fevereiro<\/strong><\/p>\n\n\n\n\n\n<figure class=\"wp-block-table\"><table><tbody><tr><td>CATEGORIA<\/td><td>ETAPA<\/td><td>ATIVIDADE<\/td><td>HORA<\/td><td>EMISSORA<\/td><\/tr><tr><td>Stock Car<\/td><td>Corrida de Duplas<\/td><td>Corrida 1<\/td><td>13:55<\/td><td>Band\/SporTV 3<\/td><\/tr><tr><td>Stock Car<\/td><td>Corrida de Duplas<\/td><td>Corrida 2<\/td><td>14:50<\/td><td>Band\/SporTV 3<\/td><\/tr><\/tbody><\/table><\/figure>\n\n\n\n<figure class=\"wp-block-embed is-type-video is-provider-youtube wp-block-embed-youtube wp-embed-aspect-16-9 wp-has-aspect-ratio\"><div class=\"wp-block-embed__wrapper\">\n<iframe loading=\"lazy\" title=\"VOLTA DE HAMILTON NA F\u00d3RMULA 1 SE INSPIRA NA DERROTA PARA ROSBERG EM 2016\" width=\"500\" height=\"281\" src=\"https:\/\/www.youtube.com\/embed\/NG5-t5D4YfM?feature=oembed\" frameborder=\"0\" allow=\"accelerometer; autoplay; clipboard-write; encrypted-media; gyroscope; picture-in-picture; web-share\" referrerpolicy=\"strict-origin-when-cross-origin\" allowfullscreen><\/iframe>\n<\/div><\/figure>\n","protected":false},"excerpt":{"rendered":"<p>O fim de semana do esporte a motor vem recheado: a Stock Car abre a temporada em Interlagos, com a Corrida de Duplas, enquanto a F\u00f3rmula E vai ao M\u00e9xico para a terceira etapa do campeonato 2022. Confira a programa\u00e7\u00e3o de TV e streaming<\/p>\n","protected":false},"author":0,"featured_media":1000531253,"comment_status":"closed","ping_status":"closed","sticky":false,"template":"","format":"standard","meta":{"42wp_featured_image_caption":"","42wp_featured_image_credits":"","42wp_featured_video":"","42wp_featured_image_hidden":false,"42wp_authors_list":[],"footnotes":""},"categories":[38],"tags":[793,1280,25048,561,675,784],"42wp_author":[47115],"class_list":["post-114727","post","type-post","status-publish","format-standard","has-post-thumbnail","hentry","category-programacao-tv","tag-793","tag-band","tag-horarios-da-formula-e-2","tag-sportv","tag-streaming","tag-tv","42wp_author-evelyn-guimaraes"],"_links":{"self":[{"href":"https:\/\/grandepremio.com\/br\/wp-json\/wp\/v2\/posts\/114727","targetHints":{"allow":["GET"]}}],"collection":[{"href":"https:\/\/grandepremio.com\/br\/wp-json\/wp\/v2\/posts"}],"about":[{"href":"https:\/\/grandepremio.com\/br\/wp-json\/wp\/v2\/types\/post"}],"replies":[{"embeddable":true,"href":"https:\/\/grandepremio.com\/br\/wp-json\/wp\/v2\/comments?post=114727"}],"version-history":[{"count":0,"href":"https:\/\/grandepremio.com\/br\/wp-json\/wp\/v2\/posts\/114727\/revisions"}],"wp:featuredmedia":[{"embeddable":true,"href":"https:\/\/grandepremio.com\/br\/wp-json\/wp\/v2\/media\/1000531253"}],"wp:attachment":[{"href":"https:\/\/grandepremio.com\/br\/wp-json\/wp\/v2\/media?parent=114727"}],"wp:term":[{"taxonomy":"category","embeddable":true,"href":"https:\/\/grandepremio.com\/br\/wp-json\/wp\/v2\/categories?post=114727"},{"taxonomy":"post_tag","embeddable":true,"href":"https:\/\/grandepremio.com\/br\/wp-json\/wp\/v2\/tags?post=114727"},{"taxonomy":"42wp_author","embeddable":true,"href":"https:\/\/grandepremio.com\/br\/wp-json\/wp\/v2\/42wp_author?post=114727"}],"curies":[{"name":"wp","href":"https:\/\/api.w.org\/{rel}","templated":true}]}}