{"id":114753,"date":"2022-02-09T11:59:00","date_gmt":"2022-02-09T14:59:00","guid":{"rendered":"https:\/\/grandepremio.com\/br\/noticias\/haas-garante-relacao-ferrari-igual-apesar-abrir-escritorio-vizinho\/"},"modified":"2022-02-09T11:59:09","modified_gmt":"2022-02-09T14:59:09","slug":"haas-garante-relacao-ferrari-igual-apesar-abrir-escritorio-vizinho","status":"publish","type":"post","link":"https:\/\/grandepremio.com\/br\/f1\/haas-garante-relacao-ferrari-igual-apesar-abrir-escritorio-vizinho\/","title":{"rendered":"Haas garante que rela\u00e7\u00e3o com Ferrari segue igual apesar de abrir escrit\u00f3rio vizinho"},"content":{"rendered":"\n<figure class=\"wp-block-embed is-type-video is-provider-youtube wp-block-embed-youtube wp-embed-aspect-16-9 wp-has-aspect-ratio\"><div class=\"wp-block-embed__wrapper\">\n<iframe loading=\"lazy\" title=\"HAMILTON DE VOLTA: E AGORA? + LAN\u00c7AMENTOS DA SEMANA NA F1 | Paddock GP #273\" width=\"500\" height=\"281\" src=\"https:\/\/www.youtube.com\/embed\/fgcLnmVpXTY?feature=oembed\" frameborder=\"0\" allow=\"accelerometer; autoplay; clipboard-write; encrypted-media; gyroscope; picture-in-picture; web-share\" referrerpolicy=\"strict-origin-when-cross-origin\" allowfullscreen><\/iframe>\n<\/div><figcaption>HAMILTON DE VOLTA: E AGORA? + LAN\u00c7AMENTOS DA SEMANA NA F1 | Paddock GP #273<\/figcaption><\/figure>\n\n\n\n<p class=\"wp-block-paragraph\">Para seguir as regras do teto or\u00e7ament\u00e1rio na F\u00f3rmula 1, a Ferrari foi uma das equipes que precisou remanejar esfor\u00e7os de alguns funcion\u00e1rios para n\u00e3o furar o limite financeiro. Para evitar uma demiss\u00e3o, a solu\u00e7\u00e3o que a equipe italiana encontrou foi construir uma ponte para mandar esse contingente a trabalhar com a Haas. Mesmo assim, a equipe garante: rela\u00e7\u00e3o com os ferraristas segue a mesma dos \u00faltimos anos.<\/p>\n\n\n\n<p class=\"wp-block-paragraph\"><strong>\u25b6\ufe0f\u00a0Inscreva-se nos dois canais do GRANDE PR\u00caMIO no YouTube:\u00a0<a href=\"https:\/\/www.youtube.com\/channel\/UC9OlHEgxoaY6QY6nWPoiqQg?sub_confirmation=1\" target=\"_blank\" rel=\"noreferrer noopener\">GP<\/a>\u00a0|\u00a0<a href=\"https:\/\/www.youtube.com\/channel\/UC9csiS6q_C3C0FYhyr1rnFA?sub_confirmation=1\" target=\"_blank\" rel=\"noreferrer noopener\">GP2<\/a><\/strong><br><strong>Haas mant\u00e9m pintura russa e <a href=\"https:\/\/www.grandepremio.com\/br\/f1\/noticias\/haas-mantem-pintura-russa-abre-temporada-lancamentos-f1-vf-22\/\">abre temporada de lan\u00e7amentos<\/a> da F1 com VF-22<\/strong><\/p>\n\n\n\n<p class=\"wp-block-paragraph\">Ao todo, a Haas agora conta com cerca de 35 funcion\u00e1rios vindos da Ferrari no corpo t\u00e9cnico, inclusive o diretor-esportivo Simone Resta, respons\u00e1vel pelo projeto do VF-22. Mais at\u00e9 do que isso: a equipe estadunidense inaugurou um pr\u00e9dio em Maranello, na It\u00e1lia, onde tamb\u00e9m fica a f\u00e1brica da Ferrari. <\/p>\n\n\n\n<p class=\"wp-block-paragraph\">O local \u00e9 amplo e conta com dois escrit\u00f3rios, uma \u00e1rea para os testes no t\u00fanel de vento e espa\u00e7os exclusivos para designers e projetistas. E foi justamente no novo pr\u00e9dio que foi projetado o carro para a temporada 2022, o VF-22.<\/p>\n\n\n\n<p class=\"wp-block-paragraph\">Entretanto, apesar das aquisi\u00e7\u00f5es no corpo t\u00e9cnico e na infraestrutura, o relacionamento de seis temporadas continua o mesmo, segundo o chefe Guenther Steiner. \u201cA rela\u00e7\u00e3o \u00e9 regulada pelas regras da FIA. Voc\u00ea n\u00e3o pode fazer mais s\u00f3 porque estamos em Maranello\u201c, afirmou \u00e0 revista inglesa Autosport. As duas equipes s\u00e3o pr\u00f3ximas desde o surgimento da Haas, j\u00e1 com motor Ferrari e, sem seguida, adotando um sistema de compra de pe\u00e7as padronizadas dos italianos.<\/p>\n\n\n\n<figure class=\"wp-block-image size-large\"><img decoding=\"async\" src=\"https:\/\/www.grandepremio.com\/br\/wp-content\/uploads\/2022\/02\/Haas-1-1024x576.jpg\" alt=\"\" class=\"wp-image-538971\"\/><figcaption>Haas abriu temporada de lan\u00e7amentos da F\u00f3rmula 1 (Foto: Haas)<\/figcaption><\/figure>\n\n\n\n<p class=\"wp-block-paragraph\">\u201cMas o relacionamento, a colabora\u00e7\u00e3o n\u00e3o mudou [para] melhor ou pior. \u00c9 praticamente a mesma coisa. \u00c9 s\u00f3 que agora temos um grande grupo de pessoas dentro de Maranello\u201d, completou.<\/p>\n\n\n\n<p class=\"wp-block-paragraph\">Com uma melhor estrutura em compara\u00e7\u00e3o ao in\u00edcio da parceria junto \u00e0 escuderia do &#8216;Cavallino Rampante&#8217;, a Haas quer aproveitar ao m\u00e1ximo para voltar a somar pontos e perder o posto de pior equipe no campeonato de Construtores. &#8220;Do ponto de vista do par\u00e2metro de oferta, tentamos maximizar todas as oportunidades com a Ferrari. Somos a menor equipe do grid, ent\u00e3o, para n\u00f3s, \u00e9 importante tentar aproveitar essas oportunidades\u201d, exaltou Resta.<\/p>\n\n\n\n<p class=\"wp-block-paragraph\">Entre os dias 23 e 25 de fevereiro, nos primeiros testes de pr\u00e9-temporada, a efici\u00eancia do novo corpo t\u00e9cnico da Haas come\u00e7a a ser testada quando os carros de Mick Schumacher e Nikita Mazepin forem \u00e0 pista de Barcelona. A temporada come\u00e7a com o GP do Bahrein, em 20 de mar\u00e7o.<\/p>\n\n\n\n<figure class=\"wp-block-embed is-type-video is-provider-youtube wp-block-embed-youtube wp-embed-aspect-16-9 wp-has-aspect-ratio\"><div class=\"wp-block-embed__wrapper\">\n<iframe loading=\"lazy\" title=\"HAAS APRESENTA PINTURA DO VF-22, CARRO PARA A TEMPORADA 2022 DA F1 | React\" width=\"500\" height=\"281\" src=\"https:\/\/www.youtube.com\/embed\/RXZI3jIHNf0?feature=oembed\" frameborder=\"0\" allow=\"accelerometer; autoplay; clipboard-write; encrypted-media; gyroscope; picture-in-picture; web-share\" referrerpolicy=\"strict-origin-when-cross-origin\" allowfullscreen><\/iframe>\n<\/div><figcaption>HAAS APRESENTA PINTURA DO VF-22, CARRO PARA A TEMPORADA 2022 DA F1 | React<\/figcaption><\/figure>\n","protected":false},"excerpt":{"rendered":"<p>A Haas tem agora um amplo espa\u00e7o exclusivo em Maranello e conta com mais de 30 ex-funcion\u00e1rios da Ferrari<\/p>\n","protected":false},"author":0,"featured_media":1000531526,"comment_status":"closed","ping_status":"closed","sticky":false,"template":"","format":"standard","meta":{"42wp_featured_image_caption":"","42wp_featured_image_credits":"","42wp_featured_video":"","42wp_featured_image_hidden":false,"42wp_authors_list":[],"footnotes":""},"categories":[2],"tags":[1357,207,26841,24836,28288,1490,119,886,4442],"42wp_author":[47145],"class_list":["post-114753","post","type-post","status-publish","format-standard","has-post-thumbnail","hentry","category-f1","tag-f1-2022","tag-ferrari","tag-formula-1-2022","tag-grande-premio-2","tag-grandepremio-2","tag-guenther-steiner","tag-haas","tag-maranello","tag-simone-resta","42wp_author-alessandro-pinheiro"],"_links":{"self":[{"href":"https:\/\/grandepremio.com\/br\/wp-json\/wp\/v2\/posts\/114753","targetHints":{"allow":["GET"]}}],"collection":[{"href":"https:\/\/grandepremio.com\/br\/wp-json\/wp\/v2\/posts"}],"about":[{"href":"https:\/\/grandepremio.com\/br\/wp-json\/wp\/v2\/types\/post"}],"replies":[{"embeddable":true,"href":"https:\/\/grandepremio.com\/br\/wp-json\/wp\/v2\/comments?post=114753"}],"version-history":[{"count":0,"href":"https:\/\/grandepremio.com\/br\/wp-json\/wp\/v2\/posts\/114753\/revisions"}],"wp:featuredmedia":[{"embeddable":true,"href":"https:\/\/grandepremio.com\/br\/wp-json\/wp\/v2\/media\/1000531526"}],"wp:attachment":[{"href":"https:\/\/grandepremio.com\/br\/wp-json\/wp\/v2\/media?parent=114753"}],"wp:term":[{"taxonomy":"category","embeddable":true,"href":"https:\/\/grandepremio.com\/br\/wp-json\/wp\/v2\/categories?post=114753"},{"taxonomy":"post_tag","embeddable":true,"href":"https:\/\/grandepremio.com\/br\/wp-json\/wp\/v2\/tags?post=114753"},{"taxonomy":"42wp_author","embeddable":true,"href":"https:\/\/grandepremio.com\/br\/wp-json\/wp\/v2\/42wp_author?post=114753"}],"curies":[{"name":"wp","href":"https:\/\/api.w.org\/{rel}","templated":true}]}}