{"id":114793,"date":"2022-02-07T13:35:56","date_gmt":"2022-02-07T16:35:56","guid":{"rendered":"https:\/\/grandepremio.com\/br\/noticias\/sebastian-vettel-se-diverte-na-corrida-dos-campeoes-e-cogita-futuro-no-off-road\/"},"modified":"2022-02-07T14:12:18","modified_gmt":"2022-02-07T17:12:18","slug":"sebastian-vettel-se-diverte-na-corrida-dos-campeoes-e-cogita-futuro-no-off-road","status":"publish","type":"post","link":"https:\/\/grandepremio.com\/br\/f1\/sebastian-vettel-se-diverte-na-corrida-dos-campeoes-e-cogita-futuro-no-off-road\/","title":{"rendered":"Vettel se diverte na Corrida dos Campe\u00f5es e cogita futuro no off-road"},"content":{"rendered":"\n<figure class=\"wp-block-embed is-type-video is-provider-youtube wp-block-embed-youtube wp-embed-aspect-16-9 wp-has-aspect-ratio\"><div class=\"wp-block-embed__wrapper\">\n<iframe loading=\"lazy\" title=\"POR QUE SPRINT RACE \u00c9 PROBLEMA PARA A F1 2022?\" width=\"500\" height=\"281\" src=\"https:\/\/www.youtube.com\/embed\/SDtqg02Ur8Q?feature=oembed\" frameborder=\"0\" allow=\"accelerometer; autoplay; clipboard-write; encrypted-media; gyroscope; picture-in-picture; web-share\" referrerpolicy=\"strict-origin-when-cross-origin\" allowfullscreen><\/iframe>\n<\/div><figcaption>POR QUE SPRINT RACE \u00c9 PROBLEMA PARA A F1 2022?<\/figcaption><\/figure>\n\n\n\n<p class=\"wp-block-paragraph\">Tetracampe\u00e3o mundial de F\u00f3rmula 1, Sebastian Vettel n\u00e3o descarta trocar de categoria no futuro e atuar em competi\u00e7\u00f5es off-road. <a href=\"https:\/\/www.grandepremio.com\/br\/outras\/noticias\/sebastien-loeb-supera-sebastian-vettel-final-garante-quarto-titulo-corrida-campeoes\/\" target=\"_blank\" rel=\"noreferrer noopener\">O alem\u00e3o participou pela primeira vez da Corridas dos Campe\u00f5es no \u00faltimo final de semana<\/a>, na Su\u00e9cia, em uma pista tomada por gelo e neve. E o resultado foi surpreendente, com Vettel na segunda coloca\u00e7\u00e3o final \u2014 atr\u00e1s apenas do eneacampe\u00e3o de rali, S\u00e9bastien Loeb.<\/p>\n\n\n\n<p class=\"wp-block-paragraph\">Apesar de alguns problemas no s\u00e1bado, Vettel se destacou nas provas individuais do evento e chegou \u00e0 final no dia seguinte contra a lenda do WRC, que venceu por 3 a 1. Questionado se consideraria novas participa\u00e7\u00f5es em eventos off-road no futuro, o alem\u00e3o admitiu que ainda precisaria de muita adapta\u00e7\u00e3o, mas se mostrou aberto \u00e0 ideia.<\/p>\n\n\n\n<p class=\"wp-block-paragraph\">&#8220;Obviamente, voc\u00ea v\u00ea que eu ainda estou errando um pouco&#8221;, disse. &#8220;Mas acho que aproveitei bastante. Sempre gostei de assistir o que eles faziam. \u00c9 uma disciplina diferente, ent\u00e3o voc\u00ea ainda se diverte com um carro mas existem muitas diferen\u00e7as. \u00c9 fascinante, conversamos no almo\u00e7o para entendermos um pouco mais, n\u00e3o \u00e9 apenas voc\u00ea entrar no carro e pilotas&#8221;, explicou.<\/p>\n\n\n\n<div class=\"wp-block-image\"><figure class=\"aligncenter size-large\"><img decoding=\"async\" src=\"https:\/\/www.grandepremio.com\/br\/wp-content\/uploads\/2022\/02\/Vettel-3-683x1024.jpg\" alt=\"\" class=\"wp-image-539621\"\/><figcaption>Lenda do rali, S\u00e9bastien Loeb venceu Vettel na final (Foto: RoC Sweden)<\/figcaption><\/figure><\/div>\n\n\n\n<p class=\"wp-block-paragraph\"><strong>\u25b6\ufe0f\u00a0Inscreva-se nos dois canais do GRANDE PR\u00caMIO no YouTube:\u00a0<a href=\"https:\/\/www.youtube.com\/channel\/UC9OlHEgxoaY6QY6nWPoiqQg?sub_confirmation=1\" target=\"_blank\" rel=\"noreferrer noopener\">GP<\/a>\u00a0|\u00a0<a href=\"https:\/\/www.youtube.com\/channel\/UC9csiS6q_C3C0FYhyr1rnFA?sub_confirmation=1\" target=\"_blank\" rel=\"noreferrer noopener\">GP2<\/a><\/strong><\/p>\n\n\n\n<p class=\"wp-block-paragraph\">Vettel pontuou que a pilotagem em si \u00e9 o \u00faltimo passo em uma categoria de alto n\u00edvel, j\u00e1 que muito trabalho \u00e9 feito antes das corridas para que as condi\u00e7\u00f5es sejam as ideais no momento da disputa. Assim, para um novato, \u00e9 dif\u00edcil apresentar resultados consistentes logo de cara.<\/p>\n\n\n\n<p class=\"wp-block-paragraph\">&#8220;Assim como na F1 e outras categorias, existe muito trabalho nos bastidores marcando os tempos e extraindo toda a informa\u00e7\u00e3o que puder, o mesmo com a nossa prepara\u00e7\u00e3o para a corrida a an\u00e1lise depois&#8221;, continuou. &#8220;O esporte progride e h\u00e1 mais do que apenas pilotar, o que tamb\u00e9m \u00e9 um desafio. Ent\u00e3o, com certeza n\u00e3o \u00e9 f\u00e1cil simplesmente entrar e ser muito bom nisso&#8221;, opinou.<\/p>\n\n\n\n<p class=\"wp-block-paragraph\">&#8220;Voc\u00ea precisa de tempo e experi\u00eancia, mas se algu\u00e9m estiver disposto a me dar uma oportunidade e tenha bastante tempo, ficarei feliz em pensar sobre isso&#8221;, revelou. &#8220;Acho que \u00e9 algo muito satisfat\u00f3rio para o piloto, poder se divertir com o carro e ter mais margem. Normalmente, quando o carro pisa fora [da pista], voc\u00ea corrige imediatamente e perde um pouco de tempo. Aqui acho que existe uma margem maior \u2014 voc\u00ea roda, fica de lado, at\u00e9 perde um pouco de tempo, mas consegue corrigir&#8221;, afirmou.<\/p>\n\n\n\n<figure class=\"wp-block-image size-large\"><img decoding=\"async\" src=\"https:\/\/www.grandepremio.com\/br\/wp-content\/uploads\/2022\/02\/Vettel-2-1024x683.jpg\" alt=\"\" class=\"wp-image-539620\"\/><figcaption>Vettel durante a final da Corrida dos Campe\u00f5es, disputada no Mar B\u00e1ltico (Foto: RoC Sweden)<\/figcaption><\/figure>\n\n\n\n<p class=\"wp-block-paragraph\">&#8220;Mas \u00e9 claro, voc\u00ea precisa entrar em uma janela bem apertada para conseguir ser perfeito&#8221;, reconheceu. &#8220;E voc\u00ea viu a diferen\u00e7a! Mas \u00e9 definitivamente algo que eu adoro&#8221;, completou.<\/p>\n\n\n\n<p class=\"wp-block-paragraph\">Por fim, Vettel analisou o cen\u00e1rio em que correu neste final de semana, completamente diferente das condi\u00e7\u00f5es \u2014 principalmente de asfalto e clim\u00e1ticas \u2014 \u00e0s quais o alem\u00e3o se acostumou na F\u00f3rmula 1. O tetracampe\u00e3o ainda ressaltou a felicidade em retornar a um evento festivo tanto tempo ap\u00f3s o in\u00edcio da pandemia.<\/p>\n\n\n\n<p class=\"wp-block-paragraph\">&#8220;\u00c9 algo que eu com certeza n\u00e3o estou acostumado em meu estilo de pilotagem&#8221;, admitiu Vettel. &#8220;Normalmente, quando o carro vira de lado, eu tento corrigir o mais r\u00e1pido poss\u00edvel e coloc\u00e1-lo reto, o que n\u00e3o \u00e9 a melhor forma aqui. \u00c9 bem animador e acho que \u00e9 um \u00f3timo lugar para se estar. Deu muito trabalho, o tempo n\u00e3o ajudou neste final de semana e n\u00e3o tornou as coisas f\u00e1ceis, mas as pessoas foram \u00f3timas&#8221;, prosseguiu.<\/p>\n\n\n\n<p class=\"wp-block-paragraph\">&#8220;Ap\u00f3s perder a Corrida dos Campe\u00f5es nos \u00faltimos dois anos e ter a pandemia ao redor do mundo, foi \u00f3timo voltar e ter um senso de normalidade tamb\u00e9m, o m\u00e1ximo poss\u00edvel&#8221;, explicou. &#8220;Foi um \u00f3timo retorno, e eu realmente gostaria de voltar a um lugar desses, com neve e gelo&#8221;, admitiu.<\/p>\n","protected":false},"excerpt":{"rendered":"<p>Sebastian Vettel destacou divers\u00e3o em disputa sob neve e gelo na Su\u00e9cia, pela Corrida dos Campe\u00f5es, e admitiu a possibilidade de migrar para o off-road no futuro<\/p>\n","protected":false},"author":0,"featured_media":1000539619,"comment_status":"closed","ping_status":"closed","sticky":false,"template":"","format":"standard","meta":{"42wp_featured_image_caption":"","42wp_featured_image_credits":"","42wp_featured_video":"","42wp_featured_image_hidden":false,"42wp_authors_list":[],"footnotes":""},"categories":[2],"tags":[309,147,156,1357,24837,24836,28285,233,210,26331,30780,287],"42wp_author":[47142],"class_list":["post-114793","post","type-post","status-publish","format-standard","has-post-thumbnail","hentry","category-f1","tag-aston-martin","tag-f1","tag-f1-2021","tag-f1-2022","tag-formula-1-2","tag-grande-premio-2","tag-grandepremio","tag-rali","tag-sebastian-vettel","tag-sebastien-loeb-2","tag-suecia","tag-wrc","42wp_author-jp-nascimento"],"_links":{"self":[{"href":"https:\/\/grandepremio.com\/br\/wp-json\/wp\/v2\/posts\/114793","targetHints":{"allow":["GET"]}}],"collection":[{"href":"https:\/\/grandepremio.com\/br\/wp-json\/wp\/v2\/posts"}],"about":[{"href":"https:\/\/grandepremio.com\/br\/wp-json\/wp\/v2\/types\/post"}],"replies":[{"embeddable":true,"href":"https:\/\/grandepremio.com\/br\/wp-json\/wp\/v2\/comments?post=114793"}],"version-history":[{"count":0,"href":"https:\/\/grandepremio.com\/br\/wp-json\/wp\/v2\/posts\/114793\/revisions"}],"wp:featuredmedia":[{"embeddable":true,"href":"https:\/\/grandepremio.com\/br\/wp-json\/wp\/v2\/media\/1000539619"}],"wp:attachment":[{"href":"https:\/\/grandepremio.com\/br\/wp-json\/wp\/v2\/media?parent=114793"}],"wp:term":[{"taxonomy":"category","embeddable":true,"href":"https:\/\/grandepremio.com\/br\/wp-json\/wp\/v2\/categories?post=114793"},{"taxonomy":"post_tag","embeddable":true,"href":"https:\/\/grandepremio.com\/br\/wp-json\/wp\/v2\/tags?post=114793"},{"taxonomy":"42wp_author","embeddable":true,"href":"https:\/\/grandepremio.com\/br\/wp-json\/wp\/v2\/42wp_author?post=114793"}],"curies":[{"name":"wp","href":"https:\/\/api.w.org\/{rel}","templated":true}]}}