{"id":114810,"date":"2022-02-06T15:25:39","date_gmt":"2022-02-06T18:25:39","guid":{"rendered":"https:\/\/grandepremio.com\/br\/noticias\/sebastien-loeb-supera-sebastian-vettel-final-garante-quarto-titulo-corrida-campeoes\/"},"modified":"2022-02-06T15:31:28","modified_gmt":"2022-02-06T18:31:28","slug":"sebastien-loeb-supera-sebastian-vettel-final-garante-quarto-titulo-corrida-campeoes","status":"publish","type":"post","link":"https:\/\/grandepremio.com\/br\/automobilismo\/sebastien-loeb-supera-sebastian-vettel-final-garante-quarto-titulo-corrida-campeoes\/","title":{"rendered":"Loeb supera Vettel na final e garante quarto t\u00edtulo da Corrida dos Campe\u00f5es"},"content":{"rendered":"\n<figure class=\"wp-block-embed is-type-video is-provider-youtube wp-block-embed-youtube wp-embed-aspect-16-9 wp-has-aspect-ratio\"><div class=\"wp-block-embed__wrapper\">\n<iframe loading=\"lazy\" title=\"OS LAN\u00c7AMENTOS MAIS AGUARDADOS DA F1 2022\" width=\"500\" height=\"281\" src=\"https:\/\/www.youtube.com\/embed\/UQQ7t8intHk?feature=oembed\" frameborder=\"0\" allow=\"accelerometer; autoplay; clipboard-write; encrypted-media; gyroscope; picture-in-picture; web-share\" referrerpolicy=\"strict-origin-when-cross-origin\" allowfullscreen><\/iframe>\n<\/div><figcaption>OS LAN\u00c7AMENTOS MAIS AGUARDADOS DA F1 2022<br><\/figcaption><\/figure>\n\n\n\n<p class=\"wp-block-paragraph\">Pela quarta vez na Corrida dos Campe\u00f5es, S\u00e9bastien Loeb, eneacampe\u00e3o do mundial de rali, conquistou o t\u00edtulo na manh\u00e3 deste domingo (6). Para alcan\u00e7ar o triunfo, no entanto, ele enfrentou uma disputa dura  com o tetracampe\u00e3o de F\u00f3rmula 1, Sebastian Vettel.<\/p>\n\n\n\n<p class=\"wp-block-paragraph\">&nbsp;<a href=\"https:\/\/www.grandepremio.com\/br\/outras\/noticias\/guerra-faz-alegria-da-torcida-mexicana-bate-duval-e-conquista-primeiro-titulo-na-corrida-dos-campeoes\/\">A competi\u00e7\u00e3o havia sido realizada pela \u00faltima vez em 2019, no&nbsp;<\/a><a href=\"https:\/\/es.grandepremio.com\/\" target=\"_blank\" rel=\"noreferrer noopener\">M\u00e9xico<\/a>, e desde ent\u00e3o ficou inativa em raz\u00e3o dos efeitos da pandemia de Covid-19. A prova, tradicional por confrontar pilotos de diferentes modalidades em carros dos mais variados, al\u00e9m de trazer tamb\u00e9m a disputa da chamada Copa das Na\u00e7\u00f5es, foi realizada em Pite Havsbad, prov\u00edncia de Norrbotten, cidade localizada no norte da Su\u00e9cia e muito pr\u00f3xima ao C\u00edrculo Polar \u00c1rtico. Em toda a hist\u00f3ria da prova, foi a primeira etapa na neve.<\/p>\n\n\n\n<p class=\"wp-block-paragraph\">Vettel chegou \u00e0 final ap\u00f3s alguns percal\u00e7os. Derrotou Colton Herta, que disputa a Indy e, mais tarde, enfrentou a pilota&nbsp;Emma Kimilainen, da W Series. Nas semifinais, a neve j\u00e1 era um grande desafio, mas o alem\u00e3o teve um bom desempenho na briga com Tom Kristensen, que venceu nove vezes as 24 Horas de Le Mans.<\/p>\n\n\n\n<p class=\"wp-block-paragraph\"><strong>\u25b6\ufe0f&nbsp;Inscreva-se nos dois canais do GRANDE PR\u00caMIO no YouTube:&nbsp;<a href=\"https:\/\/www.youtube.com\/channel\/UC9OlHEgxoaY6QY6nWPoiqQg?sub_confirmation=1\" target=\"_blank\" rel=\"noreferrer noopener\">GP<\/a>&nbsp;|&nbsp;<a href=\"https:\/\/www.youtube.com\/channel\/UC9csiS6q_C3C0FYhyr1rnFA?sub_confirmation=1\" target=\"_blank\" rel=\"noreferrer noopener\">GP2<\/a><\/strong><\/p>\n\n\n\n<figure class=\"wp-block-image size-large\"><img decoding=\"async\" src=\"https:\/\/www.grandepremio.com\/br\/wp-content\/uploads\/2022\/02\/FK7HBWNWUAkqcCX-1024x683.jpeg\" alt=\"\" class=\"wp-image-539492\"\/><figcaption>Vettel e Loeb disputaram a final da Corrida dos Campe\u00f5es 2022 (Foto: Reprodu\u00e7\u00e3o\/ROC)<\/figcaption><\/figure>\n\n\n\n<p class=\"wp-block-paragraph\">Do outro lado, Loeb enfrentou Mattias Ekstr\u00f6m na pen\u00faltima rodada e sofreu uma grande queda na primeira bateria. No entanto,&nbsp;o franc\u00eas conseguiu vencer e, enquanto Ekstr\u00f6m garantiu a segunda, Loeb levou a terceira bateria, o que o levou \u00e0 final para enfrentar Vettel.<\/p>\n\n\n\n<p class=\"wp-block-paragraph\">Com cinco baterias \u00e0 frente, o piloto da F1 bateu na parede no in\u00edcio da primeira rodada, deixando Loeb abrir com  vantagem. J\u00e1 a segunda bateria foi mais equilibrada, com apenas 0s2 separando ambos os competidores mas, mais uma vez, o franc\u00eas terminou \u00e0 frente. Na terceira, Loeb errou, e Vettel levou, ou seja: o alem\u00e3o precisava igualar seu advers\u00e1rio na quarta bateria para a grande decis\u00e3o.<\/p>\n\n\n\n<p class=\"wp-block-paragraph\">Contudo, n\u00e3o aconteceu. Loeb venceu a quarta bateria e, portanto ficou com o t\u00edtulo. Ainda assim, vale ressaltar que Vettel foi o melhor entre os pilotos de F1. Por 1s4, Mick Schumacher foi derrotado pela bicampe\u00e3 da W Series, Jamie Chadwicks. J\u00e1 os ex-pilotos de F1, Mika H\u00e4kkinen e David Coulthard perderam para Jimmie Johnson e Tom Kristensen, respectivamente.<\/p>\n\n\n\n<p class=\"wp-block-paragraph\">A Corrida dos Campe\u00f5es deste ano teve como tema a sustentabilidade, j\u00e1 que os carros inscritos para a competi\u00e7\u00e3o foram el\u00e9tricos ou movidos a combust\u00edveis renov\u00e1veis.<\/p>\n\n\n\n<figure class=\"wp-block-embed is-type-video is-provider-youtube wp-block-embed-youtube wp-embed-aspect-16-9 wp-has-aspect-ratio\"><div class=\"wp-block-embed__wrapper\">\n<iframe loading=\"lazy\" title=\"HAAS APRESENTA PINTURA DO VF-22, CARRO PARA A TEMPORADA 2022 DA F1 | React\" width=\"500\" height=\"281\" src=\"https:\/\/www.youtube.com\/embed\/RXZI3jIHNf0?feature=oembed\" frameborder=\"0\" allow=\"accelerometer; autoplay; clipboard-write; encrypted-media; gyroscope; picture-in-picture; web-share\" referrerpolicy=\"strict-origin-when-cross-origin\" allowfullscreen><\/iframe>\n<\/div><figcaption>HAAS APRESENTA PINTURA DO VF-22, CARRO PARA A TEMPORADA 2022 DA F1 | React<br><\/figcaption><\/figure>\n\n\n\n<p class=\"wp-block-paragraph\"><\/p>\n","protected":false},"excerpt":{"rendered":"<p>S\u00e9bastien Loeb, eneacampe\u00e3o do mundial de rali, garantiu seu quarto t\u00edtulo ap\u00f3s disputa com Sebastian Vettel na final da Corrida dos Campe\u00f5es <\/p>\n","protected":false},"author":0,"featured_media":1000539493,"comment_status":"closed","ping_status":"closed","sticky":false,"template":"","format":"standard","meta":{"42wp_featured_image_caption":"","42wp_featured_image_credits":"","42wp_featured_video":"","42wp_featured_image_hidden":false,"42wp_authors_list":[],"footnotes":""},"categories":[22],"tags":[513,1491,210],"42wp_author":[47139],"class_list":["post-114810","post","type-post","status-publish","format-standard","has-post-thumbnail","hentry","category-automobilismo","tag-final","tag-grande-premio","tag-sebastian-vettel","42wp_author-ana-cerveira"],"_links":{"self":[{"href":"https:\/\/grandepremio.com\/br\/wp-json\/wp\/v2\/posts\/114810","targetHints":{"allow":["GET"]}}],"collection":[{"href":"https:\/\/grandepremio.com\/br\/wp-json\/wp\/v2\/posts"}],"about":[{"href":"https:\/\/grandepremio.com\/br\/wp-json\/wp\/v2\/types\/post"}],"replies":[{"embeddable":true,"href":"https:\/\/grandepremio.com\/br\/wp-json\/wp\/v2\/comments?post=114810"}],"version-history":[{"count":0,"href":"https:\/\/grandepremio.com\/br\/wp-json\/wp\/v2\/posts\/114810\/revisions"}],"wp:featuredmedia":[{"embeddable":true,"href":"https:\/\/grandepremio.com\/br\/wp-json\/wp\/v2\/media\/1000539493"}],"wp:attachment":[{"href":"https:\/\/grandepremio.com\/br\/wp-json\/wp\/v2\/media?parent=114810"}],"wp:term":[{"taxonomy":"category","embeddable":true,"href":"https:\/\/grandepremio.com\/br\/wp-json\/wp\/v2\/categories?post=114810"},{"taxonomy":"post_tag","embeddable":true,"href":"https:\/\/grandepremio.com\/br\/wp-json\/wp\/v2\/tags?post=114810"},{"taxonomy":"42wp_author","embeddable":true,"href":"https:\/\/grandepremio.com\/br\/wp-json\/wp\/v2\/42wp_author?post=114810"}],"curies":[{"name":"wp","href":"https:\/\/api.w.org\/{rel}","templated":true}]}}