{"id":114814,"date":"2022-02-06T10:49:02","date_gmt":"2022-02-06T13:49:02","guid":{"rendered":"https:\/\/grandepremio.com\/br\/noticias\/williams-reconhece-pressao-diz-michael-masi-lidou-bem-final-f1-2021-abu-dhabi\/"},"modified":"2022-02-06T10:49:10","modified_gmt":"2022-02-06T13:49:10","slug":"williams-reconhece-pressao-diz-michael-masi-lidou-bem-final-f1-2021-abu-dhabi","status":"publish","type":"post","link":"https:\/\/grandepremio.com\/br\/f1\/williams-reconhece-pressao-diz-michael-masi-lidou-bem-final-f1-2021-abu-dhabi\/","title":{"rendered":"Williams reconhece press\u00e3o e diz que Masi &#8220;lidou bem&#8221; com final da F1 2021 em Abu Dhabi"},"content":{"rendered":"\n<figure class=\"wp-block-embed is-type-video is-provider-youtube wp-block-embed-youtube wp-embed-aspect-16-9 wp-has-aspect-ratio\"><div class=\"wp-block-embed__wrapper\">\n<iframe loading=\"lazy\" title=\"HAAS APRESENTA PINTURA DO VF-22, CARRO PARA A TEMPORADA 2022 DA F1 | React\" width=\"500\" height=\"281\" src=\"https:\/\/www.youtube.com\/embed\/RXZI3jIHNf0?feature=oembed\" frameborder=\"0\" allow=\"accelerometer; autoplay; clipboard-write; encrypted-media; gyroscope; picture-in-picture; web-share\" referrerpolicy=\"strict-origin-when-cross-origin\" allowfullscreen><\/iframe>\n<\/div><figcaption>HAAS APRESENTA PINTURA DO VF-22, CARRO PARA A TEMPORADA 2022 DA F1 | React<br><\/figcaption><\/figure>\n\n\n\n<p class=\"wp-block-paragraph\">A final da\u00a0<a href=\"https:\/\/www.grandepremio.com\/formula-1\/\" target=\"_blank\" rel=\"noreferrer noopener\">F\u00f3rmula 1<\/a>\u00a02021 ainda n\u00e3o teve um desfecho. Isso porque, ap\u00f3s as pol\u00eamicas e conturbadas decis\u00f5es de Michael Masi, ent\u00e3o diretor de provas, e comiss\u00e1rios, a FIA (Federa\u00e7\u00e3o Internacional do Automobilismo) faz uma investiga\u00e7\u00e3o e an\u00e1lise de entendimento a respeito de tudo que aconteceu em Abu Dhabi.\u00a0<a href=\"https:\/\/www.grandepremio.com\/br\/f1\/noticias\/decisao-f1-abu-dhabi-fia-comunica-ainda-nao-ha-nada-ser-comunicado\/\" target=\"_blank\" rel=\"noreferrer noopener\">As equipes, inclusive, ter\u00e3o uma discuss\u00e3o com a entidade no dia 14 de fevereiro, na reuni\u00e3o da Comiss\u00e3o da F\u00f3rmula 1<\/a>.\u00a0<\/p>\n\n\n\n<p class=\"wp-block-paragraph\">Jost Capito, chefe da Williams e de Nicholas Latifi, que causou o safety-car na volta 53, cr\u00ea que Masi fez o poss\u00edvel para aquele momento, dada as dificuldades de tomar uma decis\u00e3o sob tanta press\u00e3o. Capito revela que conversou com os comiss\u00e1rios para entender a grande confus\u00e3o e, ap\u00f3s analisar bem, cr\u00ea que a postura foi correta. <\/p>\n\n\n\n<p class=\"wp-block-paragraph\">\u201cConhe\u00e7o Masi muito bem, eu o encontrei algumas vezes\u201d, disse Capito, em entrevista ao\u00a0podcast\u00a0Collecting Cars. &#8220;Eu tive discuss\u00f5es com ele e com os comiss\u00e1rios, especialmente com Emmanuelle Pirro [ex-piloto e que faz parte da comiss\u00e3o da FIA]. Quais s\u00e3o os problemas, quais s\u00e3o as dificuldades que os comiss\u00e1rios e Masi passam durante uma corrida e vejo que \u00e9 muito, muito dif\u00edcil&#8221;, acrescentou. <\/p>\n\n\n\n<p class=\"wp-block-paragraph\">\u201cMas acho que eles lidaram muito bem com o que est\u00e1 acontecendo. E tamb\u00e9m Masi \u00e9 muito profissional, n\u00e3o acredito que ningu\u00e9m na FIA ou os comiss\u00e1rios tenham prefer\u00eancia com alguma equipe ou qualquer piloto&#8221;, seguiu.<\/p>\n\n\n\n<p class=\"wp-block-paragraph\"><strong>\u25b6\ufe0f\u00a0Inscreva-se nos dois canais do GRANDE PR\u00caMIO no YouTube:\u00a0<a href=\"https:\/\/www.youtube.com\/channel\/UC9OlHEgxoaY6QY6nWPoiqQg?sub_confirmation=1\" target=\"_blank\" rel=\"noreferrer noopener\">GP<\/a>\u00a0|\u00a0<a href=\"https:\/\/www.youtube.com\/channel\/UC9csiS6q_C3C0FYhyr1rnFA?sub_confirmation=1\" target=\"_blank\" rel=\"noreferrer noopener\">GP2<\/a><\/strong><\/p>\n\n\n\n<figure class=\"wp-block-image size-large\"><img decoding=\"async\" src=\"https:\/\/www.grandepremio.com\/br\/wp-content\/uploads\/2021\/12\/FHTlH50XEAAgZdn.jpg\" alt=\"MAX VERSTAPPEN; LEWIS HAMILTON; ABU DHABI;\" class=\"wp-image-534128\"\/><figcaption>Pol\u00eamico GP de Abu Dhabi ainda rende assunto nas an\u00e1lises de F\u00f3rmula 1 (Foto: AFP)<\/figcaption><\/figure>\n\n\n\n<p class=\"wp-block-paragraph\"><strong>LEIA TAMB\u00c9M<\/strong><br><a href=\"https:\/\/www.grandepremio.com\/br\/f1\/noticias\/inconformada-mercedes-diz-que-formula-1-nao-pode-rasgar-regras-pelo-bem-do-show\/\"><strong>Inconformada, Mercedes diz que\u00a0<\/strong><\/a><strong><a href=\"https:\/\/www.grandepremio.com\/formula-1\/\" target=\"_blank\" rel=\"noreferrer noopener\">F\u00f3rmula 1<\/a>\u00a0\u201cn\u00e3o pode rasgar regras pelo bem do show\u201d<br><a href=\"https:\/\/www.grandepremio.com\/br\/f1\/noticias\/chefe-da-mercedes-ve-rivalidade-com-red-bull-igual-a-boxeadores-trocando-socos\/\">Chefe da\u00a0<\/a><a href=\"https:\/\/www.grandepremio.com\/br\/equipe\/f1\/2020\/mercedes-amg-motorsport\/\" target=\"_blank\" rel=\"noreferrer noopener\">Mercedes<\/a>\u00a0v\u00ea rivalidade com\u00a0<a href=\"https:\/\/www.grandepremio.com\/br\/equipe\/f1\/2020\/red-bull-racing\/\" target=\"_blank\" rel=\"noreferrer noopener\">Red Bull<\/a>\u00a0igual a \u201cboxeadores trocando socos\u201d<br><a href=\"https:\/\/www.grandepremio.com\/br\/f1\/noticias\/jacques-villeneuve-cre-que-lewis-hamilton-faz-silencio-para-fugir-do-jogo-de-mau-perdedor-toto-wolff\/\">Villeneuve cr\u00ea que Hamilton faz sil\u00eancio para fugir do jogo de \u201cmau perdedor\u201d Wolff<\/a><\/strong><\/p>\n\n\n\n<p class=\"wp-block-paragraph\">O mandat\u00e1rio da equipe de Grove volta a falar sobre a press\u00e3o nas costas de Masi e companhia. &#8220;Voc\u00ea tem de tomar as decis\u00f5es de forma r\u00e1pida e imediata, e essa decis\u00e3o \u00e9 vista por milh\u00f5es ou bilh\u00f5es de pessoas ao mesmo tempo&#8221;, explicou.<\/p>\n\n\n\n<p class=\"wp-block-paragraph\">&#8220;\u00c9 uma press\u00e3o enorme. E acredito que eles lidaram muito bem com isso. O que acho que n\u00e3o est\u00e1 certo \u00e9 que pode haver uma conversa com os chefes de equipe ou qualquer pessoa da equipe com o diretor de prova durante a corrida. A transmiss\u00e3o n\u00e3o \u00e9 o problema. Acho que \u00e9 a conversa em si. \u00c9 o mesmo quando voc\u00ea olha para o futebol, o treinador discutindo com um \u00e1rbitro durante a partida&#8221;, completou. <\/p>\n\n\n\n<p class=\"wp-block-paragraph\">\u00a0\u201cAl\u00e9m disso, essas decis\u00f5es durante a corrida n\u00e3o devem ser protestadas ou analisadas [depois]. Se voc\u00ea tem uma partida de futebol e houve um p\u00eanalti, o p\u00eanalti n\u00e3o ser\u00e1 cobrado ap\u00f3s a partida se parecer que n\u00e3o foi certo. Acho que isso deve ser esclarecido pelas regras e essa \u00e9 a \u00fanica coisa que acho que deve ser feita&#8221;, concluiu Capito. <\/p>\n\n\n\n<p class=\"wp-block-paragraph\">Em rela\u00e7\u00e3o \u00e0 comunica\u00e7\u00e3o da dire\u00e7\u00e3o de prova com as equipes, <a href=\"https:\/\/www.grandepremio.com\/br\/f1\/noticias\/diretor-da-f1-diz-vai-proibir-contato-equipes-diretor-provas-durante-2022\/\" target=\"_blank\" rel=\"noreferrer noopener\">Ross Brawn, diretor esportivo da F1, revelou que tem como ideia diminuir essa conversa a partir de 2022.<\/a><\/p>\n\n\n\n<figure class=\"wp-block-embed is-type-video is-provider-youtube wp-block-embed-youtube wp-embed-aspect-16-9 wp-has-aspect-ratio\"><div class=\"wp-block-embed__wrapper\">\n<iframe loading=\"lazy\" title=\"OS LAN\u00c7AMENTOS MAIS AGUARDADOS DA F1 2022\" width=\"500\" height=\"281\" src=\"https:\/\/www.youtube.com\/embed\/UQQ7t8intHk?feature=oembed\" frameborder=\"0\" allow=\"accelerometer; autoplay; clipboard-write; encrypted-media; gyroscope; picture-in-picture; web-share\" referrerpolicy=\"strict-origin-when-cross-origin\" allowfullscreen><\/iframe>\n<\/div><figcaption>OS LAN\u00c7AMENTOS MAIS AGUARDADOS DA F1 2022<br><\/figcaption><\/figure>\n\n\n\n<p class=\"wp-block-paragraph\"><\/p>\n","protected":false},"excerpt":{"rendered":"<p>Jost Capito, chefe da Williams, falou sobre a final da F1 2021 e defendeu Michael Masi, ent\u00e3o diretor de provas. Segundo ele, o australiano &#8220;lidou bem&#8221; de acordo com a press\u00e3o do momento<\/p>\n","protected":false},"author":0,"featured_media":1000538274,"comment_status":"closed","ping_status":"closed","sticky":false,"template":"","format":"standard","meta":{"42wp_featured_image_caption":"","42wp_featured_image_credits":"","42wp_featured_video":"","42wp_featured_image_hidden":false,"42wp_authors_list":[],"footnotes":""},"categories":[2],"tags":[156,1357,103,24837,25424,14195,87,203,82,1385,801,204,215],"42wp_author":[47139],"class_list":["post-114814","post","type-post","status-publish","format-standard","has-post-thumbnail","hentry","category-f1","tag-f1-2021","tag-f1-2022","tag-fia","tag-formula-1-2","tag-gp-de-abu-dhabi","tag-jost-capito","tag-lewis-hamilton","tag-max-verstappen","tag-mercedes","tag-michael-masi","tag-nicholas-latifi","tag-red-bull","tag-williams","42wp_author-ana-cerveira"],"_links":{"self":[{"href":"https:\/\/grandepremio.com\/br\/wp-json\/wp\/v2\/posts\/114814","targetHints":{"allow":["GET"]}}],"collection":[{"href":"https:\/\/grandepremio.com\/br\/wp-json\/wp\/v2\/posts"}],"about":[{"href":"https:\/\/grandepremio.com\/br\/wp-json\/wp\/v2\/types\/post"}],"replies":[{"embeddable":true,"href":"https:\/\/grandepremio.com\/br\/wp-json\/wp\/v2\/comments?post=114814"}],"version-history":[{"count":0,"href":"https:\/\/grandepremio.com\/br\/wp-json\/wp\/v2\/posts\/114814\/revisions"}],"wp:featuredmedia":[{"embeddable":true,"href":"https:\/\/grandepremio.com\/br\/wp-json\/wp\/v2\/media\/1000538274"}],"wp:attachment":[{"href":"https:\/\/grandepremio.com\/br\/wp-json\/wp\/v2\/media?parent=114814"}],"wp:term":[{"taxonomy":"category","embeddable":true,"href":"https:\/\/grandepremio.com\/br\/wp-json\/wp\/v2\/categories?post=114814"},{"taxonomy":"post_tag","embeddable":true,"href":"https:\/\/grandepremio.com\/br\/wp-json\/wp\/v2\/tags?post=114814"},{"taxonomy":"42wp_author","embeddable":true,"href":"https:\/\/grandepremio.com\/br\/wp-json\/wp\/v2\/42wp_author?post=114814"}],"curies":[{"name":"wp","href":"https:\/\/api.w.org\/{rel}","templated":true}]}}