{"id":114832,"date":"2022-02-05T04:00:00","date_gmt":"2022-02-05T07:00:00","guid":{"rendered":"https:\/\/grandepremio.com\/br\/noticias\/haas-admite-vf-22-chegar-pre-temporada-diferente-lancamento\/"},"modified":"2022-02-05T07:58:36","modified_gmt":"2022-02-05T10:58:36","slug":"haas-admite-vf-22-chegar-pre-temporada-diferente-lancamento","status":"publish","type":"post","link":"https:\/\/grandepremio.com\/br\/f1\/haas-admite-vf-22-chegar-pre-temporada-diferente-lancamento\/","title":{"rendered":"Haas admite que VF-22 vai chegar aos testes &#8220;um pouco diferente&#8221; do lan\u00e7amento"},"content":{"rendered":"\n<figure class=\"wp-block-embed is-type-video is-provider-youtube wp-block-embed-youtube wp-embed-aspect-16-9 wp-has-aspect-ratio\"><div class=\"wp-block-embed__wrapper\">\n<iframe loading=\"lazy\" title=\"HAAS APRESENTA PINTURA DO VF-22, CARRO PARA A TEMPORADA 2022 DA F1 | React\" width=\"500\" height=\"281\" src=\"https:\/\/www.youtube.com\/embed\/RXZI3jIHNf0?feature=oembed\" frameborder=\"0\" allow=\"accelerometer; autoplay; clipboard-write; encrypted-media; gyroscope; picture-in-picture; web-share\" referrerpolicy=\"strict-origin-when-cross-origin\" allowfullscreen><\/iframe>\n<\/div><figcaption>HAAS APRESENTA PINTURA DO VF-22, CARRO PARA A TEMPORADA 2022 DA F1 | React<\/figcaption><\/figure>\n\n\n\n<p class=\"wp-block-paragraph\">A Haas aproveitou a manh\u00e3 desta sexta-feira (4) para se tornar <strong><a href=\"https:\/\/www.grandepremio.com\/br\/f1\/noticias\/haas-mantem-pintura-russa-abre-temporada-lancamentos-f1-vf-22\/\">a primeira equipe a apresentar o carro para a temporada 2022<\/a><\/strong> da F\u00f3rmula 1. O VF-22 foi lan\u00e7ado por meio de imagens virtuais na qual estava a pintura, inclusive muito semelhante ao ano passado. \u00c9 o novo carro, mas n\u00e3o \u00e9 completo. A equipe admitiu que o b\u00f3lido que ir\u00e1 \u00e0 pista para os testes coletivos de pr\u00e9-temporada ser\u00e1 diferente.<\/p>\n\n\n\n<p class=\"wp-block-paragraph\"><strong>\u25b6\ufe0f&nbsp;Inscreva-se nos dois canais do GRANDE PR\u00caMIO no YouTube:&nbsp;<a href=\"https:\/\/www.youtube.com\/channel\/UC9OlHEgxoaY6QY6nWPoiqQg?sub_confirmation=1\" target=\"_blank\" rel=\"noreferrer noopener\">GP<\/a>&nbsp;|&nbsp;<a href=\"https:\/\/www.youtube.com\/channel\/UC9csiS6q_C3C0FYhyr1rnFA?sub_confirmation=1\" target=\"_blank\" rel=\"noreferrer noopener\">GP2<\/a><\/strong><\/p>\n\n\n\n<p class=\"wp-block-paragraph\">O chefe Guenther Steiner foi o primeiro a n\u00e3o tentar guardar segredos quanto \u00e0s mudan\u00e7as. O que ele disse, entretanto, \u00e9 que o carro que o plano \u00e9 mandar para a abertura da temporada o carro que ir\u00e1 \u00e0 pista nos testes. Atualiza\u00e7\u00f5es apenas mais tarde.<\/p>\n\n\n\n<p class=\"wp-block-paragraph\">&#8220;O qu\u00e3o diferente ser\u00e1 em Barcelona? Todos v\u00e3o ver em duas semanas. Ser\u00e1 um pouco diferente, claro. N\u00e3o estamos dizendo que ser\u00e1 exatamente igual. H\u00e1 um est\u00e1gio de desenvolvimento e n\u00e3o queremos definir agora, mas a dire\u00e7\u00e3o \u00e9 essa. N\u00e3o temos muitas mudan\u00e7as programadas, ao menos por enquanto, entre o teste e a corrida&#8221;, disse ao site ingl\u00eas The Race.<\/p>\n\n\n\n<p class=\"wp-block-paragraph\">O diretor-t\u00e9cnico Simone Resta foi mais longe: n\u00e3o sabe se as rivais far\u00e3o mist\u00e9rio com os carros, mas sabe que o VF-22 est\u00e1 um tanto quanto preservado.<\/p>\n\n\n\n<figure class=\"wp-block-image size-large\"><img decoding=\"async\" src=\"https:\/\/www.grandepremio.com\/br\/wp-content\/uploads\/2022\/02\/Haas-2-1024x576.jpg\" alt=\"\" class=\"wp-image-538972\"\/><figcaption>Haas vem diferente disso para a pr\u00e9-temporada (Foto: Haas)<\/figcaption><\/figure>\n\n\n\n<p class=\"wp-block-paragraph\">&#8220;Devo confessar que nem sequer sei quando as outras equipes v\u00e3o lan\u00e7ar seus carros. Do nosso lado, haver\u00e1 uma melhoria aqui e outra acol\u00e1, ent\u00e3o o carro ser\u00e1 marginalmente diferente. Temos visto melhora no desempenho a cada teste, ent\u00e3o espero que essa tend\u00eancia continue por algum tempo e que, a\u00ed, possamos avan\u00e7ar para a temporada assim&#8221;, falou.<\/p>\n\n\n\n<p class=\"wp-block-paragraph\">&#8220;Claro que, em duas semanas, ser\u00e1 bom ver todos os carros juntos, no primeiro dia em Barcelona. Sei que veremos muitas ideias diferentes e reflex\u00f5es sobre como fazer o carro evoluir em diferentes dire\u00e7\u00f5es&#8221;, apontou.<\/p>\n\n\n\n<p class=\"wp-block-paragraph\">De acordo com Resta, apesar de partes padronizadas que dificultam o trabalho de diferencia\u00e7\u00e3o entre si das equipes, o modelo de carro entregue pela F1 para o novo b\u00f3lido \u00e9 &#8220;bem diferente&#8221; daqueles que v\u00e3o aparecer, de fato, na pista.<\/p>\n\n\n\n<p class=\"wp-block-paragraph\">&#8220;Os projetistas t\u00eam liberdade inferior com as novas regras t\u00e9cnicas na compara\u00e7\u00e3o com o passo. Avaliando os carros todos pintados da mesma forma, provavelmente vai dar para ver menos diferen\u00e7as que em outros momentos. Ainda assim, h\u00e1 muito potencial para formatar mudan\u00e7as, em algumas \u00e1reas mais que outras&#8221;, opinou.<\/p>\n\n\n\n<p class=\"wp-block-paragraph\">&#8220;Da maneira como as regras s\u00e3o, \u00e9 provavelmente justo dizer que h\u00e1 muito potencial nos detalhes. Mesmo que n\u00e3o pare\u00e7am dramaticamente diferentes entre si, os carros, h\u00e1 muito potencial para melhor\u00e1-los e tirar desempenho&#8221;, finalizou.<\/p>\n\n\n\n<p class=\"wp-block-paragraph\">Os testes coletivos de pr\u00e9-temporada come\u00e7am com uma sess\u00e3o entre os dias 23 e 25 de fevereiro, em Barcelona. A \u00faltima sess\u00e3o acontece no Bahrein, entre 10 e 12, uma semana antes de Sakhir receber a abertura do campeonato.<\/p>\n\n\n\n<figure class=\"wp-block-embed is-type-video is-provider-youtube wp-block-embed-youtube wp-embed-aspect-16-9 wp-has-aspect-ratio\"><div class=\"wp-block-embed__wrapper\">\n<iframe loading=\"lazy\" title=\"POR QUE A F1 ACERTA AO TORNAR OBRIGAT\u00d3RIA A VACINA\u00c7\u00c3O NO PADDOCK?\" width=\"500\" height=\"281\" src=\"https:\/\/www.youtube.com\/embed\/z4bSFpQwjlc?feature=oembed\" frameborder=\"0\" allow=\"accelerometer; autoplay; clipboard-write; encrypted-media; gyroscope; picture-in-picture; web-share\" referrerpolicy=\"strict-origin-when-cross-origin\" allowfullscreen><\/iframe>\n<\/div><figcaption>POR QUE A F1 ACERTA AO TORNAR OBRIGAT\u00d3RIA A VACINA\u00c7\u00c3O NO PADDOCK?<\/figcaption><\/figure>\n","protected":false},"excerpt":{"rendered":"<p>Guenther Steiner e Simone Resta, respectivamente chefe e diretor-t\u00e9cnico da Haas, deixaram claro que o novo carro \u00e9 diferente do que o p\u00fablico viu<\/p>\n","protected":false},"author":0,"featured_media":1000538973,"comment_status":"closed","ping_status":"closed","sticky":false,"template":"","format":"standard","meta":{"42wp_featured_image_caption":"","42wp_featured_image_credits":"","42wp_featured_video":"","42wp_featured_image_hidden":false,"42wp_authors_list":[],"footnotes":""},"categories":[2],"tags":[1357,26841,24836,28288,1490,119,4442,30391],"42wp_author":[47120],"class_list":["post-114832","post","type-post","status-publish","format-standard","has-post-thumbnail","hentry","category-f1","tag-f1-2022","tag-formula-1-2022","tag-grande-premio-2","tag-grandepremio-2","tag-guenther-steiner","tag-haas","tag-simone-resta","tag-vf-22","42wp_author-pedro-henrique-marum"],"_links":{"self":[{"href":"https:\/\/grandepremio.com\/br\/wp-json\/wp\/v2\/posts\/114832","targetHints":{"allow":["GET"]}}],"collection":[{"href":"https:\/\/grandepremio.com\/br\/wp-json\/wp\/v2\/posts"}],"about":[{"href":"https:\/\/grandepremio.com\/br\/wp-json\/wp\/v2\/types\/post"}],"replies":[{"embeddable":true,"href":"https:\/\/grandepremio.com\/br\/wp-json\/wp\/v2\/comments?post=114832"}],"version-history":[{"count":0,"href":"https:\/\/grandepremio.com\/br\/wp-json\/wp\/v2\/posts\/114832\/revisions"}],"wp:featuredmedia":[{"embeddable":true,"href":"https:\/\/grandepremio.com\/br\/wp-json\/wp\/v2\/media\/1000538973"}],"wp:attachment":[{"href":"https:\/\/grandepremio.com\/br\/wp-json\/wp\/v2\/media?parent=114832"}],"wp:term":[{"taxonomy":"category","embeddable":true,"href":"https:\/\/grandepremio.com\/br\/wp-json\/wp\/v2\/categories?post=114832"},{"taxonomy":"post_tag","embeddable":true,"href":"https:\/\/grandepremio.com\/br\/wp-json\/wp\/v2\/tags?post=114832"},{"taxonomy":"42wp_author","embeddable":true,"href":"https:\/\/grandepremio.com\/br\/wp-json\/wp\/v2\/42wp_author?post=114832"}],"curies":[{"name":"wp","href":"https:\/\/api.w.org\/{rel}","templated":true}]}}