{"id":114852,"date":"2022-02-03T18:00:00","date_gmt":"2022-02-03T21:00:00","guid":{"rendered":"https:\/\/grandepremio.com\/br\/noticias\/por-que-formula-1-acerta-tornar-obrigatoria-vacinacao-paddock\/"},"modified":"2022-02-03T18:21:30","modified_gmt":"2022-02-03T21:21:30","slug":"por-que-formula-1-acerta-tornar-obrigatoria-vacinacao-paddock","status":"publish","type":"post","link":"https:\/\/grandepremio.com\/br\/f1\/por-que-formula-1-acerta-tornar-obrigatoria-vacinacao-paddock\/","title":{"rendered":"Por que a F\u00f3rmula 1 acerta ao tornar obrigat\u00f3ria a vacina\u00e7\u00e3o no paddock?"},"content":{"rendered":"\n<figure class=\"wp-block-embed is-type-rich is-provider-incorporar-manipulador wp-block-embed-incorporar-manipulador wp-embed-aspect-16-9 wp-has-aspect-ratio\"><div class=\"wp-block-embed__wrapper\">\n<iframe loading=\"lazy\" title=\"POR QUE A F1 ACERTA AO TORNAR OBRIGAT\u00d3RIA A VACINA\u00c7\u00c3O NO PADDOCK?\" width=\"500\" height=\"281\" src=\"https:\/\/www.youtube.com\/embed\/z4bSFpQwjlc?feature=oembed\" frameborder=\"0\" allow=\"accelerometer; autoplay; clipboard-write; encrypted-media; gyroscope; picture-in-picture; web-share\" referrerpolicy=\"strict-origin-when-cross-origin\" allowfullscreen><\/iframe>\n<\/div><figcaption>POR QUE A F1 ACERTA AO TORNAR OBRIGAT\u00d3RIA A VACINA\u00c7\u00c3O NO PADDOCK?<br><\/figcaption><\/figure>\n\n\n\n<p class=\"wp-block-paragraph\">Nesta semana, o The New York Times, al\u00e9m dos brit\u00e2nicos The Times e BBC Sport, r<a href=\"https:\/\/www.grandepremio.com\/br\/f1\/noticias\/formula-1-determina-vacinacao-obrigatoria-a-todos-no-paddock-na-temporada-2022\/\" target=\"_blank\" rel=\"noreferrer noopener\">evelaram que ser\u00e1 obrigat\u00f3rio a todos os presentes no paddock da\u00a0F\u00f3rmula 1\u00a0que estejam com a vacina\u00e7\u00e3o completa contra a Covid-19, a partir de 2022. <\/a><\/p>\n\n\n\n<p class=\"wp-block-paragraph\">Todos os pilotos, equipes, membros de staff, mec\u00e2nicos, os diretores de FIA, Liberty Media, FOM [Formula One Management] e celebridades convidadas precisar\u00e3o estar em dia com todas as doses da vacina contra o v\u00edrus \u2014 al\u00e9m de qualquer outra personalidade presente no paddock da F1.<\/p>\n\n\n\n<p class=\"wp-block-paragraph\"><strong>\u25b6\ufe0f\u00a0Inscreva-se nos dois canais do GRANDE PR\u00caMIO no YouTube:\u00a0<a href=\"https:\/\/www.youtube.com\/channel\/UC9OlHEgxoaY6QY6nWPoiqQg?sub_confirmation=1\" target=\"_blank\" rel=\"noreferrer noopener\">GP<\/a>\u00a0|\u00a0<a href=\"https:\/\/www.youtube.com\/channel\/UC9csiS6q_C3C0FYhyr1rnFA?sub_confirmation=1\" target=\"_blank\" rel=\"noreferrer noopener\">GP2<\/a><\/strong><\/p>\n\n\n\n<p class=\"wp-block-paragraph\">No v\u00eddeo de hoje, a rep\u00f3rter Ana Paula Cerveira discute a medida tomada pela F1: por que \u00e9 importante? quais ser\u00e3o seus impactos? E, al\u00e9m disso, lembra tamb\u00e9m da import\u00e2ncia da vacina\u00e7\u00e3o com a incid\u00eancia de casos ao redor do mundo \u2014 que t\u00eam crescido em decorr\u00eancia da variante \u00d4micron. <\/p>\n\n\n\n<p class=\"wp-block-paragraph\">Cabe ainda ressaltar que as vacinas salvam vidas e s\u00e3o seguras. Segundo a OMS (Organiza\u00e7\u00e3o Mundial de Sa\u00fade), as vacinas contra a Covid-19 foram testadas em grande escala, com testes controlados que incluem pessoas de ampla faixa et\u00e1ria, em todos os g\u00eaneros, etnias diferentes e em condi\u00e7\u00f5es m\u00e9dicas conhecidas. As vacinas mostraram um alto n\u00edvel de efic\u00e1cia em todas as popula\u00e7\u00f5es e s\u00e3o consideradas seguras e eficazes em pessoas com v\u00e1rias condi\u00e7\u00f5es m\u00e9dicas distintas.<\/p>\n","protected":false},"excerpt":{"rendered":"<p>A F\u00f3rmula 1 vai tornar obrigat\u00f3ria a vacina\u00e7\u00e3o no paddock em 2022. Por que a medida \u00e9 necess\u00e1ria? \u00c9 a discuss\u00e3o no v\u00eddeo de hoje<\/p>\n","protected":false},"author":0,"featured_media":1000538898,"comment_status":"closed","ping_status":"closed","sticky":false,"template":"","format":"standard","meta":{"42wp_featured_image_caption":"","42wp_featured_image_credits":"","42wp_featured_video":"","42wp_featured_image_hidden":false,"42wp_authors_list":[],"footnotes":""},"categories":[2],"tags":[1357,24836,24830],"42wp_author":[47139],"class_list":["post-114852","post","type-post","status-publish","format-standard","has-post-thumbnail","hentry","category-f1","tag-f1-2022","tag-grande-premio-2","tag-pandemia","42wp_author-ana-cerveira"],"_links":{"self":[{"href":"https:\/\/grandepremio.com\/br\/wp-json\/wp\/v2\/posts\/114852","targetHints":{"allow":["GET"]}}],"collection":[{"href":"https:\/\/grandepremio.com\/br\/wp-json\/wp\/v2\/posts"}],"about":[{"href":"https:\/\/grandepremio.com\/br\/wp-json\/wp\/v2\/types\/post"}],"replies":[{"embeddable":true,"href":"https:\/\/grandepremio.com\/br\/wp-json\/wp\/v2\/comments?post=114852"}],"version-history":[{"count":0,"href":"https:\/\/grandepremio.com\/br\/wp-json\/wp\/v2\/posts\/114852\/revisions"}],"wp:featuredmedia":[{"embeddable":true,"href":"https:\/\/grandepremio.com\/br\/wp-json\/wp\/v2\/media\/1000538898"}],"wp:attachment":[{"href":"https:\/\/grandepremio.com\/br\/wp-json\/wp\/v2\/media?parent=114852"}],"wp:term":[{"taxonomy":"category","embeddable":true,"href":"https:\/\/grandepremio.com\/br\/wp-json\/wp\/v2\/categories?post=114852"},{"taxonomy":"post_tag","embeddable":true,"href":"https:\/\/grandepremio.com\/br\/wp-json\/wp\/v2\/tags?post=114852"},{"taxonomy":"42wp_author","embeddable":true,"href":"https:\/\/grandepremio.com\/br\/wp-json\/wp\/v2\/42wp_author?post=114852"}],"curies":[{"name":"wp","href":"https:\/\/api.w.org\/{rel}","templated":true}]}}