{"id":114855,"date":"2022-02-03T14:14:15","date_gmt":"2022-02-03T17:14:15","guid":{"rendered":"https:\/\/grandepremio.com\/br\/noticias\/lucas-foresti-confirma-parceria-pietro-rimbano-corrida-duplas-stock-car-2022\/"},"modified":"2022-02-03T14:14:24","modified_gmt":"2022-02-03T17:14:24","slug":"lucas-foresti-confirma-parceria-pietro-rimbano-corrida-duplas-stock-car-2022","status":"publish","type":"post","link":"https:\/\/grandepremio.com\/br\/stock-car\/lucas-foresti-confirma-parceria-pietro-rimbano-corrida-duplas-stock-car-2022\/","title":{"rendered":"Foresti confirma parceria com Rimbano para Corrida de Duplas da Stock Car 2022"},"content":{"rendered":"\n<figure class=\"wp-block-embed is-type-video is-provider-youtube wp-block-embed-youtube wp-embed-aspect-16-9 wp-has-aspect-ratio\"><div class=\"wp-block-embed__wrapper\">\n<iframe loading=\"lazy\" title=\"FERRARI NA F1 2022: COMO SER\u00c1?\" width=\"500\" height=\"281\" src=\"https:\/\/www.youtube.com\/embed\/-2bS8q24TOY?feature=oembed\" frameborder=\"0\" allow=\"accelerometer; autoplay; clipboard-write; encrypted-media; gyroscope; picture-in-picture; web-share\" referrerpolicy=\"strict-origin-when-cross-origin\" allowfullscreen><\/iframe>\n<\/div><figcaption>FERRARI NA F1 2022: COMO SER\u00c1?<br><\/figcaption><\/figure>\n\n\n\n<p class=\"wp-block-paragraph\">A semana \u00e9 intensa na Stock Car. Falta pouco mais de uma semana para a Corrida de Duplas, primeira etapa da temporada de 2022, acontecer e, por isso, Lucas Foresti anunciou seu parceiro para a prova conjunta. Trata-se de Pietro Rimbano, piloto que corre atualmente na Stock Series. Ele ir\u00e3o dividir o volante do carro #12 na prova.<\/p>\n\n\n\n<p class=\"wp-block-paragraph\">A Corrida de Duplas foi realizada pela \u00faltima vez em 2018, e retornaria em 2020, mas foi adiada e, posteriormente, cancelada em decorr\u00eancia da pandemia do novo coronav\u00edrus.\u00a0<a href=\"https:\/\/www.grandepremio.com\/br\/stock-car\/noticias\/stock-car-anuncia-portoes-fechados-retorno-corrida-duplas-interlagos\/\" target=\"_blank\" rel=\"noreferrer noopener\">A Vicar, promotora da\u00a0<\/a><a href=\"https:\/\/www.grandepremio.com\/br\/stock-car\/\" target=\"_blank\" rel=\"noreferrer noopener\">Stock Car<\/a>, j\u00e1 anunciou que, com o aumento de casos de Covid-19, ir\u00e1 realizar a prova de port\u00f5es fechados para o p\u00fablico.<\/p>\n\n\n\n<p class=\"wp-block-paragraph\"><strong>\u25b6\ufe0f\u00a0Inscreva-se nos dois canais do GRANDE PR\u00caMIO no YouTube:\u00a0<a href=\"https:\/\/www.youtube.com\/channel\/UC9OlHEgxoaY6QY6nWPoiqQg?sub_confirmation=1\" target=\"_blank\" rel=\"noreferrer noopener\">GP<\/a>\u00a0|\u00a0<a href=\"https:\/\/www.youtube.com\/channel\/UC9csiS6q_C3C0FYhyr1rnFA?sub_confirmation=1\" target=\"_blank\" rel=\"noreferrer noopener\">GP2<\/a><\/strong><\/p>\n\n\n\n<figure class=\"wp-block-embed is-type-rich is-provider-instagram wp-block-embed-instagram\"><div class=\"wp-block-embed__wrapper\">\nhttps:\/\/www.instagram.com\/p\/CZhP8ZJKUm7\/\n<\/div><\/figure>\n\n\n\n<p class=\"wp-block-paragraph\"><strong>LEIA TAMB\u00c9M<\/strong><br><a href=\"https:\/\/www.grandepremio.com\/br\/f1\/noticias\/inconformada-mercedes-diz-que-formula-1-nao-pode-rasgar-regras-pelo-bem-do-show\/\"><strong>Inconformada, Mercedes diz que\u00a0<\/strong><\/a><strong><a href=\"https:\/\/www.grandepremio.com\/formula-1\/\" target=\"_blank\" rel=\"noreferrer noopener\">F\u00f3rmula 1<\/a>\u00a0\u201cn\u00e3o pode rasgar regras pelo bem do show\u201d<br><a href=\"https:\/\/www.grandepremio.com\/br\/f1\/noticias\/chefe-da-mercedes-ve-rivalidade-com-red-bull-igual-a-boxeadores-trocando-socos\/\">Chefe da\u00a0<\/a><a href=\"https:\/\/www.grandepremio.com\/br\/equipe\/f1\/2020\/mercedes-amg-motorsport\/\" target=\"_blank\" rel=\"noreferrer noopener\">Mercedes<\/a>\u00a0v\u00ea rivalidade com\u00a0<a href=\"https:\/\/www.grandepremio.com\/br\/equipe\/f1\/2020\/red-bull-racing\/\" target=\"_blank\" rel=\"noreferrer noopener\">Red Bull<\/a>\u00a0igual a \u201cboxeadores trocando socos\u201d<br><a href=\"https:\/\/www.grandepremio.com\/br\/f1\/noticias\/jacques-villeneuve-cre-que-lewis-hamilton-faz-silencio-para-fugir-do-jogo-de-mau-perdedor-toto-wolff\/\">Villeneuve cr\u00ea que Hamilton faz sil\u00eancio para fugir do jogo de \u201cmau perdedor\u201d Wolff<\/a><\/strong><\/p>\n\n\n\n<p class=\"wp-block-paragraph\">Rimbano faz parte do grid da Stock Series desde 2018. Conquistou o t\u00edtulo da categoria em 2020. No ano passado, terminou na s\u00e9tima posi\u00e7\u00e3o do campeonato.<\/p>\n\n\n\n<p class=\"wp-block-paragraph\">A Corrida de Duplas acontece no dia 13 de fevereiro, em Interlagos.<\/p>\n\n\n\n<figure class=\"wp-block-embed is-type-video is-provider-youtube wp-block-embed-youtube wp-embed-aspect-16-9 wp-has-aspect-ratio\"><div class=\"wp-block-embed__wrapper\">\n<iframe loading=\"lazy\" title=\"FIA EXP\u00d5E PILOTOS NA F\u00d3RMULA E: PROBLEMAS V\u00c3O AL\u00c9M DE MICHAEL MASI NA F1\" width=\"500\" height=\"281\" src=\"https:\/\/www.youtube.com\/embed\/lAVnNMXe3ew?start=3&amp;feature=oembed\" frameborder=\"0\" allow=\"accelerometer; autoplay; clipboard-write; encrypted-media; gyroscope; picture-in-picture; web-share\" referrerpolicy=\"strict-origin-when-cross-origin\" allowfullscreen><\/iframe>\n<\/div><figcaption>FIA EXP\u00d5E PILOTOS NA F\u00d3RMULA E: PROBLEMAS V\u00c3O AL\u00c9M DE MICHAEL MASI NA F1<br><\/figcaption><\/figure>\n\n\n\n<p class=\"wp-block-paragraph\"><\/p>\n","protected":false},"excerpt":{"rendered":"<p>Lucas Foresti e Pietro Rimbano ser\u00e3o parceiros na Corrida de Duplas, primeira prova da temporada de 2022 da Stock Car<\/p>\n","protected":false},"author":0,"featured_media":1000484953,"comment_status":"closed","ping_status":"closed","sticky":false,"template":"","format":"standard","meta":{"42wp_featured_image_caption":"","42wp_featured_image_credits":"","42wp_featured_video":"","42wp_featured_image_hidden":false,"42wp_authors_list":[],"footnotes":""},"categories":[11],"tags":[74,1491,4388,3604,69,29663],"42wp_author":[47139],"class_list":["post-114855","post","type-post","status-publish","format-standard","has-post-thumbnail","hentry","category-stock-car","tag-corrida-de-duplas","tag-grande-premio","tag-lucas-foresti","tag-pietro-rimbano","tag-stock-car","tag-stock-car-2022","42wp_author-ana-cerveira"],"_links":{"self":[{"href":"https:\/\/grandepremio.com\/br\/wp-json\/wp\/v2\/posts\/114855","targetHints":{"allow":["GET"]}}],"collection":[{"href":"https:\/\/grandepremio.com\/br\/wp-json\/wp\/v2\/posts"}],"about":[{"href":"https:\/\/grandepremio.com\/br\/wp-json\/wp\/v2\/types\/post"}],"replies":[{"embeddable":true,"href":"https:\/\/grandepremio.com\/br\/wp-json\/wp\/v2\/comments?post=114855"}],"version-history":[{"count":0,"href":"https:\/\/grandepremio.com\/br\/wp-json\/wp\/v2\/posts\/114855\/revisions"}],"wp:featuredmedia":[{"embeddable":true,"href":"https:\/\/grandepremio.com\/br\/wp-json\/wp\/v2\/media\/1000484953"}],"wp:attachment":[{"href":"https:\/\/grandepremio.com\/br\/wp-json\/wp\/v2\/media?parent=114855"}],"wp:term":[{"taxonomy":"category","embeddable":true,"href":"https:\/\/grandepremio.com\/br\/wp-json\/wp\/v2\/categories?post=114855"},{"taxonomy":"post_tag","embeddable":true,"href":"https:\/\/grandepremio.com\/br\/wp-json\/wp\/v2\/tags?post=114855"},{"taxonomy":"42wp_author","embeddable":true,"href":"https:\/\/grandepremio.com\/br\/wp-json\/wp\/v2\/42wp_author?post=114855"}],"curies":[{"name":"wp","href":"https:\/\/api.w.org\/{rel}","templated":true}]}}