{"id":114870,"date":"2022-02-03T06:52:44","date_gmt":"2022-02-03T09:52:44","guid":{"rendered":"https:\/\/grandepremio.com\/br\/noticias\/red-bull-anuncia-lancamento-rb18-defesa-titulo-max-verstappen-f1\/"},"modified":"2022-02-03T07:43:27","modified_gmt":"2022-02-03T10:43:27","slug":"red-bull-anuncia-lancamento-rb18-defesa-titulo-max-verstappen-f1","status":"publish","type":"post","link":"https:\/\/grandepremio.com\/br\/f1\/red-bull-anuncia-lancamento-rb18-defesa-titulo-max-verstappen-f1\/","title":{"rendered":"Red Bull anuncia lan\u00e7amento do RB18 para defesa do t\u00edtulo de Verstappen na F1"},"content":{"rendered":"\n<figure class=\"wp-block-embed is-type-video is-provider-youtube wp-block-embed-youtube wp-embed-aspect-16-9 wp-has-aspect-ratio\"><div class=\"wp-block-embed__wrapper\">\n<iframe loading=\"lazy\" title=\"FERRARI NA F1 2022: COMO SER\u00c1?\" width=\"500\" height=\"281\" src=\"https:\/\/www.youtube.com\/embed\/-2bS8q24TOY?feature=oembed\" frameborder=\"0\" allow=\"accelerometer; autoplay; clipboard-write; encrypted-media; gyroscope; picture-in-picture; web-share\" referrerpolicy=\"strict-origin-when-cross-origin\" allowfullscreen><\/iframe>\n<\/div><figcaption>FERRARI NA F1 2022: COMO SER\u00c1?<\/figcaption><\/figure>\n\n\n\n<p class=\"wp-block-paragraph\">A Red Bull agendou o lan\u00e7amento do RB18, carro com que Max Verstappen vai defender o t\u00edtulo da F\u00f3rmula 1 em 2022. A escuderia dos energ\u00e9ticos vai furar a fila da concorr\u00eancia e apresentar o novo b\u00f3lido na pr\u00f3xima quarta-feira, 9 de fevereiro, antes de qualquer outra escuderia.<\/p>\n\n\n\n<p class=\"wp-block-paragraph\">A equipe comandada por Christian Horner anunciou o lan\u00e7amento por meio de um teaser publicado nas redes sociais, confirmando que a apresenta\u00e7\u00e3o do carro est\u00e1 chegando.<\/p>\n\n\n\n<figure class=\"wp-block-embed is-type-rich is-provider-twitter wp-block-embed-twitter\"><div class=\"wp-block-embed__wrapper\">\n<blockquote class=\"twitter-tweet\" data-width=\"500\" data-dnt=\"true\"><p lang=\"en\" dir=\"ltr\">The countdown begins \u23f1 <a href=\"https:\/\/x.com\/hashtag\/RB18?src=hash&amp;ref_src=twsrc%5Etfw\">#RB18<\/a> coming \ud83d\udd1c<br><br>\ud83d\udc4a <a href=\"https:\/\/x.com\/TAGHeuer?ref_src=twsrc%5Etfw\">@TAGHeuer<\/a> <a href=\"https:\/\/t.co\/u2udXo064h\">pic.twitter.com\/u2udXo064h<\/a><\/p>&mdash; Oracle Red Bull Racing (@redbullracing) <a href=\"https:\/\/x.com\/redbullracing\/status\/1489161745742450693?ref_src=twsrc%5Etfw\">February 3, 2022<\/a><\/blockquote><script async src=\"https:\/\/platform.x.com\/widgets.js\" charset=\"utf-8\"><\/script>\n<\/div><\/figure>\n\n\n\n<p class=\"wp-block-paragraph\"><strong>LEIA MAIS:&nbsp;<\/strong><a href=\"https:\/\/www.grandepremio.com\/br\/equipe\/f1\/2020\/alfa-romeo-racing\/\" target=\"_blank\" rel=\"noreferrer noopener\">Alfa Romeo<\/a>&nbsp;<a href=\"https:\/\/www.grandepremio.com\/br\/f1\/noticias\/alfa-romeo-busca-autonomia-abre-mao-caixa-cambio-suspensao-ferrari\/\">busca autonomia e abre m\u00e3o de caixa de c\u00e2mbio e suspens\u00e3o da<\/a>&nbsp;<a href=\"https:\/\/www.grandepremio.com\/br\/equipe\/f1\/2020\/scuderia-ferrari\/\" target=\"_blank\" rel=\"noreferrer noopener\">Ferrari<\/a><\/p>\n\n\n\n<p class=\"wp-block-paragraph\">Em 2021, com a conquista de Verstappen, a Red Bull encerrou um jejum de sete temporadas no Mundial de Pilotos, j\u00e1 que tinha conquistado o t\u00edtulo pela \u00faltima vez em 2013, com Sebastian Vettel.<\/p>\n\n\n\n<p class=\"wp-block-paragraph\">Assim como aconteceu no ano passado, Verstappen ter\u00e1 a companhia de Sergio P\u00e9rez, mas a nomenclatura do carro traz uma mudan\u00e7a, j\u00e1 que a Red Bull pulou o n\u00famero 17, previsto originalmente para 2021. Ano passado, por causa da pandemia de Covid-19, a maior parte do regulamento t\u00e9cnico foi congelado, o que resultou em uma vers\u00e3o B do carro de 2020. Assim, o b\u00f3lido foi batizado de RB16B.<\/p>\n\n\n\n<p class=\"wp-block-paragraph\">Com o an\u00fancio da Red Bull, apenas Williams e Haas ainda n\u00e3o confirmaram a data em que v\u00e3o exibir seus novos carros. A pr\u00e9-temporada da F\u00f3rmula 1 acontece entre os dias 23 e 25, em Barcelona.<\/p>\n\n\n\n<p class=\"wp-block-paragraph\"><strong>\u25b6\ufe0f&nbsp;Inscreva-se nos dois canais do GRANDE PR\u00caMIO no YouTube:&nbsp;<a href=\"https:\/\/www.youtube.com\/channel\/UC9OlHEgxoaY6QY6nWPoiqQg?sub_confirmation=1\" target=\"_blank\" rel=\"noreferrer noopener\">GP<\/a>&nbsp;|&nbsp;<a href=\"https:\/\/www.youtube.com\/channel\/UC9csiS6q_C3C0FYhyr1rnFA?sub_confirmation=1\" target=\"_blank\" rel=\"noreferrer noopener\">GP2<\/a><\/strong><\/p>\n\n\n\n<h3 class=\"wp-block-heading\"><strong>F\u00f3rmula 1 2022, Calend\u00e1rio de lan\u00e7amentos:<\/strong><\/h3>\n\n\n\n<figure class=\"wp-block-table\"><table><tbody><tr><td>RED BULL<\/td><td><strong>9\/2<\/strong><\/td><\/tr><tr><td>ASTON MARTIN<\/td><td><strong>10\/2<\/strong><\/td><\/tr><tr><td>MCLAREN<\/td><td><strong>11\/2<\/strong><\/td><\/tr><tr><td>ALPHATAURI<\/td><td><strong>14\/2<\/strong><\/td><\/tr><tr><td>FERRARI<\/td><td><strong>17\/2<\/strong><\/td><\/tr><tr><td>MERCEDES<\/td><td><strong>18\/2<\/strong><\/td><\/tr><tr><td>ALPINE<\/td><td><strong>21\/2<\/strong><\/td><\/tr><tr><td>ALFA ROMEO<\/td><td><strong>27\/2<\/strong><\/td><\/tr><tr><td>WILLIAMS<\/td><td><strong>TBA<\/strong><\/td><\/tr><tr><td>HAAS<\/td><td><strong>TBA<\/strong><\/td><\/tr><\/tbody><\/table><\/figure>\n\n\n\n<figure class=\"wp-block-embed is-type-video is-provider-youtube wp-block-embed-youtube wp-embed-aspect-16-9 wp-has-aspect-ratio\"><div class=\"wp-block-embed__wrapper\">\n<iframe loading=\"lazy\" title=\"F1 2022: FIA FALA EM TROCA DE MASI, MAS QUEM ASSUME?\" width=\"500\" height=\"281\" src=\"https:\/\/www.youtube.com\/embed\/hchB4UtZ_-Q?feature=oembed\" frameborder=\"0\" allow=\"accelerometer; autoplay; clipboard-write; encrypted-media; gyroscope; picture-in-picture; web-share\" referrerpolicy=\"strict-origin-when-cross-origin\" allowfullscreen><\/iframe>\n<\/div><figcaption>F1 2022: FIA FALA EM TROCA DE MASI, MAS QUEM ASSUME?<\/figcaption><\/figure>\n","protected":false},"excerpt":{"rendered":"<p>A marca dos energ\u00e9ticos vai furar a fila das equipes da F\u00f3rmula 1 e apresentar o b\u00f3lido para 2022 na pr\u00f3xima quarta-feira (9). Assim, a equipe de Max Verstappen e Sergio P\u00e9rez ser\u00e1 a primeira a mostrar as armas para o campeonato deste ano<\/p>\n","protected":false},"author":0,"featured_media":1000538788,"comment_status":"closed","ping_status":"closed","sticky":false,"template":"","format":"standard","meta":{"42wp_featured_image_caption":"","42wp_featured_image_credits":"","42wp_featured_video":"","42wp_featured_image_hidden":false,"42wp_authors_list":[],"footnotes":""},"categories":[2],"tags":[147,1357,24837,26841,30732,204],"42wp_author":[47113],"class_list":["post-114870","post","type-post","status-publish","format-standard","has-post-thumbnail","hentry","category-f1","tag-f1","tag-f1-2022","tag-formula-1-2","tag-formula-1-2022","tag-formula-1-classificacao-2022","tag-red-bull","42wp_author-juliana-tesser"],"_links":{"self":[{"href":"https:\/\/grandepremio.com\/br\/wp-json\/wp\/v2\/posts\/114870","targetHints":{"allow":["GET"]}}],"collection":[{"href":"https:\/\/grandepremio.com\/br\/wp-json\/wp\/v2\/posts"}],"about":[{"href":"https:\/\/grandepremio.com\/br\/wp-json\/wp\/v2\/types\/post"}],"replies":[{"embeddable":true,"href":"https:\/\/grandepremio.com\/br\/wp-json\/wp\/v2\/comments?post=114870"}],"version-history":[{"count":0,"href":"https:\/\/grandepremio.com\/br\/wp-json\/wp\/v2\/posts\/114870\/revisions"}],"wp:featuredmedia":[{"embeddable":true,"href":"https:\/\/grandepremio.com\/br\/wp-json\/wp\/v2\/media\/1000538788"}],"wp:attachment":[{"href":"https:\/\/grandepremio.com\/br\/wp-json\/wp\/v2\/media?parent=114870"}],"wp:term":[{"taxonomy":"category","embeddable":true,"href":"https:\/\/grandepremio.com\/br\/wp-json\/wp\/v2\/categories?post=114870"},{"taxonomy":"post_tag","embeddable":true,"href":"https:\/\/grandepremio.com\/br\/wp-json\/wp\/v2\/tags?post=114870"},{"taxonomy":"42wp_author","embeddable":true,"href":"https:\/\/grandepremio.com\/br\/wp-json\/wp\/v2\/42wp_author?post=114870"}],"curies":[{"name":"wp","href":"https:\/\/api.w.org\/{rel}","templated":true}]}}