{"id":114875,"date":"2022-02-02T15:56:29","date_gmt":"2022-02-02T18:56:29","guid":{"rendered":"https:\/\/grandepremio.com\/br\/noticias\/felipe-fraga-volta-stock-car-forma-parceira-caca-bueno-corrida-duplas-2022\/"},"modified":"2022-02-02T15:58:43","modified_gmt":"2022-02-02T18:58:43","slug":"felipe-fraga-volta-stock-car-forma-parceira-caca-bueno-corrida-duplas-2022","status":"publish","type":"post","link":"https:\/\/grandepremio.com\/br\/stock-car\/felipe-fraga-volta-stock-car-forma-parceira-caca-bueno-corrida-duplas-2022\/","title":{"rendered":"Fraga volta \u00e0 Stock Car e forma parceira com Bueno para Corrida de Duplas 2022"},"content":{"rendered":"\n<figure class=\"wp-block-embed is-type-video is-provider-youtube wp-block-embed-youtube wp-embed-aspect-16-9 wp-has-aspect-ratio\"><div class=\"wp-block-embed__wrapper\">\n<iframe loading=\"lazy\" title=\"FIA EXP\u00d5E PILOTOS NA F\u00d3RMULA E: PROBLEMAS V\u00c3O AL\u00c9M DE MICHAEL MASI NA F1\" width=\"500\" height=\"281\" src=\"https:\/\/www.youtube.com\/embed\/lAVnNMXe3ew?feature=oembed\" frameborder=\"0\" allow=\"accelerometer; autoplay; clipboard-write; encrypted-media; gyroscope; picture-in-picture; web-share\" referrerpolicy=\"strict-origin-when-cross-origin\" allowfullscreen><\/iframe>\n<\/div><figcaption>FIA EXP\u00d5E PILOTOS NA F\u00d3RMULA E: PROBLEMAS V\u00c3O AL\u00c9M DE MICHAEL MASI NA F1<br><\/figcaption><\/figure>\n\n\n\n<p class=\"wp-block-paragraph\">O dia segue agitado na Stock Car. Nesta quarta-feira (2), o pentacampe\u00e3o Cac\u00e1 Bueno anunciou seu parceiro para a Corrida de Duplas, primeira prova desta temporada, em Interlagos. Trata-se de Felipe Fraga, piloto que \u00e9 o mais jovem campe\u00e3o da categoria \u2014 ficou com o t\u00edtulo em 2016, com 21 anos \u2014 e que, recentemente,<a href=\"https:\/\/www.grandepremio.com\/br\/endurance\/noticias\/helio-castroneves-bate-cadillac-duelo-apertado-vence-24h-daytona-meyer-shank\/\" target=\"_blank\" rel=\"noreferrer noopener\"> triunfou nas 24 Horas de Daytona na classe LMP3.<\/a> <\/p>\n\n\n\n<p class=\"wp-block-paragraph\">A Corrida de Duplas foi realizada pela \u00faltima vez em 2018, e retornaria em 2020, mas foi adiada e, posteriormente, cancelada em decorr\u00eancia da pandemia do novo coronav\u00edrus.\u00a0<a href=\"https:\/\/www.grandepremio.com\/br\/stock-car\/noticias\/stock-car-anuncia-portoes-fechados-retorno-corrida-duplas-interlagos\/\" target=\"_blank\" rel=\"noreferrer noopener\">A Vicar, promotora da\u00a0<\/a><a href=\"https:\/\/www.grandepremio.com\/br\/stock-car\/\" target=\"_blank\" rel=\"noreferrer noopener\">Stock Car<\/a>, j\u00e1 anunciou que, com o aumento de casos de Covid-19, ir\u00e1 realizar a prova de port\u00f5es fechados para o p\u00fablico.<\/p>\n\n\n\n<p class=\"wp-block-paragraph\"><strong>\u25b6\ufe0f\u00a0Inscreva-se nos dois canais do GRANDE PR\u00caMIO no YouTube:\u00a0<a href=\"https:\/\/www.youtube.com\/channel\/UC9OlHEgxoaY6QY6nWPoiqQg?sub_confirmation=1\" target=\"_blank\" rel=\"noreferrer noopener\">GP<\/a>\u00a0|\u00a0<a href=\"https:\/\/www.youtube.com\/channel\/UC9csiS6q_C3C0FYhyr1rnFA?sub_confirmation=1\" target=\"_blank\" rel=\"noreferrer noopener\">GP2<\/a><\/strong><\/p>\n\n\n\n<figure class=\"wp-block-image size-large\"><img decoding=\"async\" src=\"https:\/\/www.grandepremio.com\/br\/wp-content\/uploads\/2021\/09\/397417_985307_btx25387-1024x683.jpg\" alt=\"Stock Car_Goi\u00e2nia\" class=\"wp-image-511602\"\/><figcaption>Cac\u00e1 Bueno e Felipe Fraga v\u00e3o dividir o carro #0 (Foto: Bruno Terena\/RF1)<\/figcaption><\/figure>\n\n\n\n<p class=\"wp-block-paragraph\">Al\u00e9m disso, Fraga tem \u00f3tima experi\u00eancia na prova em duplas. Isso porque, na primeira edi\u00e7\u00e3o em que se teve pilotos da Stock Car e convidados, o piloto venceu em Interlagos ao lado de Rodrigo Sperafico, tamb\u00e9m em 2016, seu ano de estreia.<\/p>\n\n\n\n<p class=\"wp-block-paragraph\">\u201cTodos sabem da admira\u00e7\u00e3o que tenho pela Stock Car, e voltar para disputar a Corrida de Duplas com o Cac\u00e1, que sempre foi um amigo dentro e fora das pistas, vai ser muito especial, at\u00e9 porque ele foi o grande incentivador de minha carreira e meu in\u00edcio na Stock. Venci a primeira Corrida de Duplas em Interlagos, ent\u00e3o d\u00e1 para dizer que sei como ganhar esta prova\u201d, disse Fraga.<\/p>\n\n\n\n<p class=\"wp-block-paragraph\">A Corrida de Duplas acontece no dia 13 de fevereiro, em Interlagos. <\/p>\n\n\n\n<figure class=\"wp-block-embed is-type-video is-provider-youtube wp-block-embed-youtube wp-embed-aspect-16-9 wp-has-aspect-ratio\"><div class=\"wp-block-embed__wrapper\">\n<iframe loading=\"lazy\" title=\"MARC M\u00c1RQUEZ E O LONGO HIST\u00d3RICO DE LES\u00d5ES NA MOTOGP\" width=\"500\" height=\"281\" src=\"https:\/\/www.youtube.com\/embed\/S_wbU5hOkxs?feature=oembed\" frameborder=\"0\" allow=\"accelerometer; autoplay; clipboard-write; encrypted-media; gyroscope; picture-in-picture; web-share\" referrerpolicy=\"strict-origin-when-cross-origin\" allowfullscreen><\/iframe>\n<\/div><figcaption>MARC M\u00c1RQUEZ E O LONGO HIST\u00d3RICO DE LES\u00d5ES NA MOTOGP<\/figcaption><\/figure>\n","protected":false},"excerpt":{"rendered":"<p>Felipe Fraga volta \u00e0 Stock Car para disputar a Corrida de Duplas, primeira etapa da temporada, ao lado de Cac\u00e1 Bueno <\/p>\n","protected":false},"author":0,"featured_media":1000466885,"comment_status":"closed","ping_status":"closed","sticky":false,"template":"","format":"standard","meta":{"42wp_featured_image_caption":"","42wp_featured_image_credits":"","42wp_featured_video":"","42wp_featured_image_hidden":false,"42wp_authors_list":[],"footnotes":""},"categories":[11],"tags":[74,501,460,1491,124,29663],"42wp_author":[47139],"class_list":["post-114875","post","type-post","status-publish","format-standard","has-post-thumbnail","hentry","category-stock-car","tag-corrida-duplas","tag-crown-racing","tag-felipe-fraga","tag-grande-premio","tag-interlagos","tag-stock-car-2022","42wp_author-ana-cerveira"],"_links":{"self":[{"href":"https:\/\/grandepremio.com\/br\/wp-json\/wp\/v2\/posts\/114875","targetHints":{"allow":["GET"]}}],"collection":[{"href":"https:\/\/grandepremio.com\/br\/wp-json\/wp\/v2\/posts"}],"about":[{"href":"https:\/\/grandepremio.com\/br\/wp-json\/wp\/v2\/types\/post"}],"replies":[{"embeddable":true,"href":"https:\/\/grandepremio.com\/br\/wp-json\/wp\/v2\/comments?post=114875"}],"version-history":[{"count":0,"href":"https:\/\/grandepremio.com\/br\/wp-json\/wp\/v2\/posts\/114875\/revisions"}],"wp:featuredmedia":[{"embeddable":true,"href":"https:\/\/grandepremio.com\/br\/wp-json\/wp\/v2\/media\/1000466885"}],"wp:attachment":[{"href":"https:\/\/grandepremio.com\/br\/wp-json\/wp\/v2\/media?parent=114875"}],"wp:term":[{"taxonomy":"category","embeddable":true,"href":"https:\/\/grandepremio.com\/br\/wp-json\/wp\/v2\/categories?post=114875"},{"taxonomy":"post_tag","embeddable":true,"href":"https:\/\/grandepremio.com\/br\/wp-json\/wp\/v2\/tags?post=114875"},{"taxonomy":"42wp_author","embeddable":true,"href":"https:\/\/grandepremio.com\/br\/wp-json\/wp\/v2\/42wp_author?post=114875"}],"curies":[{"name":"wp","href":"https:\/\/api.w.org\/{rel}","templated":true}]}}