{"id":114893,"date":"2022-02-02T04:45:00","date_gmt":"2022-02-02T07:45:00","guid":{"rendered":"https:\/\/grandepremio.com\/br\/noticias\/sergio-sette-camara-lamenta-punicao-em-diriyah-mas-ve-dragon-com-muito-potencial-na-fe\/"},"modified":"2022-02-01T17:13:48","modified_gmt":"2022-02-01T20:13:48","slug":"sergio-sette-camara-lamenta-punicao-em-diriyah-mas-ve-dragon-com-muito-potencial-na-fe","status":"publish","type":"post","link":"https:\/\/grandepremio.com\/br\/formula-e\/sergio-sette-camara-lamenta-punicao-em-diriyah-mas-ve-dragon-com-muito-potencial-na-fe\/","title":{"rendered":"Sette C\u00e2mara lamenta puni\u00e7\u00e3o em Diriyah, mas v\u00ea Dragon com &#8220;muito potencial&#8221; na FE"},"content":{"rendered":"\n<figure class=\"wp-block-embed is-type-video is-provider-youtube wp-block-embed-youtube wp-embed-aspect-16-9 wp-has-aspect-ratio\"><div class=\"wp-block-embed__wrapper\">\n<iframe loading=\"lazy\" title=\"MARC M\u00c1RQUEZ E O LONGO HIST\u00d3RICO DE LES\u00d5ES NA MOTOGP\" width=\"500\" height=\"281\" src=\"https:\/\/www.youtube.com\/embed\/S_wbU5hOkxs?feature=oembed\" frameborder=\"0\" allow=\"accelerometer; autoplay; clipboard-write; encrypted-media; gyroscope; picture-in-picture; web-share\" referrerpolicy=\"strict-origin-when-cross-origin\" allowfullscreen><\/iframe>\n<\/div><figcaption>MARC M\u00c1RQUEZ E O LONGO HIST\u00d3RICO DE LES\u00d5ES NA MOTOGP<\/figcaption><\/figure>\n\n\n\n<p class=\"wp-block-paragraph\">Ap\u00f3s o encerramento do primeiro final de semana de disputas da F\u00f3rmula E, com o eP de Diriyah e <a href=\"https:\/\/www.grandepremio.com\/br\/formula-e\/noticias\/nyck-de-vries-supera-stoffel-vandoorne-para-abrir-2022-com-vitoria-em-1-2-da-mercedes-em-diriyah\/\" target=\"_blank\" rel=\"noreferrer noopener\">as vit\u00f3rias de Nyck de Vries<\/a> na sexta-feira (28) e <a href=\"https:\/\/www.grandepremio.com\/br\/formula-e\/noticias\/edoardo-mortara-aproveita-final-sob-safety-car-e-vence-em-diriyah-lucas-di-grassi-vai-ao-podio\/\" target=\"_blank\" rel=\"noreferrer noopener\">Edoardo Mortara no s\u00e1bado<\/a>, os pilotos puderam ter a primeira ideia de como ser\u00e1 a briga nas pistas ao longo de 2022. E o brasileiro S\u00e9rgio Sette C\u00e2mara, que faz sua segunda temporada completa pela Dragon, acredita que a equipe poderia ter alcan\u00e7ado resultados melhores na primeira etapa do ano.<\/p>\n\n\n\n<p class=\"wp-block-paragraph\">Com um 15\u00ba lugar na primeira corrida e o 18\u00ba posto na segunda, Sette C\u00e2mara n\u00e3o conseguiu pontuar neste primeiro final de semana, mas enxergou a possibilidade de ocupar lugares mais altos no grid. No entanto, uma puni\u00e7\u00e3o por incidente com S\u00e9bastien Buemi, da Nissan, p\u00f4s tudo a perder.<\/p>\n\n\n\n<p class=\"wp-block-paragraph\">&#8220;Durante todo o final de semana n\u00f3s tivemos muito potencial, na classifica\u00e7\u00e3o poder\u00edamos ter conseguido o nono lugar se eu n\u00e3o tivesse pego o [Pascal] Wehrlein no meio da minha volta, me atrapalhou&#8221;, admitiu. &#8220;Teria sido uma posi\u00e7\u00e3o excelente, uma atr\u00e1s dos grupos, que era o grande objetivo. N\u00e3o aconteceu, fiz uma volta boa o suficiente para ficar em 13\u00ba, mas tomei uma penaliza\u00e7\u00e3o por bloquear o [S\u00e9bastien] Buemi em uma volta que n\u00e3o era boa nem para mim, nem para ele&#8221;, lamentou Sette C\u00e2mara.<\/p>\n\n\n\n<figure class=\"wp-block-image size-large\"><img decoding=\"async\" src=\"https:\/\/www.grandepremio.com\/br\/wp-content\/uploads\/2022\/02\/8-EPS704_051530_J6I6880-1024x682.jpg\" alt=\"\" class=\"wp-image-538481\"\/><figcaption>Sette C\u00e2mara lamentou puni\u00e7\u00e3o por incidente com Buemi em Diriyah (Foto: FIA F\u00f3rmula E)<\/figcaption><\/figure>\n\n\n\n<p class=\"wp-block-paragraph\"><strong>\u25b6\ufe0f\u00a0Inscreva-se nos dois canais do GRANDE PR\u00caMIO no YouTube:\u00a0<a href=\"https:\/\/www.youtube.com\/channel\/UC9OlHEgxoaY6QY6nWPoiqQg?sub_confirmation=1\" target=\"_blank\" rel=\"noreferrer noopener\">GP<\/a>\u00a0|\u00a0<a href=\"https:\/\/www.youtube.com\/channel\/UC9csiS6q_C3C0FYhyr1rnFA?sub_confirmation=1\" target=\"_blank\" rel=\"noreferrer noopener\">GP2<\/a><\/strong><\/p>\n\n\n\n<p class=\"wp-block-paragraph\">&#8220;N\u00e3o fui avisado pelo r\u00e1dio tamb\u00e9m, ent\u00e3o de 13\u00ba tive uma puni\u00e7\u00e3o e ca\u00ed para 19\u00ba&#8221;, continuou. &#8220;Largando ali \u00e9 muito dif\u00edcil ir para frente, muitas brigas, fica complicado escalar o grid. O m\u00e1ximo que a gente conseguiu nesse final de semana foi o 18\u00ba lugar [foi 15\u00ba na corrida 1] que eu terminei, n\u00e3o \u00e9 o resultado que a gente quer, acho que a gente tinha muito mais potencial e vamos tentar explorar isso no M\u00e9xico&#8221;, encerrou.<\/p>\n\n\n\n<p class=\"wp-block-paragraph\">Do outro lado da garagem, as coisas n\u00e3o se sa\u00edram melhores para a Dragon. Companheiro de equipe de Sette C\u00e2mara, o estreante da F\u00f3rmula E Antonio Giovinazzi ainda busca a melhor adapta\u00e7\u00e3o ao carro e \u00e0 categoria ap\u00f3s deixar a F1. Assim, o piloto italiano n\u00e3o conseguiu passar da \u00faltima coloca\u00e7\u00e3o em ambas as corridas \u2014 foi 20\u00ba e 21\u00ba.<\/p>\n\n\n\n<p class=\"wp-block-paragraph\">A F\u00f3rmula E retorna no dia 12 de fevereiro, com a disputa da segunda etapa do ano. Desta vez em corrida \u00fanica, a categoria vai ao Aut\u00f3dromo Hermanos Rodr\u00edguez para o eP da Cidade do M\u00e9xico. Ap\u00f3s o primeiro final de semana, Edoardo Mortara lidera o Mundial de Pilotos com a Venturi, seguido pelos dois pilotos da Mercedes: Nyck De Vries \u00e9 o segundo e Stoffel Vandoorne, o terceiro.<\/p>\n\n\n\n<figure class=\"wp-block-image size-large\"><img decoding=\"async\" src=\"https:\/\/www.grandepremio.com\/br\/wp-content\/uploads\/2022\/02\/2-EPS802_113151_J6I8676-compressed-1024x683.jpg\" alt=\"\" class=\"wp-image-538478\"\/><figcaption>Giovinazzi ainda busca a melhor adapta\u00e7\u00e3o \u00e0 F\u00f3rmula E e n\u00e3o passou do \u00faltimo lugar (Foto: FIA F\u00f3rmula E)<\/figcaption><\/figure>\n","protected":false},"excerpt":{"rendered":"<p>S\u00e9rgio Sette C\u00e2mara n\u00e3o conseguiu passar do 15\u00ba lugar em Diriyah, mas lamentou puni\u00e7\u00e3o que o derrubou no grid e disse enxergar potencial para resultados melhores na Dragon<\/p>\n","protected":false},"author":0,"featured_media":1000537396,"comment_status":"closed","ping_status":"closed","sticky":false,"template":"","format":"standard","meta":{"42wp_featured_image_caption":"","42wp_featured_image_credits":"","42wp_featured_video":"","42wp_featured_image_hidden":false,"42wp_authors_list":[],"footnotes":""},"categories":[19],"tags":[456,25074,1860,30692,379,27903,840,28327,894,1194,876,28828],"42wp_author":[47142],"class_list":["post-114893","post","type-post","status-publish","format-standard","has-post-thumbnail","hentry","category-formula-e","tag-antonio-giovinazzi","tag-arabia-saudita-2","tag-dragon","tag-eprix-de-diriyah","tag-fe","tag-fe-2022","tag-formula-e","tag-formula-e-2022","tag-nissan","tag-pascal-wehrlein","tag-sebastien-buemi","tag-sergio-sette-camara-4","42wp_author-jp-nascimento"],"_links":{"self":[{"href":"https:\/\/grandepremio.com\/br\/wp-json\/wp\/v2\/posts\/114893","targetHints":{"allow":["GET"]}}],"collection":[{"href":"https:\/\/grandepremio.com\/br\/wp-json\/wp\/v2\/posts"}],"about":[{"href":"https:\/\/grandepremio.com\/br\/wp-json\/wp\/v2\/types\/post"}],"replies":[{"embeddable":true,"href":"https:\/\/grandepremio.com\/br\/wp-json\/wp\/v2\/comments?post=114893"}],"version-history":[{"count":0,"href":"https:\/\/grandepremio.com\/br\/wp-json\/wp\/v2\/posts\/114893\/revisions"}],"wp:featuredmedia":[{"embeddable":true,"href":"https:\/\/grandepremio.com\/br\/wp-json\/wp\/v2\/media\/1000537396"}],"wp:attachment":[{"href":"https:\/\/grandepremio.com\/br\/wp-json\/wp\/v2\/media?parent=114893"}],"wp:term":[{"taxonomy":"category","embeddable":true,"href":"https:\/\/grandepremio.com\/br\/wp-json\/wp\/v2\/categories?post=114893"},{"taxonomy":"post_tag","embeddable":true,"href":"https:\/\/grandepremio.com\/br\/wp-json\/wp\/v2\/tags?post=114893"},{"taxonomy":"42wp_author","embeddable":true,"href":"https:\/\/grandepremio.com\/br\/wp-json\/wp\/v2\/42wp_author?post=114893"}],"curies":[{"name":"wp","href":"https:\/\/api.w.org\/{rel}","templated":true}]}}