{"id":114896,"date":"2022-02-02T04:00:00","date_gmt":"2022-02-02T07:00:00","guid":{"rendered":"https:\/\/grandepremio.com\/br\/noticias\/alexander-albon-max-verstappen-pilotagem-falar-si-mesmo-conexao-rara-engenheiro\/"},"modified":"2022-02-01T17:11:23","modified_gmt":"2022-02-01T20:11:23","slug":"alexander-albon-max-verstappen-pilotagem-falar-si-mesmo-conexao-rara-engenheiro","status":"publish","type":"post","link":"https:\/\/grandepremio.com\/br\/f1\/alexander-albon-max-verstappen-pilotagem-falar-si-mesmo-conexao-rara-engenheiro\/","title":{"rendered":"Albon diz que Verstappen &#8220;deixa pilotagem falar&#8221; e tem conex\u00e3o rara com engenheiro"},"content":{"rendered":"\n<figure class=\"wp-block-embed is-type-video is-provider-youtube wp-block-embed-youtube wp-embed-aspect-16-9 wp-has-aspect-ratio\"><div class=\"wp-block-embed__wrapper\">\n<iframe loading=\"lazy\" title=\"F1 2022: FIA FALA EM TROCA DE MASI, MAS QUEM ASSUME?\" width=\"500\" height=\"281\" src=\"https:\/\/www.youtube.com\/embed\/hchB4UtZ_-Q?feature=oembed\" frameborder=\"0\" allow=\"accelerometer; autoplay; clipboard-write; encrypted-media; gyroscope; picture-in-picture; web-share\" referrerpolicy=\"strict-origin-when-cross-origin\" allowfullscreen><\/iframe>\n<\/div><figcaption>F1 2022: FIA FALA EM TROCA DE MASI, MAS QUEM ASSUME?<\/figcaption><\/figure>\n\n\n\n<p class=\"wp-block-paragraph\">Dentre as muitas coisas que foram faladas sobre Max Verstappen durante a briga pelo t\u00edtulo mundial de 2021, uma das que permaneceu fora dos holofotes foi a conex\u00e3o bastante pr\u00f3xima que tem com o engenheiro de corridas Gianpiero Lambiase. Lambiase trabalha ao lado de Verstappen desde que o holand\u00eas subiu para a Red Bull em 2016 e, a partir da\u00ed, estabeleceram uma rela\u00e7\u00e3o muito pr\u00f3xima. \u00c9 o que conta Alexander Albon, ex-companheiro do atual campe\u00e3o mundial na Red Bull.<\/p>\n\n\n\n<p class=\"wp-block-paragraph\"><strong>\u25b6\ufe0f\u00a0Inscreva-se nos dois canais do GRANDE PR\u00caMIO no YouTube:\u00a0<\/strong><a href=\"https:\/\/www.youtube.com\/channel\/UC9OlHEgxoaY6QY6nWPoiqQg?sub_confirmation=1\" target=\"_blank\" rel=\"noreferrer noopener\">GP<\/a><strong>\u00a0|\u00a0<\/strong><a href=\"https:\/\/www.youtube.com\/channel\/UC9csiS6q_C3C0FYhyr1rnFA?sub_confirmation=1\" target=\"_blank\" rel=\"noreferrer noopener\">GP2<\/a><br><strong>Marko diz que Verstappen tem <a href=\"https:\/\/www.grandepremio.com\/br\/f1\/noticias\/helmut-marko-max-verstappen-brutalidade-foco-ayrton-senna-michael-schumacher\/\">&#8220;brutalidade e foco completo&#8221;<\/a> de Senna e Schumacher<\/strong><\/p>\n\n\n\n<p class=\"wp-block-paragraph\">Albon trouxe \u00e0 luz um pouco da conex\u00e3o quase desconhecida entre piloto e engenheiro. Segundo ele, os dois mal precisam se falar para que tracem um planejamento de ajuste dos carros ao longo dos fins de semana.<\/p>\n\n\n\n<p class=\"wp-block-paragraph\">&#8220;A conex\u00e3o entre os dois \u00e9 impressionante. Max e Gianpiero raramente conversam sobre detalhes, porque se entendem t\u00e3o bem. Durante os fins de semana de corrida, n\u00e3o precisam passar horas conversando sobre setups. \u00c0s vezes eles aprontam o carro em 10 ou 15 minutos&#8221;, disse.<\/p>\n\n\n\n<figure class=\"wp-block-image size-large\"><img decoding=\"async\" src=\"https:\/\/www.grandepremio.com\/br\/wp-content\/uploads\/2020\/05\/F1-2021-Williams-Alex-Albon-1024x760.jpg\" alt=\"\" class=\"wp-image-506729\"\/><figcaption>Alex Albon agora \u00e9 piloto da Williams (Foto: Williams)<\/figcaption><\/figure>\n\n\n\n<p class=\"wp-block-paragraph\">&#8220;Ele deixa a pilotagem falar por si s\u00f3. \u00c9 a confian\u00e7a que tem na equipe. Voc\u00ea percebe isso na forma como trata o engenheiro&#8221;, finalizou.<\/p>\n\n\n\n<p class=\"wp-block-paragraph\">Em entrevista no ano passado, ap\u00f3s o t\u00edtulo, Verstappen disse que &#8220;j\u00e1 falei para ele [Lambiase] que s\u00f3 trabalho com ele. Assim que ele parar, eu paro tamb\u00e9m. Claro que podemos discutir algumas vezes, mas tamb\u00e9m quero isso. Ele precisa me dizer quando eu estou sendo um idiota, e eu tenho que falar para ele do mesmo jeito. Sempre disse isso&#8221;, afirmou.<\/p>\n\n\n\n<p class=\"wp-block-paragraph\">Ao lado de Lambiase, Verstappen come\u00e7a a busca pelo bicampeonato em 20 de mar\u00e7o, no GP do Bahrein. Antes disso, em 23 de fevereiro, come\u00e7am os testes coletivos de pr\u00e9-temporada, em Barcelona.<\/p>\n\n\n\n<figure class=\"wp-block-embed is-type-video is-provider-youtube wp-block-embed-youtube wp-embed-aspect-16-9 wp-has-aspect-ratio\"><div class=\"wp-block-embed__wrapper\">\n<iframe loading=\"lazy\" title=\"F1 VAI NA CONTRAM\u00c3O DE MUDAN\u00c7AS E ESCONDE TESTE EM BARCELONA\" width=\"500\" height=\"281\" src=\"https:\/\/www.youtube.com\/embed\/dJnIdNLUC-g?feature=oembed\" frameborder=\"0\" allow=\"accelerometer; autoplay; clipboard-write; encrypted-media; gyroscope; picture-in-picture; web-share\" referrerpolicy=\"strict-origin-when-cross-origin\" allowfullscreen><\/iframe>\n<\/div><figcaption>F1 VAI NA CONTRAM\u00c3O DE MUDAN\u00c7AS E ESCONDE TESTE EM BARCELONA<\/figcaption><\/figure>\n","protected":false},"excerpt":{"rendered":"<p>Alexander Albon avaliou um pouco da liga\u00e7\u00e3o bastante pr\u00f3xima que o ex-companheiro de equipe Max Verstappen tem com o engenheiro de corridas Gianpiero Lambiase<\/p>\n","protected":false},"author":0,"featured_media":1000533771,"comment_status":"closed","ping_status":"closed","sticky":false,"template":"","format":"standard","meta":{"42wp_featured_image_caption":"","42wp_featured_image_credits":"","42wp_featured_video":"","42wp_featured_image_hidden":false,"42wp_authors_list":[],"footnotes":""},"categories":[2],"tags":[654,1357,26841,25842,24836,28288,258,203,204,215],"42wp_author":[47120],"class_list":["post-114896","post","type-post","status-publish","format-standard","has-post-thumbnail","hentry","category-f1","tag-alexander-albon","tag-f1-2022","tag-formula-1-2022","tag-gianpiero-lambiase","tag-grande-premio-2","tag-grandepremio-2","tag-helmut-marko","tag-max-verstappen","tag-red-bull","tag-williams","42wp_author-pedro-henrique-marum"],"_links":{"self":[{"href":"https:\/\/grandepremio.com\/br\/wp-json\/wp\/v2\/posts\/114896","targetHints":{"allow":["GET"]}}],"collection":[{"href":"https:\/\/grandepremio.com\/br\/wp-json\/wp\/v2\/posts"}],"about":[{"href":"https:\/\/grandepremio.com\/br\/wp-json\/wp\/v2\/types\/post"}],"replies":[{"embeddable":true,"href":"https:\/\/grandepremio.com\/br\/wp-json\/wp\/v2\/comments?post=114896"}],"version-history":[{"count":0,"href":"https:\/\/grandepremio.com\/br\/wp-json\/wp\/v2\/posts\/114896\/revisions"}],"wp:featuredmedia":[{"embeddable":true,"href":"https:\/\/grandepremio.com\/br\/wp-json\/wp\/v2\/media\/1000533771"}],"wp:attachment":[{"href":"https:\/\/grandepremio.com\/br\/wp-json\/wp\/v2\/media?parent=114896"}],"wp:term":[{"taxonomy":"category","embeddable":true,"href":"https:\/\/grandepremio.com\/br\/wp-json\/wp\/v2\/categories?post=114896"},{"taxonomy":"post_tag","embeddable":true,"href":"https:\/\/grandepremio.com\/br\/wp-json\/wp\/v2\/tags?post=114896"},{"taxonomy":"42wp_author","embeddable":true,"href":"https:\/\/grandepremio.com\/br\/wp-json\/wp\/v2\/42wp_author?post=114896"}],"curies":[{"name":"wp","href":"https:\/\/api.w.org\/{rel}","templated":true}]}}