{"id":114902,"date":"2022-02-01T13:03:42","date_gmt":"2022-02-01T16:03:42","guid":{"rendered":"https:\/\/grandepremio.com\/br\/noticias\/helmut-marko-max-verstappen-brutalidade-foco-ayrton-senna-michael-schumacher\/"},"modified":"2022-02-01T13:03:51","modified_gmt":"2022-02-01T16:03:51","slug":"helmut-marko-max-verstappen-brutalidade-foco-ayrton-senna-michael-schumacher","status":"publish","type":"post","link":"https:\/\/grandepremio.com\/br\/f1\/helmut-marko-max-verstappen-brutalidade-foco-ayrton-senna-michael-schumacher\/","title":{"rendered":"Marko diz que Verstappen tem &#8220;brutalidade e foco completo&#8221; de Senna e Schumacher"},"content":{"rendered":"\n<figure class=\"wp-block-embed is-type-video is-provider-youtube wp-block-embed-youtube wp-embed-aspect-16-9 wp-has-aspect-ratio\"><div class=\"wp-block-embed__wrapper\">\n<iframe loading=\"lazy\" title=\"F1 2022: FIA FALA EM TROCA DE MASI, MAS QUEM ASSUME?\" width=\"500\" height=\"281\" src=\"https:\/\/www.youtube.com\/embed\/hchB4UtZ_-Q?feature=oembed\" frameborder=\"0\" allow=\"accelerometer; autoplay; clipboard-write; encrypted-media; gyroscope; picture-in-picture; web-share\" referrerpolicy=\"strict-origin-when-cross-origin\" allowfullscreen><\/iframe>\n<\/div><figcaption>F1 2022: FIA FALA EM TROCA DE MASI, MAS QUEM ASSUME?<\/figcaption><\/figure>\n\n\n\n<p class=\"wp-block-paragraph\">Max Verstappen \u00e9, agora, campe\u00e3o mundial de F\u00f3rmula 1. O primeiro t\u00edtulo de uma carreira que promete ser muito longa, dado que o holand\u00eas vai para a oitava temporada e tem apenas 24 anos. Apesar da pouca idade, o consultor e chefe da Academia de Pilotos da Red Bull, Helmut Marko, sabe bem onde compar\u00e1-lo a grandes da hist\u00f3ria como Michael Schumacher e Ayrton Senna: na brutalidade.<\/p>\n\n\n\n<p class=\"wp-block-paragraph\"><strong>\u25b6\ufe0f\u00a0Inscreva-se nos dois canais do GRANDE PR\u00caMIO no YouTube:\u00a0<\/strong><a href=\"https:\/\/www.youtube.com\/channel\/UC9OlHEgxoaY6QY6nWPoiqQg?sub_confirmation=1\" target=\"_blank\" rel=\"noreferrer noopener\">GP<\/a><strong>\u00a0|\u00a0<\/strong><a href=\"https:\/\/www.youtube.com\/channel\/UC9csiS6q_C3C0FYhyr1rnFA?sub_confirmation=1\" target=\"_blank\" rel=\"noreferrer noopener\">GP2<\/a><br><strong>Red Bull <a href=\"https:\/\/www.grandepremio.com\/br\/f1\/noticias\/red-bull-planeja-conversas-sobre-renovacao-max-verstappen-proximas-semanas\/\">planeja conversas sobre renova\u00e7\u00e3o<\/a> de Verstappen &#8220;nas pr\u00f3ximas semanas&#8221;<\/strong><\/p>\n\n\n\n<p class=\"wp-block-paragraph\">De acordo com Marko, Verstappen tem a capacidade de alcan\u00e7ar as conquistas de Senna e Schumacher pela capacidade de ser completamente concentrado no sucesso na F\u00f3rmula 1.<\/p>\n\n\n\n<p class=\"wp-block-paragraph\">&#8220;\u00c9 imposs\u00edvel comparar [Verstappen, Senna e Schumacher] porque os per\u00edodos s\u00e3o muito diferentes, mas eles todos t\u00eam um foco completo que voc\u00ea tamb\u00e9m pode chamar de brutalidade&#8221;, afirmou em entrevista \u00e0 revista alem\u00e3 Motorsport-Total.<\/p>\n\n\n\n<figure class=\"wp-block-image size-large\"><img decoding=\"async\" src=\"https:\/\/www.grandepremio.com\/br\/wp-content\/uploads\/2021\/05\/SI202105070050_news-1024x683.jpg\" alt=\"HELMUT MARKO; RED BULL; F1; CONSULTOR; CONSULTOR DA RED BULL;\" class=\"wp-image-474424\"\/><figcaption>Helmut Marko comparou a brutalidade de Verstappen \u00e0 de Senna e Schumacher (Foto: Mark Thompson\/Getty Images\/Red Bull Content Pool)<\/figcaption><\/figure>\n\n\n\n<p class=\"wp-block-paragraph\">&#8220;N\u00e3o h\u00e1 nada maior do que &#8216;eu quero vencer e vou fazer tudo para isso&#8217;. \u00c9 sensacionalmente veloz. D\u00e1 para ver que est\u00e1 guiando o carro al\u00e9m do limite. E guiou quase sem qualquer falha&#8221;, apontou.<\/p>\n\n\n\n<p class=\"wp-block-paragraph\">Para conseguir mostrar a qualidade de tirar o carro do limite e cometer poucos erros, Marko apontou uma caracter\u00edstica necess\u00e1ria: a maturidade adquirida com a experi\u00eancia.<\/p>\n\n\n\n<p class=\"wp-block-paragraph\">&#8220;J\u00e1 n\u00e3o \u00e9 mais impetuoso. No passado, ele tentava fazer tudo na primeira volta. Se algo dava errado, sempre explodia. Hoje, n\u00e3o, fica calmo. Tivemos alguns problemas t\u00e9cnicos, mas ele enxerga o panorama completo.<\/p>\n\n\n\n<p class=\"wp-block-paragraph\">A busca pelo t\u00edtulo de Verstappen come\u00e7a a partir dos dias 23-25 de fevereiro, com os testes coletivos de Barcelona. A temporada inicia com o GP do Bahrein, em Sakhir, no fim de semana de 20 de mar\u00e7o.<\/p>\n\n\n\n<figure class=\"wp-block-embed is-type-video is-provider-youtube wp-block-embed-youtube wp-embed-aspect-16-9 wp-has-aspect-ratio\"><div class=\"wp-block-embed__wrapper\">\n<iframe loading=\"lazy\" title=\"F1 VAI NA CONTRAM\u00c3O DE MUDAN\u00c7AS E ESCONDE TESTE EM BARCELONA\" width=\"500\" height=\"281\" src=\"https:\/\/www.youtube.com\/embed\/dJnIdNLUC-g?feature=oembed\" frameborder=\"0\" allow=\"accelerometer; autoplay; clipboard-write; encrypted-media; gyroscope; picture-in-picture; web-share\" referrerpolicy=\"strict-origin-when-cross-origin\" allowfullscreen><\/iframe>\n<\/div><figcaption>F1 VAI NA CONTRAM\u00c3O DE MUDAN\u00c7AS E ESCONDE TESTE EM BARCELONA<\/figcaption><\/figure>\n","protected":false},"excerpt":{"rendered":"<p>Consultor da Red Bull, Helmut Marko comparou o atual campe\u00e3o mundial a alguns dos maiores nomes de todos os tempos no esporte<\/p>\n","protected":false},"author":0,"featured_media":1000532235,"comment_status":"closed","ping_status":"closed","sticky":false,"template":"","format":"standard","meta":{"42wp_featured_image_caption":"","42wp_featured_image_credits":"","42wp_featured_video":"","42wp_featured_image_hidden":false,"42wp_authors_list":[],"footnotes":""},"categories":[2],"tags":[699,1357,26841,24836,28288,258,203,758,204],"42wp_author":[47120],"class_list":["post-114902","post","type-post","status-publish","format-standard","has-post-thumbnail","hentry","category-f1","tag-ayrton-senna","tag-f1-2022","tag-formula-1-2022","tag-grande-premio-2","tag-grandepremio-2","tag-helmut-marko","tag-max-verstappen","tag-michael-schumacher","tag-red-bull","42wp_author-pedro-henrique-marum"],"_links":{"self":[{"href":"https:\/\/grandepremio.com\/br\/wp-json\/wp\/v2\/posts\/114902","targetHints":{"allow":["GET"]}}],"collection":[{"href":"https:\/\/grandepremio.com\/br\/wp-json\/wp\/v2\/posts"}],"about":[{"href":"https:\/\/grandepremio.com\/br\/wp-json\/wp\/v2\/types\/post"}],"replies":[{"embeddable":true,"href":"https:\/\/grandepremio.com\/br\/wp-json\/wp\/v2\/comments?post=114902"}],"version-history":[{"count":0,"href":"https:\/\/grandepremio.com\/br\/wp-json\/wp\/v2\/posts\/114902\/revisions"}],"wp:featuredmedia":[{"embeddable":true,"href":"https:\/\/grandepremio.com\/br\/wp-json\/wp\/v2\/media\/1000532235"}],"wp:attachment":[{"href":"https:\/\/grandepremio.com\/br\/wp-json\/wp\/v2\/media?parent=114902"}],"wp:term":[{"taxonomy":"category","embeddable":true,"href":"https:\/\/grandepremio.com\/br\/wp-json\/wp\/v2\/categories?post=114902"},{"taxonomy":"post_tag","embeddable":true,"href":"https:\/\/grandepremio.com\/br\/wp-json\/wp\/v2\/tags?post=114902"},{"taxonomy":"42wp_author","embeddable":true,"href":"https:\/\/grandepremio.com\/br\/wp-json\/wp\/v2\/42wp_author?post=114902"}],"curies":[{"name":"wp","href":"https:\/\/api.w.org\/{rel}","templated":true}]}}