{"id":114946,"date":"2022-01-29T13:19:27","date_gmt":"2022-01-29T16:19:27","guid":{"rendered":"https:\/\/grandepremio.com\/br\/noticias\/sergio-sette-camara-e-punido-por-atrapalhar-volta-de-sebastien-buemi-e-larga-no-fim-do-grid-em-diriyah\/"},"modified":"2022-01-29T14:02:37","modified_gmt":"2022-01-29T17:02:37","slug":"sergio-sette-camara-e-punido-por-atrapalhar-volta-de-sebastien-buemi-e-larga-no-fim-do-grid-em-diriyah","status":"publish","type":"post","link":"https:\/\/grandepremio.com\/br\/formula-e\/sergio-sette-camara-e-punido-por-atrapalhar-volta-de-sebastien-buemi-e-larga-no-fim-do-grid-em-diriyah\/","title":{"rendered":"Sette C\u00e2mara \u00e9 punido por atrapalhar volta de Buemi e larga no fim do grid em Diriyah"},"content":{"rendered":"\n<figure class=\"wp-block-embed is-type-video is-provider-youtube wp-block-embed-youtube wp-embed-aspect-16-9 wp-has-aspect-ratio\"><div class=\"wp-block-embed__wrapper\">\n<iframe loading=\"lazy\" title=\"F1 VAI NA CONTRAM\u00c3O DE MUDAN\u00c7AS E ESCONDE TESTE EM BARCELONA\" width=\"500\" height=\"281\" src=\"https:\/\/www.youtube.com\/embed\/dJnIdNLUC-g?feature=oembed\" frameborder=\"0\" allow=\"accelerometer; autoplay; clipboard-write; encrypted-media; gyroscope; picture-in-picture; web-share\" referrerpolicy=\"strict-origin-when-cross-origin\" allowfullscreen><\/iframe>\n<\/div><figcaption>F1 VAI NA CONTRAM\u00c3O DE MUDAN\u00c7AS E ESCONDE TESTE EM BARCELONA<\/figcaption><\/figure>\n\n\n\n<p class=\"wp-block-paragraph\">O brasileiro S\u00e9rgio Sette C\u00e2mara recebeu uma puni\u00e7\u00e3o da dire\u00e7\u00e3o de prova da F\u00f3rmula E ap\u00f3s <a href=\"https:\/\/www.grandepremio.com\/br\/formula-e\/noticias\/nyck-de-vries-sobra-supera-edoardo-mortara-conquista-pole-corrida-2-diriyah\/\" target=\"_blank\" rel=\"noreferrer noopener\">a sess\u00e3o de classifica\u00e7\u00e3o deste s\u00e1bado (29)<\/a> e vai largar no fundo do grid, em 19\u00ba. O piloto da Dragon \u2014 que conseguiu a 13\u00aa posi\u00e7\u00e3o no grid de largada para a corrida 2 do eP de Diriyah \u2014 atrapalhou a passagem de S\u00e9bastien Buemi, da Nissan, e prejudicou a volta do rival, que conquistou apenas a 17\u00aa coloca\u00e7\u00e3o.<\/p>\n\n\n\n<p class=\"wp-block-paragraph\">Assim, al\u00e9m de Buemi, outros cinco pilotos ganham uma posi\u00e7\u00e3o cada: Maximilian G\u00fcnther, Oliver Askew, Mitch Evans, Dan Ticktum e Oliver Turvey.<\/p>\n\n\n\n<p class=\"wp-block-paragraph\"><strong>\u25b6\ufe0f&nbsp;Inscreva-se nos dois canais do GRANDE PR\u00caMIO no YouTube:&nbsp;<a href=\"https:\/\/www.youtube.com\/channel\/UC9OlHEgxoaY6QY6nWPoiqQg?sub_confirmation=1\" target=\"_blank\" rel=\"noreferrer noopener\">GP<\/a>&nbsp;|&nbsp;<a href=\"https:\/\/www.youtube.com\/channel\/UC9csiS6q_C3C0FYhyr1rnFA?sub_confirmation=1\" target=\"_blank\" rel=\"noreferrer noopener\">GP2<\/a><\/strong><\/p>\n\n\n\n<figure class=\"wp-block-image size-large\"><img decoding=\"async\" src=\"https:\/\/www.grandepremio.com\/br\/wp-content\/uploads\/2022\/01\/Foto-1-1024x683.jpg\" alt=\"\" class=\"wp-image-537396\"\/><figcaption>Sette C\u00e2mara conseguiu a 13\u00aa posi\u00e7\u00e3o na disputa da classifica\u00e7\u00e3o, mas foi punido e larga em \u00faltimo (Foto: Shiv Gohil)<\/figcaption><\/figure>\n\n\n\n<p class=\"wp-block-paragraph\">Essa n\u00e3o foi a \u00fanica altera\u00e7\u00e3o no grid de largada para a corrida deste s\u00e1bado: <a href=\"https:\/\/www.grandepremio.com\/br\/formula-e\/noticias\/robin-frijns-admite-intencao-de-bater-em-oliver-rowland-no-ep-de-diriyah-sim-tirei-ele\/\" target=\"_blank\" rel=\"noreferrer noopener\">Oliver Rowland perdeu tr\u00eas posi\u00e7\u00f5es como puni\u00e7\u00e3o pelo acidente<\/a> com Robin Frijns, da Envision, <a href=\"https:\/\/www.grandepremio.com\/br\/formula-e\/noticias\/nyck-de-vries-supera-stoffel-vandoorne-para-abrir-2022-com-vitoria-em-1-2-da-mercedes-em-diriyah\/\" target=\"_blank\" rel=\"noreferrer noopener\">na corrida 1 deste final de semana<\/a>. Assim, caiu de s\u00e9timo para d\u00e9cimo e Ant\u00f3nio F\u00e9lix da Costa, Jake Dennis e Alexander Sims ganharam uma posi\u00e7\u00e3o cada.<\/p>\n\n\n\n<p class=\"wp-block-paragraph\">A largada da corrida 2 do eP de Diriyah est\u00e1 marcada para as 14h (hor\u00e1rio de Bras\u00edlia). Nyck De Vries, da Mercedes, larga na pole-position seguido por Edoardo Mortara, da Venturi, e Robin Frijns.<\/p>\n\n\n\n<figure class=\"wp-block-embed is-type-rich is-provider-twitter wp-block-embed-twitter\"><div class=\"wp-block-embed__wrapper\">\n<blockquote class=\"twitter-tweet\" data-width=\"500\" data-dnt=\"true\"><p lang=\"en\" dir=\"ltr\">Sergio Sette Camara has been penalised for impeding Sebastien Buemi in qualifying and will start the Diriyah E-Prix Round 2 from the back of the grid.<\/p>&mdash; Formula E (@FIAFormulaE) <a href=\"https:\/\/x.com\/FIAFormulaE\/status\/1487451987184607234?ref_src=twsrc%5Etfw\">January 29, 2022<\/a><\/blockquote><script async src=\"https:\/\/platform.x.com\/widgets.js\" charset=\"utf-8\"><\/script>\n<\/div><\/figure>\n","protected":false},"excerpt":{"rendered":"<p>S\u00e9rgio Sette C\u00e2mara, da Dragon, atrapalhou volta r\u00e1pida da Nissan de S\u00e9bastien Buemi na classifica\u00e7\u00e3o e vai largar em \u00faltimo na corrida 2 do eP de Diriyah<\/p>\n","protected":false},"author":0,"featured_media":1000537395,"comment_status":"closed","ping_status":"closed","sticky":false,"template":"","format":"standard","meta":{"42wp_featured_image_caption":"","42wp_featured_image_credits":"","42wp_featured_video":"","42wp_featured_image_hidden":false,"42wp_authors_list":[],"footnotes":""},"categories":[19],"tags":[456,25074,1860,10437,30692,379,27903,840,28327,1172,894,965,1593,876,28828],"42wp_author":[47142],"class_list":["post-114946","post","type-post","status-publish","format-standard","has-post-thumbnail","hentry","category-formula-e","tag-antonio-giovinazzi","tag-arabia-saudita-2","tag-dragon","tag-envision","tag-eprix-de-diriyah","tag-fe","tag-fe-2022","tag-formula-e","tag-formula-e-2022","tag-mahindra","tag-nissan","tag-oliver-rowland","tag-robin-frijns","tag-sebastien-buemi","tag-sergio-sette-camara-4","42wp_author-jp-nascimento"],"_links":{"self":[{"href":"https:\/\/grandepremio.com\/br\/wp-json\/wp\/v2\/posts\/114946","targetHints":{"allow":["GET"]}}],"collection":[{"href":"https:\/\/grandepremio.com\/br\/wp-json\/wp\/v2\/posts"}],"about":[{"href":"https:\/\/grandepremio.com\/br\/wp-json\/wp\/v2\/types\/post"}],"replies":[{"embeddable":true,"href":"https:\/\/grandepremio.com\/br\/wp-json\/wp\/v2\/comments?post=114946"}],"version-history":[{"count":0,"href":"https:\/\/grandepremio.com\/br\/wp-json\/wp\/v2\/posts\/114946\/revisions"}],"wp:featuredmedia":[{"embeddable":true,"href":"https:\/\/grandepremio.com\/br\/wp-json\/wp\/v2\/media\/1000537395"}],"wp:attachment":[{"href":"https:\/\/grandepremio.com\/br\/wp-json\/wp\/v2\/media?parent=114946"}],"wp:term":[{"taxonomy":"category","embeddable":true,"href":"https:\/\/grandepremio.com\/br\/wp-json\/wp\/v2\/categories?post=114946"},{"taxonomy":"post_tag","embeddable":true,"href":"https:\/\/grandepremio.com\/br\/wp-json\/wp\/v2\/tags?post=114946"},{"taxonomy":"42wp_author","embeddable":true,"href":"https:\/\/grandepremio.com\/br\/wp-json\/wp\/v2\/42wp_author?post=114946"}],"curies":[{"name":"wp","href":"https:\/\/api.w.org\/{rel}","templated":true}]}}