{"id":114948,"date":"2022-01-29T12:19:33","date_gmt":"2022-01-29T15:19:33","guid":{"rendered":"https:\/\/grandepremio.com\/br\/noticias\/nyck-de-vries-decepcao-volta-pole-diriyah-nada-contente\/"},"modified":"2022-01-29T12:26:10","modified_gmt":"2022-01-29T15:26:10","slug":"nyck-de-vries-decepcao-volta-pole-diriyah-nada-contente","status":"publish","type":"post","link":"https:\/\/grandepremio.com\/br\/formula-e\/nyck-de-vries-decepcao-volta-pole-diriyah-nada-contente\/","title":{"rendered":"De Vries revela decep\u00e7\u00e3o com volta da pole em Diriyah: &#8220;Nada contente&#8221;"},"content":{"rendered":"\n<figure class=\"wp-block-embed is-type-video is-provider-youtube wp-block-embed-youtube wp-embed-aspect-16-9 wp-has-aspect-ratio\"><div class=\"wp-block-embed__wrapper\">\n<iframe loading=\"lazy\" title=\"F1 VAI NA CONTRAM\u00c3O DE MUDAN\u00c7AS E ESCONDE TESTE EM BARCELONA\" width=\"500\" height=\"281\" src=\"https:\/\/www.youtube.com\/embed\/dJnIdNLUC-g?feature=oembed\" frameborder=\"0\" allow=\"accelerometer; autoplay; clipboard-write; encrypted-media; gyroscope; picture-in-picture; web-share\" referrerpolicy=\"strict-origin-when-cross-origin\" allowfullscreen><\/iframe>\n<\/div><figcaption>F1 VAI NA CONTRAM\u00c3O DE MUDAN\u00c7AS E ESCONDE TESTE EM BARCELONA<\/figcaption><\/figure>\n\n\n\n<p class=\"wp-block-paragraph\">Nyck de Vries \u00e9 o atual campe\u00e3o da F\u00f3rmula E e <strong><a href=\"https:\/\/www.grandepremio.com\/br\/formula-e\/noticias\/nyck-de-vries-supera-stoffel-vandoorne-para-abrir-2022-com-vitoria-em-1-2-da-mercedes-em-diriyah\/\">abriu a temporada 2022 com uma vit\u00f3ria<\/a><\/strong>, na \u00faltima sexta-feira. Neste s\u00e1bado (29), em Diriyah, o holand\u00eas <strong><a href=\"https:\/\/www.grandepremio.com\/br\/formula-e\/noticias\/nyck-de-vries-sobra-supera-edoardo-mortara-conquista-pole-corrida-2-diriyah\/\">conquistou a pole-position<\/a><\/strong> para a segunda corrida do fim de semana. S\u00f3 alegria? Nada disso! De Vries saiu falando que estava desapontado com a \u00faltima volta.<\/p>\n\n\n\n<p class=\"wp-block-paragraph\"><strong>\u25b6\ufe0f&nbsp;Inscreva-se nos dois canais do GRANDE PR\u00caMIO no YouTube:&nbsp;<a href=\"https:\/\/www.youtube.com\/channel\/UC9OlHEgxoaY6QY6nWPoiqQg?sub_confirmation=1\" target=\"_blank\" rel=\"noreferrer noopener\">GP<\/a>&nbsp;|&nbsp;<a href=\"https:\/\/www.youtube.com\/channel\/UC9csiS6q_C3C0FYhyr1rnFA?sub_confirmation=1\" target=\"_blank\" rel=\"noreferrer noopener\">GP2<\/a><\/strong><br><strong>F\u00f3rmula E estreia classifica\u00e7\u00e3o mata-mata <a href=\"https:\/\/www.grandepremio.com\/br\/formula-e\/noticias\/formula-e-estreia-classificacao-mata-mata-com-pe-direito-no-ep-de-diriyah\/\">com p\u00e9 direito no eP de Diriyah<\/a><\/strong><\/p>\n\n\n\n<p class=\"wp-block-paragraph\">O motivo \u00e9 f\u00e1cil de entender. De Vries liderou o grupo que participou no come\u00e7o da classifica\u00e7\u00e3o e depois, nas quartas e semifinais do formato de mata-mata, fez as duas melhores voltas do fim de semana: ambas abaixo da marca de 1min07s. Mas ficou acima disso na disputa da pole e acabou superando Edoardo Mortara apenas por 0s005.<\/p>\n\n\n\n<p class=\"wp-block-paragraph\">&#8220;Estou decepcionado, na verdade, com a \u00faltima volta&#8221;, afirmou o campe\u00e3o.<\/p>\n\n\n\n<figure class=\"wp-block-image size-large\"><img decoding=\"async\" src=\"https:\/\/www.grandepremio.com\/br\/wp-content\/uploads\/2022\/01\/Nyck-De-Vries-Mercedes-1-1024x683.jpg\" alt=\"\" class=\"wp-image-538010\"\/><figcaption>Nyck De Vries \u00e9 o grande nome do eP de Diriyah (Foto: FIA F\u00f3rmula E)<\/figcaption><\/figure>\n\n\n\n<p class=\"wp-block-paragraph\">&#8220;Fiquei muito feliz que acabou sendo o bastante, mas n\u00e3o fiquei nada pouco contente com meu trabalho particular nessa \u00faltima fase.<\/p>\n\n\n\n<p class=\"wp-block-paragraph\">Questionado se a briga com a Venturi, que tem o segundo e o quarto &#8211; Mortara e Lucas Di Grassi, respectivamente &#8211; colocados no grid de largada, \u00e9 algo a se esperar, De Vries tirou o p\u00e9.<\/p>\n\n\n\n<p class=\"wp-block-paragraph\">&#8220;\u00c9 s\u00f3 o come\u00e7o do campeonato e sei que todo o pelot\u00e3o est\u00e1 bastante pr\u00f3ximo. Ser\u00e1 muito apertado ao longo de todo ano com todo o grid. \u00c9 um longo campeonato, esse que temos pela frente&#8221;, finalizou.<\/p>\n\n\n\n<p class=\"wp-block-paragraph\">A classifica\u00e7\u00e3o do s\u00e1bado est\u00e1 marcada para as 9h30 (de Bras\u00edlia), enquanto a corrida est\u00e1 marcada para as 14h03.<\/p>\n\n\n\n<figure class=\"wp-block-embed is-type-video is-provider-youtube wp-block-embed-youtube wp-embed-aspect-16-9 wp-has-aspect-ratio\"><div class=\"wp-block-embed__wrapper\">\n<iframe loading=\"lazy\" title=\"RUSSELL, DA WILLIAMS PARA A MERCEDES: 3 ANOS FORAM O BASTANTE?\" width=\"500\" height=\"281\" src=\"https:\/\/www.youtube.com\/embed\/bWCUBAk9F08?feature=oembed\" frameborder=\"0\" allow=\"accelerometer; autoplay; clipboard-write; encrypted-media; gyroscope; picture-in-picture; web-share\" referrerpolicy=\"strict-origin-when-cross-origin\" allowfullscreen><\/iframe>\n<\/div><figcaption>RUSSELL, DA WILLIAMS PARA A MERCEDES: 3 ANOS FORAM O BASTANTE?<\/figcaption><\/figure>\n","protected":false},"excerpt":{"rendered":"<p>Atual campe\u00e3o da F\u00f3rmula E, Nyck de Vries fez a pole no dia seguinte de ganhar a corrida e mesmo assim n\u00e3o ficou 100% satisfeito<\/p>\n","protected":false},"author":0,"featured_media":1000538042,"comment_status":"closed","ping_status":"closed","sticky":false,"template":"","format":"standard","meta":{"42wp_featured_image_caption":"","42wp_featured_image_credits":"","42wp_featured_video":"","42wp_featured_image_hidden":false,"42wp_authors_list":[],"footnotes":""},"categories":[19],"tags":[27360,27903,28327,24836,28288,82,1556],"42wp_author":[47120],"class_list":["post-114948","post","type-post","status-publish","format-standard","has-post-thumbnail","hentry","category-formula-e","tag-ep-de-diriyah","tag-fe-2022","tag-formula-e-2022","tag-grande-premio-2","tag-grandepremio-2","tag-mercedes","tag-nyck-de-vries","42wp_author-pedro-henrique-marum"],"_links":{"self":[{"href":"https:\/\/grandepremio.com\/br\/wp-json\/wp\/v2\/posts\/114948","targetHints":{"allow":["GET"]}}],"collection":[{"href":"https:\/\/grandepremio.com\/br\/wp-json\/wp\/v2\/posts"}],"about":[{"href":"https:\/\/grandepremio.com\/br\/wp-json\/wp\/v2\/types\/post"}],"replies":[{"embeddable":true,"href":"https:\/\/grandepremio.com\/br\/wp-json\/wp\/v2\/comments?post=114948"}],"version-history":[{"count":0,"href":"https:\/\/grandepremio.com\/br\/wp-json\/wp\/v2\/posts\/114948\/revisions"}],"wp:featuredmedia":[{"embeddable":true,"href":"https:\/\/grandepremio.com\/br\/wp-json\/wp\/v2\/media\/1000538042"}],"wp:attachment":[{"href":"https:\/\/grandepremio.com\/br\/wp-json\/wp\/v2\/media?parent=114948"}],"wp:term":[{"taxonomy":"category","embeddable":true,"href":"https:\/\/grandepremio.com\/br\/wp-json\/wp\/v2\/categories?post=114948"},{"taxonomy":"post_tag","embeddable":true,"href":"https:\/\/grandepremio.com\/br\/wp-json\/wp\/v2\/tags?post=114948"},{"taxonomy":"42wp_author","embeddable":true,"href":"https:\/\/grandepremio.com\/br\/wp-json\/wp\/v2\/42wp_author?post=114948"}],"curies":[{"name":"wp","href":"https:\/\/api.w.org\/{rel}","templated":true}]}}