{"id":114959,"date":"2022-01-28T15:54:12","date_gmt":"2022-01-28T18:54:12","guid":{"rendered":"https:\/\/grandepremio.com\/br\/noticias\/nyck-de-vries-ressalta-alivio-com-vitoria-e-1-2-da-mercedes-apos-bater-no-tl1-em-diriyah\/"},"modified":"2022-01-28T15:56:50","modified_gmt":"2022-01-28T18:56:50","slug":"nyck-de-vries-ressalta-alivio-com-vitoria-e-1-2-da-mercedes-apos-bater-no-tl1-em-diriyah","status":"publish","type":"post","link":"https:\/\/grandepremio.com\/br\/formula-e\/nyck-de-vries-ressalta-alivio-com-vitoria-e-1-2-da-mercedes-apos-bater-no-tl1-em-diriyah\/","title":{"rendered":"De Vries ressalta &#8220;al\u00edvio&#8221; com vit\u00f3ria e 1-2 da Mercedes ap\u00f3s bater no TL1 em Diriyah"},"content":{"rendered":"\n<figure class=\"wp-block-embed is-type-video is-provider-youtube wp-block-embed-youtube wp-embed-aspect-16-9 wp-has-aspect-ratio\"><div class=\"wp-block-embed__wrapper\">\n<iframe loading=\"lazy\" title=\"NOVOS PNEUS, MENOS PIT-STOPS NA F1 2022: ISSO VAI DAR CERTO?\" width=\"500\" height=\"281\" src=\"https:\/\/www.youtube.com\/embed\/tREs5BPGxmM?start=5&amp;feature=oembed\" frameborder=\"0\" allow=\"accelerometer; autoplay; clipboard-write; encrypted-media; gyroscope; picture-in-picture; web-share\" referrerpolicy=\"strict-origin-when-cross-origin\" allowfullscreen><\/iframe>\n<\/div><figcaption>NOVOS PNEUS, MENOS PIT-STOPS NA F1 2022: ISSO VAI DAR CERTO?<\/figcaption><\/figure>\n\n\n\n<p class=\"wp-block-paragraph\">O atual campe\u00e3o da F\u00f3rmula E estreou na temporada 2022 da melhor forma poss\u00edvel. <a href=\"https:\/\/www.grandepremio.com\/br\/formula-e\/noticias\/nyck-de-vries-supera-stoffel-vandoorne-para-abrir-2022-com-vitoria-em-1-2-da-mercedes-em-diriyah\/\" target=\"_blank\" rel=\"noreferrer noopener\">Nyck De Vries saiu da terceira posi\u00e7\u00e3o na largada do eP de Diriyah para liderar uma dobradinha da campe\u00e3 de Construtores<\/a>, Mercedes, ao aproveitar um erro de seu companheiro de equipe e pole-position, Stoffel Vandoorne. O belga errou o tra\u00e7ado do modo de ataque \u2014 que lhe daria 30kW de pot\u00eancia a mais \u2014 e perdeu a posi\u00e7\u00e3o para o holand\u00eas, que n\u00e3o perdeu mais.<\/p>\n\n\n\n<p class=\"wp-block-paragraph\">Em r\u00e1pida entrevista ap\u00f3s o triunfo, De Vries destacou o al\u00edvio ap\u00f3s o acidente que sofreu no primeiro treino livre para o eP de Diriyah, quando danificou a Mercedes #17 e ficou impossibilitado de participar da sess\u00e3o. &#8220;Honestamente, conseguir essa vit\u00f3ria \u00e9 um grande al\u00edvio. Comprometi todo nosso trabalho com um erro [no treino livre da quinta-feira]&#8221;, lembrou o holand\u00eas.<\/p>\n\n\n\n<p class=\"wp-block-paragraph\"><strong>\u25b6\ufe0f\u00a0Inscreva-se nos dois canais do GRANDE PR\u00caMIO no YouTube:\u00a0<a href=\"https:\/\/www.youtube.com\/channel\/UC9OlHEgxoaY6QY6nWPoiqQg?sub_confirmation=1\" target=\"_blank\" rel=\"noreferrer noopener\">GP<\/a>\u00a0|\u00a0<a href=\"https:\/\/www.youtube.com\/channel\/UC9csiS6q_C3C0FYhyr1rnFA?sub_confirmation=1\" target=\"_blank\" rel=\"noreferrer noopener\">GP2<\/a><\/strong><\/p>\n\n\n\n<figure class=\"wp-block-image size-large\"><img decoding=\"async\" src=\"https:\/\/www.grandepremio.com\/br\/wp-content\/uploads\/2022\/01\/GPF3-2-1024x576.jpeg\" alt=\"\" class=\"wp-image-537899\"\/><figcaption>Stoffel Vandoorne largou na frente em Diriyah, mas cometeu erro fatal e perdeu primeiro lugar para De Vries (Foto: Mercedes)<\/figcaption><\/figure>\n\n\n\n<p class=\"wp-block-paragraph\">O piloto holand\u00eas ainda ressaltou a recupera\u00e7\u00e3o ap\u00f3s o erro e a boa classifica\u00e7\u00e3o que fez, com o terceiro lugar \u2014 acabou eliminado no mata-mata por Vandoorne, que em seguida bateu Jake Dennis na final para colocar a Mercedes na pole. &#8220;Mas conseguimos nos recuperar e fazer uma boa classifica\u00e7\u00e3o. No fim das contas, \u00e9 um bom resultado para a equipe abrir a temporada assim, com uma dobradinha&#8221;, falou.<\/p>\n\n\n\n<p class=\"wp-block-paragraph\">Apesar de ter perdido a pole para Vandoorne, De Vries tomou o segundo lugar de Dennis logo na largada e permaneceu na cola do companheiro de equipe ao longo de toda a disputa em Diriyah. No momento em que Stoffel cometeu o erro no acionamento do modo ataque, Nyck aproveitou para tomar a ponta e vencer a primeira na abertura da temporada.<\/p>\n\n\n\n<p class=\"wp-block-paragraph\">Neste s\u00e1bado, os pilotos retornam ao circuito de rua de Diriyah para a segunda corrida do final de semana de abertura da temporada 2021\/2022. A classifica\u00e7\u00e3o est\u00e1 programada para as 9h30, com largada prevista para as 13h30 (ambos no hor\u00e1rio de Bras\u00edlia).<\/p>\n\n\n\n<figure class=\"wp-block-image size-large\"><img decoding=\"async\" src=\"https:\/\/www.grandepremio.com\/br\/wp-content\/uploads\/2022\/01\/GPF2-4-1024x576.jpeg\" alt=\"\" class=\"wp-image-537900\"\/><figcaption>A largada em Diriyah (Foto: Reprodu\u00e7\u00e3o\/FE)<\/figcaption><\/figure>\n","protected":false},"excerpt":{"rendered":"<p>Nyck De Vries bateu sua Mercedes no primeiro treino livre em Diriyah e perdeu a sess\u00e3o, mas se recuperou com vit\u00f3ria \u2014 e dobradinha \u2014 na corrida 1 da etapa de abertura da temporada 2022<\/p>\n","protected":false},"author":0,"featured_media":1000537908,"comment_status":"closed","ping_status":"closed","sticky":false,"template":"","format":"standard","meta":{"42wp_featured_image_caption":"","42wp_featured_image_credits":"","42wp_featured_video":"","42wp_featured_image_hidden":false,"42wp_authors_list":[],"footnotes":""},"categories":[19],"tags":[417,25074,379,27903,840,28327,8928,82,1556,967],"42wp_author":[47142],"class_list":["post-114959","post","type-post","status-publish","format-standard","has-post-thumbnail","hentry","category-formula-e","tag-andretti","tag-arabia-saudita-2","tag-fe","tag-fe-2022","tag-formula-e","tag-formula-e-2022","tag-jake-dennis","tag-mercedes","tag-nyck-de-vries","tag-stoffel-vandoorne","42wp_author-jp-nascimento"],"_links":{"self":[{"href":"https:\/\/grandepremio.com\/br\/wp-json\/wp\/v2\/posts\/114959","targetHints":{"allow":["GET"]}}],"collection":[{"href":"https:\/\/grandepremio.com\/br\/wp-json\/wp\/v2\/posts"}],"about":[{"href":"https:\/\/grandepremio.com\/br\/wp-json\/wp\/v2\/types\/post"}],"replies":[{"embeddable":true,"href":"https:\/\/grandepremio.com\/br\/wp-json\/wp\/v2\/comments?post=114959"}],"version-history":[{"count":0,"href":"https:\/\/grandepremio.com\/br\/wp-json\/wp\/v2\/posts\/114959\/revisions"}],"wp:featuredmedia":[{"embeddable":true,"href":"https:\/\/grandepremio.com\/br\/wp-json\/wp\/v2\/media\/1000537908"}],"wp:attachment":[{"href":"https:\/\/grandepremio.com\/br\/wp-json\/wp\/v2\/media?parent=114959"}],"wp:term":[{"taxonomy":"category","embeddable":true,"href":"https:\/\/grandepremio.com\/br\/wp-json\/wp\/v2\/categories?post=114959"},{"taxonomy":"post_tag","embeddable":true,"href":"https:\/\/grandepremio.com\/br\/wp-json\/wp\/v2\/tags?post=114959"},{"taxonomy":"42wp_author","embeddable":true,"href":"https:\/\/grandepremio.com\/br\/wp-json\/wp\/v2\/42wp_author?post=114959"}],"curies":[{"name":"wp","href":"https:\/\/api.w.org\/{rel}","templated":true}]}}