{"id":114961,"date":"2022-01-28T13:14:55","date_gmt":"2022-01-28T16:14:55","guid":{"rendered":"https:\/\/grandepremio.com\/br\/noticias\/fia-ate-elogia-michael-masi-mas-abre-chance-de-troca-do-diretor-de-prova-apos-polemicas-f1-2021\/"},"modified":"2022-01-28T13:17:19","modified_gmt":"2022-01-28T16:17:19","slug":"fia-ate-elogia-michael-masi-mas-abre-chance-de-troca-do-diretor-de-prova-apos-polemicas-f1-2021","status":"publish","type":"post","link":"https:\/\/grandepremio.com\/br\/f1\/fia-ate-elogia-michael-masi-mas-abre-chance-de-troca-do-diretor-de-prova-apos-polemicas-f1-2021\/","title":{"rendered":"FIA at\u00e9 elogia Masi, mas abre chance de troca do diretor de prova ap\u00f3s pol\u00eamicas de 2021"},"content":{"rendered":"\n<figure class=\"wp-block-embed is-type-video is-provider-youtube wp-block-embed-youtube wp-embed-aspect-16-9 wp-has-aspect-ratio\"><div class=\"wp-block-embed__wrapper\">\n<iframe loading=\"lazy\" title=\"RUSSELL, DA WILLIAMS PARA A MERCEDES: 3 ANOS FORAM O BASTANTE?\" width=\"500\" height=\"281\" src=\"https:\/\/www.youtube.com\/embed\/bWCUBAk9F08?feature=oembed\" frameborder=\"0\" allow=\"accelerometer; autoplay; clipboard-write; encrypted-media; gyroscope; picture-in-picture; web-share\" referrerpolicy=\"strict-origin-when-cross-origin\" allowfullscreen><\/iframe>\n<\/div><figcaption>RUSSELL NA WILLIAMS: TR\u00caS ANOS FORAM MESMO O SUFICIENTE?<\/figcaption><\/figure>\n\n\n\n<p class=\"wp-block-paragraph\">A pol\u00eamica e dram\u00e1tica final em Abu Dhabi segue repercutindo no mundo da F\u00f3rmula 1. Primeiro, foi o Conselho Mundial da FIA [Federa\u00e7\u00e3o Internacional de Automobilismo] removeu o nome de Michael Masi, diretor de provas, dos documentos oficiais no site e anunciou um cronograma para avaliar passo a passo as decis\u00f5es tomadas em 2021. Agora, admite oficialmente a possibilidade de sa\u00edda de Masi.<\/p>\n\n\n\n<p class=\"wp-block-paragraph\">\u00c9 interessante destacar que a FIA <a href=\"https:\/\/www.grandepremio.com\/br\/f1\/noticias\/fia-anuncia-passo-passo-investigacao-gp-abu-dhabi-cita-novo-michael-masi\/\">j\u00e1 trata Peter Bayer como novo diretor-esportivo de monopostos<\/a>. H\u00e1 um ano, o organograma oficial da federa\u00e7\u00e3o trazia os nomes de Michael Masi e Nikolas Tombazis no posto. \u00c9 um indicativo de mudan\u00e7as, apesar de n\u00e3o haver an\u00fancio oficial sobre Masi. O dirigente, em entrevista \u00e0 emissora inglesa BBC, comentou sobre o futuro do diretor de provas.<\/p>\n\n\n\n<p class=\"wp-block-paragraph\">&#8220;Michael fez um grande trabalho de diferentes maneiras, n\u00f3s falamos para ele. Mas h\u00e1, tamb\u00e9m, a possibilidade de termos um novo diretor de provas&#8221;, comentou Bayer.<\/p>\n\n\n\n<figure class=\"wp-block-image size-large\"><img decoding=\"async\" src=\"https:\/\/www.grandepremio.com\/br\/wp-content\/uploads\/2021\/12\/imagem_2021-12-12_115522-1024x576.png\" alt=\"\" class=\"wp-image-531821\"\/><figcaption>A ultrapassagem do t\u00edtulo de Verstappen (Foto: Reprodu\u00e7\u00e3o\/TSN)<\/figcaption><\/figure>\n\n\n\n<p class=\"wp-block-paragraph\"><strong>\u25b6\ufe0f\u00a0Inscreva-se nos dois canais do GRANDE PR\u00caMIO no YouTube:\u00a0<\/strong><a href=\"https:\/\/www.youtube.com\/channel\/UC9OlHEgxoaY6QY6nWPoiqQg?sub_confirmation=1\" target=\"_blank\" rel=\"noreferrer noopener\">GP<\/a><strong>\u00a0|\u00a0<\/strong><a href=\"https:\/\/www.youtube.com\/channel\/UC9csiS6q_C3C0FYhyr1rnFA?sub_confirmation=1\" target=\"_blank\" rel=\"noreferrer noopener\">GP2<\/a><\/p>\n\n\n\n<p class=\"wp-block-paragraph\">O Mundial vem vivendo semanas de tens\u00e3o desde o encerramento da temporada passada, que coroou Max Verstappen como campe\u00e3o. A corrida em Yas Marina foi marcada por uma s\u00e9rie de decis\u00f5es contradit\u00f3rias do diretor Michael Masi, que agora est\u00e1 no olho do furac\u00e3o. Todas as atitudes, especialmente nas voltas finais da prova, est\u00e3o sob investiga\u00e7\u00e3o. Ainda, Lewis Hamilton se calou ap\u00f3s a derroa sofrida na pista \u00e1rabe. O ingl\u00eas liderava a corrida e tinha nas m\u00e3os o oitavo t\u00edtulo mundial, quando os procedimentos feitos sob o safety-car final acabaram por lhe tirar a chance. O heptacampe\u00e3o bradou contra as a\u00e7\u00f5es e decidiu se afastar das redes sociais.<\/p>\n\n\n\n<p class=\"wp-block-paragraph\">Bayer acredita que \u00e9 preciso dividir as fun\u00e7\u00f5es na F\u00f3rmula 1 para n\u00e3o sobrecarregar ningu\u00e9m. &#8220;Estamos vendo de dividir as v\u00e1rias atividades com o diretor de provas, que tamb\u00e9m \u00e9 diretor-esportivo, de seguran\u00e7a e delegado da pista&#8221;, comentou com o jornalista austr\u00edaco Gerhard Kuntschick.<\/p>\n\n\n\n<p class=\"wp-block-paragraph\">&#8220;Era simplesmente demais. As fun\u00e7\u00f5es precisam ser divididas entre v\u00e1rias pessoas, isso reduz o fardo nas costas do diretor de provas. No futuro, a pessoa ser\u00e1 capaz de se concentrar nas suas responsabilidades, sem distra\u00e7\u00f5es&#8221;, seguiu.<\/p>\n\n\n\n<p class=\"wp-block-paragraph\">Com o objetivo de afastar qualquer possibilidade de uma repeti\u00e7\u00e3o das decis\u00f5es controversas do GP de Abu Dhabi, a F1 <a href=\"https:\/\/www.grandepremio.com\/br\/f1\/noticias\/f1-estuda-nova-estrutura-de-gerenciamento-de-prova-apos-polemicas-do-gp-abu-dhabi\/\">planeja uma administra\u00e7\u00e3o diferente para as corridas a partir de 2022<\/a>.<\/p>\n\n\n\n<p class=\"wp-block-paragraph\">Agora, h\u00e1 tamb\u00e9m planos para introduzir protocolos para que o diretor de prova tenha maior liberdade e um ambiente mais calmo para tomar as decis\u00f5es necess\u00e1rias durante os eventos da F1. Isso porque, ao mesmo tempo em que h\u00e1 um pesado questionamento quanto as a\u00e7\u00f5es de Masi, existe uma compreens\u00e3o de que o diretor estava exposto, isolado e sob muita press\u00e3o, especialmente na parte final da temporada, devido \u00e0 intensa briga pelo t\u00edtulo entre Hamilton e Verstappen, que chegaram empatados \u00e0 etapa final.<\/p>\n\n\n\n<figure class=\"wp-block-video\"><video class=\"video-js vjs-big-play-centered\" data-gp-vjs=\"1\" controls src=\"https:\/\/www.grandepremio.com\/br\/wp-content\/uploads\/2021\/12\/Verstappen-x-Hamilton-ultima-volta.mp4\"><\/video><figcaption>A dram\u00e1tica \u00faltima volta do GP de Abu Dhabi de F1 (V\u00eddeo: TSN)<\/figcaption><\/figure>\n","protected":false},"excerpt":{"rendered":"<p>As diversas pol\u00eamicas na reta final da F\u00f3rmula 1 2021 colocaram o cargo de Michael Masi em xeque. Agora, at\u00e9 mesmo a FIA, apesar dos elogios, admite a possibilidade de trocar o diretor de provas da categoria<\/p>\n","protected":false},"author":0,"featured_media":1000530261,"comment_status":"closed","ping_status":"closed","sticky":false,"template":"","format":"standard","meta":{"42wp_featured_image_caption":"","42wp_featured_image_credits":"","42wp_featured_video":"","42wp_featured_image_hidden":false,"42wp_authors_list":[],"footnotes":""},"categories":[2],"tags":[147,156,1357,103,24837,25536,26841,25424,87,203,82,1385,11650,204,29224],"42wp_author":[47135],"class_list":["post-114961","post","type-post","status-publish","format-standard","has-post-thumbnail","hentry","category-f1","tag-f1","tag-f1-2021","tag-f1-2022","tag-fia","tag-formula-1-2","tag-formula-1-2021-2","tag-formula-1-2022","tag-gp-de-abu-dhabi","tag-lewis-hamilton","tag-max-verstappen","tag-mercedes","tag-michael-masi","tag-peter-bayer","tag-red-bull","tag-temporada-f1-2022","42wp_author-pedro-luis-cuenca"],"_links":{"self":[{"href":"https:\/\/grandepremio.com\/br\/wp-json\/wp\/v2\/posts\/114961","targetHints":{"allow":["GET"]}}],"collection":[{"href":"https:\/\/grandepremio.com\/br\/wp-json\/wp\/v2\/posts"}],"about":[{"href":"https:\/\/grandepremio.com\/br\/wp-json\/wp\/v2\/types\/post"}],"replies":[{"embeddable":true,"href":"https:\/\/grandepremio.com\/br\/wp-json\/wp\/v2\/comments?post=114961"}],"version-history":[{"count":0,"href":"https:\/\/grandepremio.com\/br\/wp-json\/wp\/v2\/posts\/114961\/revisions"}],"wp:featuredmedia":[{"embeddable":true,"href":"https:\/\/grandepremio.com\/br\/wp-json\/wp\/v2\/media\/1000530261"}],"wp:attachment":[{"href":"https:\/\/grandepremio.com\/br\/wp-json\/wp\/v2\/media?parent=114961"}],"wp:term":[{"taxonomy":"category","embeddable":true,"href":"https:\/\/grandepremio.com\/br\/wp-json\/wp\/v2\/categories?post=114961"},{"taxonomy":"post_tag","embeddable":true,"href":"https:\/\/grandepremio.com\/br\/wp-json\/wp\/v2\/tags?post=114961"},{"taxonomy":"42wp_author","embeddable":true,"href":"https:\/\/grandepremio.com\/br\/wp-json\/wp\/v2\/42wp_author?post=114961"}],"curies":[{"name":"wp","href":"https:\/\/api.w.org\/{rel}","templated":true}]}}