{"id":115003,"date":"2022-01-26T04:00:00","date_gmt":"2022-01-26T07:00:00","guid":{"rendered":"https:\/\/grandepremio.com\/br\/noticias\/guia-fe-2021-22-sergio-sette-camara-quer-colaboracao-com-antonio-giovinazzi-por-evolucao-da-dragon\/"},"modified":"2022-01-27T09:26:45","modified_gmt":"2022-01-27T12:26:45","slug":"guia-fe-2021-22-sergio-sette-camara-quer-colaboracao-com-antonio-giovinazzi-por-evolucao-da-dragon","status":"publish","type":"post","link":"https:\/\/grandepremio.com\/br\/formula-e\/guia-fe-2021-22-sergio-sette-camara-quer-colaboracao-com-antonio-giovinazzi-por-evolucao-da-dragon\/","title":{"rendered":"Guia FE 2021\/22: Sette C\u00e2mara quer colabora\u00e7\u00e3o com Giovinazzi pela Dragon"},"content":{"rendered":"\n<figure class=\"wp-block-embed is-type-video is-provider-youtube wp-block-embed-youtube wp-embed-aspect-16-9 wp-has-aspect-ratio\"><div class=\"wp-block-embed__wrapper\">\n<iframe loading=\"lazy\" title=\"PORSCHE E AUDI: EM VEZ DE SOLU\u00c7\u00c3O, PROBLEMA PARA A F1?\" width=\"500\" height=\"281\" src=\"https:\/\/www.youtube.com\/embed\/gVAn1OgCfDg?feature=oembed\" frameborder=\"0\" allow=\"accelerometer; autoplay; clipboard-write; encrypted-media; gyroscope; picture-in-picture; web-share\" referrerpolicy=\"strict-origin-when-cross-origin\" allowfullscreen><\/iframe>\n<\/div><figcaption>PORSCHE E AUDI: EM VEZ DE SOLU\u00c7\u00c3O, PROBLEMA PARA A F1?<\/figcaption><\/figure>\n\n\n\n<p class=\"wp-block-paragraph\">S\u00e9rgio Sette C\u00e2mara parte para sua segunda temporada completa na F\u00f3rmula E em 2022, novamente na Dragon e bem mais acostumado \u00e0 correria dos finais de semana da categoria de monopostos el\u00e9tricos. Em conversa com o <strong>GRANDE PR\u00caMIO<\/strong>, o mineiro de 23 anos analisou as expectativas para o novo campeonato, a \u00faltima da segunda gera\u00e7\u00e3o de carros, em que ter\u00e1 um novo companheiro de equipe, Antonio Giovinazzi, que deixou a F\u00f3rmula 1 e se juntou ao brasileiro na esquadra norte-americana.<\/p>\n\n\n\n<p class=\"wp-block-paragraph\"><strong>+ GUIA DA FE 2021\/22<\/strong><br><strong><strong><a href=\"https:\/\/www.grandepremio.com\/br\/formula-e\/noticias\/guia-fe-2021-22-depois-crescimento-chegou-ano-adaptacao-formula-e\/\">Guia FE 2021\/22:<\/a>\u00a0Chegou ano da adapta\u00e7\u00e3o na\u00a0<a href=\"https:\/\/www.grandepremio.com\/br\/formula-e\/\" target=\"_blank\" rel=\"noreferrer noopener\">F\u00f3rmula E<\/a><\/strong><\/strong><br><strong>Quem \u00e9 quem na F\u00f3rmula E 2022? <a href=\"https:\/\/grandepremium.grandepremio.com\/br\/guia-fe-2021-22\/formula-e\/materias\/fichas-equipes-pilotos\/\">Confira pilotos e equipes<\/a><\/strong><br><strong>Di Grassi elogia Mortara e <a href=\"https:\/\/www.grandepremio.com\/br\/formula-e\/noticias\/guia-fe-2021-22-lucas-di-grassi-elogia-edoardo-mortara-e-ve-missao-dupla-na-venturi-em-2022\/\">v\u00ea \u201cmiss\u00e3o dupla\u201d na Venturi<\/a> em 2022<\/strong><br><strong><a href=\"https:\/\/www.grandepremio.com\/br\/formula-e\/noticias\/guia-formula-e-2021-22-classificacao-em-mata-mata-e-mais-potencia-nos-carros-marcam-temporada\/\">Classifica\u00e7\u00e3o em mata-mata<\/a> e mais pot\u00eancia marcam F\u00f3rmula E 2022<\/strong><br><strong>Sa\u00edda de Audi e BMW \u00e9 <a href=\"https:\/\/www.grandepremio.com\/br\/formula-e\/noticias\/guia-fe-2021-22-saida-audi-bmw-descamacao-natural-formula-e\/\">s\u00f3 descama\u00e7\u00e3o natural da F\u00f3rmula E<\/a><br><a href=\"https:\/\/grandepremium.grandepremio.com\/br\/lado-a-lado\/formula-e\/materias\/dois-primeiros-anos-mercedes-f1-formula-e\/\">Os dois primeiros anos<\/a> da Mercedes na F1 e na F\u00f3rmula E<\/strong><\/p>\n\n\n\n<p class=\"wp-block-paragraph\">Com uma mudan\u00e7a dr\u00e1stica prevista para 2023 com a introdu\u00e7\u00e3o do modelo Gen3 na categoria, os carros da temporada oito ser\u00e3o bastante parecidos com os vistos no \u00faltimo ano, que terminou com o t\u00edtulo mundial de Nyck de Vries, da Mercedes. Esse fator foi visto por S\u00e9rgio como importante para que seja poss\u00edvel \u00e0 Dragon pontuar em um n\u00famero maior de ocasi\u00f5es, ap\u00f3s duas corridas dentro da zona de pontua\u00e7\u00e3o nos ePrix de Diriyah e Londres.<\/p>\n\n\n\n<p class=\"wp-block-paragraph\">Giovinazzi ser\u00e1 o terceiro companheiro de equipe diferente de Sette C\u00e2mara em 21 corridas disputadas pela Dragon, e o brasileiro espera que ambos os lados da garagem consigam uma boa rela\u00e7\u00e3o para que seja poss\u00edvel \u00e0 equipe evoluir, ap\u00f3s um modesto 11\u00ba lugar entre os Construtores em 2021, \u00e0 frente apenas da NIO.<\/p>\n\n\n\n<figure class=\"wp-block-image size-large\"><img decoding=\"async\" src=\"https:\/\/www.grandepremio.com\/br\/wp-content\/uploads\/2022\/01\/Foto-1-1024x683.jpg\" alt=\"\" class=\"wp-image-537396\"\/><figcaption>O brasileiro S\u00e9rgio Sette C\u00e2mara somou 16 pontos na F\u00f3rmula E em 2021, sua primeira temporada completa (Foto: Reprodu\u00e7\u00e3o\/Shiv Gohil)<\/figcaption><\/figure>\n\n\n\n<p class=\"wp-block-paragraph\">Nico M\u00fcller era o titular da equipe quando o brasileiro foi contratado, em substitui\u00e7\u00e3o ao neozeland\u00eas Brendon Hartley \u2014 para as \u00faltimas seis etapas da temporada 2019\/2020. No entanto, o su\u00ed\u00e7o disputou apenas as sete primeiras etapas da F\u00f3rmula E em 2020\/2021 e deixou o time, <a href=\"https:\/\/www.grandepremio.com\/br\/formula-e\/noticias\/nico-muller-cita-conflito-de-compromissos-e-rompe-dragon-formula-e\/\" target=\"_blank\" rel=\"noreferrer noopener\">alegando &#8220;conflito de compromissos&#8221; com o DTM e suas fun\u00e7\u00f5es de piloto da Audi<\/a>.<\/p>\n\n\n\n<p class=\"wp-block-paragraph\">Assim, o sueco Joel Eriksson assumiu o posto no ePrix de Puebla, no M\u00e9xico, e n\u00e3o largou mais, completando a temporada ao lado de Sette C\u00e2mara. A partir do dia 28 de janeiro, no ePrix de Diriyah, primeira corrida do ano, uma nova etapa come\u00e7ar\u00e1 para o brasileiro \u2014 <a href=\"https:\/\/www.grandepremio.com\/br\/formula-e\/noticias\/antonio-giovinazzi-admite-dificuldades-na-formula-e-e-compara-e-como-pilotar-um-f1-na-chuva\/\" target=\"_blank\" rel=\"noreferrer noopener\">com direito a uma nova parceria<\/a>.<\/p>\n\n\n\n<p class=\"wp-block-paragraph\">Ainda sem condi\u00e7\u00f5es de disputar com as equipes de frente do grid, os planos da Dragon s\u00e3o de coletar o m\u00e1ximo poss\u00edvel de informa\u00e7\u00f5es ao longo do ano de 2022 para que a entrada de 2023 com os carros de Gen3 ofere\u00e7a a possibilidade de almejar resultados melhores na F\u00f3rmula E \u2014 quem sabe at\u00e9 mesmo brigar no pelot\u00e3o de frente.<\/p>\n\n\n\n<p class=\"wp-block-paragraph\">A oitava temporada da F\u00f3rmula E come\u00e7a com direito a rodada dupla, com duas corridas v\u00e1lidas pelo ePrix de Diriyah, na Ar\u00e1bia Saudita, em 28 e 29 de janeiro. A categoria ter\u00e1 transmiss\u00e3o exclusiva na TV aberta por parte da Cultura, e na grade de televis\u00e3o fechada ser\u00e1 responsabilidade dos canais SporTV.<\/p>\n\n\n\n<p class=\"wp-block-paragraph\"><strong><em>A entrevista completa com o piloto brasileiro S\u00e9rgio Sette C\u00e2mara:<\/em><\/strong><\/p>\n\n\n\n<p class=\"wp-block-paragraph\"><strong>O que esperar da temporada 2022?<\/strong><\/p>\n\n\n\n<p class=\"wp-block-paragraph\">&#8220;Os carros n\u00e3o mudaram muito do ano passado para esse por uma quest\u00e3o de homologa\u00e7\u00e3o, apenas a parte do software, ent\u00e3o as equipes v\u00e3o estar com carros muito parecidos. Por conta disso, espero tamb\u00e9m que a competitividade entre as equipes seja parecida. N\u00e3o quero colocar uma expectativa muito ambiciosa, porque ano passado a gente deu nosso m\u00e1ximo e pontuou em tr\u00eas ou quatro ocasi\u00f5es [foram duas vezes, em Diriyah e Londres], ent\u00e3o nesse ano quero colocar uma meta um pouco acima disso. Ent\u00e3o, pontuar talvez o dobro, em seis ou oito etapas seria uma meta acho que interessante, considerando que os carros s\u00e3o praticamente os mesmos.&#8221;<\/p>\n\n\n\n<figure class=\"wp-block-image size-large\"><img decoding=\"async\" src=\"https:\/\/www.grandepremio.com\/br\/wp-content\/uploads\/2021\/04\/391233_967594_234773_shiv_gohil_-1024x683.jpg\" alt=\"\" class=\"wp-image-467913\"\/><figcaption>S\u00e9rgio Sette C\u00e2mara em a\u00e7\u00e3o pela Dragon na temporada de 2021 (Foto: Dragon)<\/figcaption><\/figure>\n\n\n\n<p class=\"wp-block-paragraph\"><strong>Agora que voc\u00ea tem uma temporada completa da F\u00f3rmula E, d\u00e1 para encarar o campeonato de forma diferente ao do ano passado?<\/strong><\/p>\n\n\n\n<p class=\"wp-block-paragraph\">&#8220;Acho que sim, d\u00e1 para encarar com mais maturidade, mais calma, j\u00e1 tendo vivido v\u00e1rios finais de semana de corrida e me acostumado com a loucura que s\u00e3o os finais de semana da F\u00f3rmula E, acho que isso pode me ajudar.&#8221;<\/p>\n\n\n\n<p class=\"wp-block-paragraph\"><strong>Ano passado, voc\u00ea conseguiu um quarto lugar importante pra Dragon. \u00c9 poss\u00edvel fazer isso mais vezes e tirar a Dragon dos \u00faltimos lugares do Mundial de Equipes em 2022?<\/strong><\/p>\n\n\n\n<p class=\"wp-block-paragraph\">&#8220;Acredito que d\u00ea, o importante \u00e9 sempre tirar o m\u00e1ximo do carro. Acho que, para a gente chegar em quarto ou quinto, tem de dar tudo certo. Mas pelo menos no ano passado, para beirar o top-10, a gente consegue fazer isso em um dia normal. \u00c9 s\u00f3 a gente tirar o m\u00e1ximo, tanto eu quanto a equipe. E se acontecer alguma coisa que vai a nosso favor, a gente precisa estar pronto para beliscar um resultado mais impactante, um quinto, um quarto lugar. \u00c9 manter const\u00e2ncia e estar pronto para abra\u00e7ar uma oportunidade boa caso ela venha.&#8221;<\/p>\n\n\n\n<figure class=\"wp-block-image size-large\"><img decoding=\"async\" src=\"https:\/\/www.grandepremio.com\/br\/wp-content\/uploads\/2021\/02\/1-EPS702_110625_ALS9958-1024x682.jpg\" alt=\"\" class=\"wp-image-452339\"\/><figcaption>S\u00e9rgio Sette C\u00e2mara garantiu a primeira fila e depois terminou em quarto na corrida 2 do ePrix de Diriyah em 2021 (Foto: F\u00f3rmula E)<\/figcaption><\/figure>\n\n\n\n<p class=\"wp-block-paragraph\"><strong>Diferentemente do ano passado, agora voc\u00ea vai ter um companheiro menos experiente na F\u00f3rmula E do que voc\u00ea. Mas \u00e9 algu\u00e9m que vem da F\u00f3rmula 1. Como \u00e9 sua rela\u00e7\u00e3o com Giovinazzi e o que esperar dessa dupla?<\/strong><\/p>\n\n\n\n<p class=\"wp-block-paragraph\">&#8220;Ano passado eu comecei o campeonato com o Nico [M\u00fcller] como companheiro de equipe, acabou que mudou durante o ano, tive tamb\u00e9m o Joel [Eriksson] por mais de metade do campeonato. O mais importante \u00e9 ter uma boa rela\u00e7\u00e3o. Acho que a partir do dia em que a gente for a melhor equipe da F\u00f3rmula E e em que n\u00f3s estejamos em primeiro e segundo colocado, a\u00ed a gente pode brigar, ter uma briga interna de equipe, porque a gente j\u00e1 \u00e9 a melhor equipe, est\u00e1 brigando pelo primeiro lugar ent\u00e3o faz sentido ter uma competi\u00e7\u00e3o interna. Mas n\u00e3o \u00e9 o caso, a gente est\u00e1 longe disso.&#8221;<\/p>\n\n\n\n<p class=\"wp-block-paragraph\">&#8220;Ent\u00e3o, a gente tem que trabalhar junto, unir for\u00e7as, os dois lados da garagem compartilharem o m\u00e1ximo de informa\u00e7\u00f5es para quem sabe um dia a gente se torne uma equipe mais competitiva. \u00c9 l\u00f3gico que agora, nessa \u00faltima temporada da Gen2, \u00e9 muito dif\u00edcil se transformar e se tornar a melhor equipe do grid. A gente tem que estar pronto e manter a harmonia na equipe, esse ano vai ser a introdu\u00e7\u00e3o de um carro novo, a gente vai estar testando o Gen3, e por isso a equipe tem que estar unida, compartilhando informa\u00e7\u00e3o, trabalhando junto, porque dessa forma a gente vai conseguir um ano de estreia em 2023 forte, como das melhores equipes, se Deus quiser.&#8221;<\/p>\n\n\n\n<figure class=\"wp-block-image size-large\"><img decoding=\"async\" src=\"https:\/\/www.grandepremio.com\/br\/wp-content\/uploads\/2021\/11\/FFWlDy7XMAo7yxB-1024x683.jpg\" alt=\"\" class=\"wp-image-528591\"\/><figcaption>Giovinazzi teve suas primeiras experi\u00eancias na F\u00f3rmula E na pr\u00e9-temporada de Val\u00eancia e ser\u00e1 companheiro de S\u00e9rgio em 2022 (Foto: F\u00f3rmula E)<\/figcaption><\/figure>\n\n\n\n<p class=\"wp-block-paragraph\"><strong>\u25b6\ufe0f&nbsp;Inscreva-se nos dois canais do GRANDE PR\u00caMIO no YouTube:&nbsp;<a href=\"https:\/\/www.youtube.com\/channel\/UC9OlHEgxoaY6QY6nWPoiqQg?sub_confirmation=1\" target=\"_blank\" rel=\"noreferrer noopener\">GP<\/a>&nbsp;|&nbsp;<a href=\"https:\/\/www.youtube.com\/channel\/UC9csiS6q_C3C0FYhyr1rnFA?sub_confirmation=1\" target=\"_blank\" rel=\"noreferrer noopener\">GP2<\/a><\/strong><\/p>\n\n\n\n<p class=\"wp-block-paragraph\"><strong>Al\u00e9m da F\u00f3rmula E, o que voc\u00ea espera do seu ano pra 2022? Ainda busca espa\u00e7o na F1 ou na Indy, por exemplo?<\/strong><\/p>\n\n\n\n<p class=\"wp-block-paragraph\">&#8220;Meu foco para 2022 est\u00e1 100% na F\u00f3rmula E, a \u00fanica possibilidade de pensar em outra coisa \u00e9 se vier alguma proposta para disputar alguma corrida, algum campeonato, que n\u00e3o comprometa de nenhuma forma a minha energia, a minha tens\u00e3o, o tempo que eu posso me dedicar \u00e0 F\u00f3rmula E, essa \u00e9 minha \u00fanica condi\u00e7\u00e3o. Meu foco est\u00e1 nesse campeonato, \u00e9 nele que eu acredito, \u00e9 nele que eu quero crescer. E se eu focar nisso, se eu for bem na F\u00f3rmula E, outras portas podem se abrir, e a\u00ed eu vou ter a op\u00e7\u00e3o de escolher ou n\u00e3o. Mas se eu n\u00e3o estiver focado na F\u00f3rmula E, os resultados n\u00e3o v\u00e3o vir e nenhuma porta vai se abrir. Ent\u00e3o \u00e9 muito melhor para mim focar na F\u00f3rmula E, e gra\u00e7as a Deus \u00e9 o que eu estou conseguindo fazer. Minha vontade \u00e9 correr nesse campeonato, crescer dentro desse campeonato, acredito muito na filosofia da categoria, e \u00e9 isso. [Estou] focado para crescer o m\u00e1ximo poss\u00edvel.&#8221;<\/p>\n\n\n\n<figure class=\"wp-block-image size-large\"><img decoding=\"async\" src=\"https:\/\/www.grandepremio.com\/br\/wp-content\/uploads\/2022\/01\/Foto-2-1024x683.jpg\" alt=\"\" class=\"wp-image-537394\"\/><figcaption>S\u00e9rgio Sette C\u00e2mara quer foco totalmente virado para disputa da F\u00f3rmula E em 2022 (Foto: Reprodu\u00e7\u00e3o\/Shiv Gohil)<\/figcaption><\/figure>\n","protected":false},"excerpt":{"rendered":"<p>Em entrevista exclusiva ao GRANDE PR\u00caMIO, S\u00e9rgio Sette C\u00e2mara abordou diversos pontos sobre a temporada 2022 da F\u00f3rmula E e espera por colabora\u00e7\u00e3o com Antonio Giovinazzi em prol de evolu\u00e7\u00e3o da Dragon na categoria<\/p>\n","protected":false},"author":0,"featured_media":1000537395,"comment_status":"closed","ping_status":"closed","sticky":false,"template":"","format":"standard","meta":{"42wp_featured_image_caption":"","42wp_featured_image_credits":"","42wp_featured_video":"","42wp_featured_image_hidden":false,"42wp_authors_list":[],"footnotes":""},"categories":[19],"tags":[456,1860,379,27903,840,28327,2194,25297,28828],"42wp_author":[47142],"class_list":["post-115003","post","type-post","status-publish","format-standard","has-post-thumbnail","hentry","category-formula-e","tag-antonio-giovinazzi","tag-dragon","tag-fe","tag-fe-2022","tag-formula-e","tag-formula-e-2022","tag-guia","tag-pre-temporada-2","tag-sergio-sette-camara-4","42wp_author-jp-nascimento"],"_links":{"self":[{"href":"https:\/\/grandepremio.com\/br\/wp-json\/wp\/v2\/posts\/115003","targetHints":{"allow":["GET"]}}],"collection":[{"href":"https:\/\/grandepremio.com\/br\/wp-json\/wp\/v2\/posts"}],"about":[{"href":"https:\/\/grandepremio.com\/br\/wp-json\/wp\/v2\/types\/post"}],"replies":[{"embeddable":true,"href":"https:\/\/grandepremio.com\/br\/wp-json\/wp\/v2\/comments?post=115003"}],"version-history":[{"count":0,"href":"https:\/\/grandepremio.com\/br\/wp-json\/wp\/v2\/posts\/115003\/revisions"}],"wp:featuredmedia":[{"embeddable":true,"href":"https:\/\/grandepremio.com\/br\/wp-json\/wp\/v2\/media\/1000537395"}],"wp:attachment":[{"href":"https:\/\/grandepremio.com\/br\/wp-json\/wp\/v2\/media?parent=115003"}],"wp:term":[{"taxonomy":"category","embeddable":true,"href":"https:\/\/grandepremio.com\/br\/wp-json\/wp\/v2\/categories?post=115003"},{"taxonomy":"post_tag","embeddable":true,"href":"https:\/\/grandepremio.com\/br\/wp-json\/wp\/v2\/tags?post=115003"},{"taxonomy":"42wp_author","embeddable":true,"href":"https:\/\/grandepremio.com\/br\/wp-json\/wp\/v2\/42wp_author?post=115003"}],"curies":[{"name":"wp","href":"https:\/\/api.w.org\/{rel}","templated":true}]}}