{"id":115005,"date":"2022-01-25T13:39:23","date_gmt":"2022-01-25T16:39:23","guid":{"rendered":"https:\/\/grandepremio.com\/br\/noticias\/ferrari-muda-planos-testes-fiorano-apos-confusao-regulamento\/"},"modified":"2022-01-25T13:39:33","modified_gmt":"2022-01-25T16:39:33","slug":"ferrari-muda-planos-testes-fiorano-apos-confusao-regulamento","status":"publish","type":"post","link":"https:\/\/grandepremio.com\/br\/f1\/ferrari-muda-planos-testes-fiorano-apos-confusao-regulamento\/","title":{"rendered":"Ferrari muda planos de testes em Fiorano ap\u00f3s confus\u00e3o com regulamento"},"content":{"rendered":"\n<figure class=\"wp-block-embed is-type-video is-provider-youtube wp-block-embed-youtube wp-embed-aspect-16-9 wp-has-aspect-ratio\"><div class=\"wp-block-embed__wrapper\">\n<iframe loading=\"lazy\" title=\"BOTTAS POUCO REBELDE MOSTRA FALTA DE AMBI\u00c7\u00c3O NA F1\" width=\"500\" height=\"281\" src=\"https:\/\/www.youtube.com\/embed\/plVKRoAI1Fs?feature=oembed\" frameborder=\"0\" allow=\"accelerometer; autoplay; clipboard-write; encrypted-media; gyroscope; picture-in-picture; web-share\" referrerpolicy=\"strict-origin-when-cross-origin\" allowfullscreen><\/iframe>\n<\/div><figcaption>BOTTAS POUCO REBELDE MOSTRA FALTA DE AMBI\u00c7\u00c3O NA F1<br><\/figcaption><\/figure>\n\n\n\n<p class=\"wp-block-paragraph\">Na \u00faltima segunda-feira (24), <a href=\"https:\/\/www.grandepremio.com\/br\/f1\/noticias\/ferrari-confirma-quatro-dias-de-testes-com-charles-leclerc-e-carlos-sainz-em-fiorano\/\" target=\"_blank\" rel=\"noreferrer noopener\">a Ferrari havia anunciado que faria testes com Carlos Sainz Jr., Charles Leclerc e Robert Shwartzman, piloto de testes da equipe, em Fiorano. Os quatro dias de testes seriam realizados com o carro do ano passado, a SF21. <\/a>Mas, por conta das regras t\u00e9cnicas \u2014 e ainda confusas \u2014 do regulamento, que passa por uma transi\u00e7\u00e3o para a nova temporada, a escuderia italiana foi for\u00e7ada a mudar seus planos. <\/p>\n\n\n\n<p class=\"wp-block-paragraph\">Com a mudan\u00e7a de regulamento t\u00e9cnico para 2022 \u2014 que ainda est\u00e1 sendo estipulado pela FIA (Federa\u00e7\u00e3o Internacional de Automobilismo) e as equipes, mas ainda n\u00e3o foi aprovado para ratifica\u00e7\u00e3o do pelo Conselho Mundial de Automobilismo do \u00f3rg\u00e3o regulador \u2014, as regras ainda est\u00e3o &#8216;abertas&#8217;. Por\u00e9m, segundo reda\u00e7\u00e3o da publica\u00e7\u00e3o mais recente da regulamenta\u00e7\u00e3o, \u00e9 proibido utilizar um carro que foi \u201cprojetado e constru\u00eddo para cumprir os Regulamentos T\u00e9cnicos de F\u00f3rmula 1 do campeonato, ou do campeonato do ano anterior&#8221;.<\/p>\n\n\n\n<p class=\"wp-block-paragraph\"><strong>\u25b6\ufe0f\u00a0Inscreva-se nos dois canais do GRANDE PR\u00caMIO no YouTube:\u00a0<a href=\"https:\/\/www.youtube.com\/channel\/UC9OlHEgxoaY6QY6nWPoiqQg?sub_confirmation=1\" target=\"_blank\" rel=\"noreferrer noopener\">GP<\/a>\u00a0|\u00a0<a href=\"https:\/\/www.youtube.com\/channel\/UC9csiS6q_C3C0FYhyr1rnFA?sub_confirmation=1\" target=\"_blank\" rel=\"noreferrer noopener\">GP2<\/a><\/strong><\/p>\n\n\n\n<figure class=\"wp-block-image size-large\"><img decoding=\"async\" src=\"https:\/\/www.grandepremio.com\/br\/wp-content\/uploads\/2021\/12\/ferrari-charlesleclerc-01-4-1024x683.jpg\" alt=\"\" class=\"wp-image-531523\"\/><figcaption>A Ferrari tinha testes programados com a SF21 (Foto: Ferrari)<\/figcaption><\/figure>\n\n\n\n<p class=\"wp-block-paragraph\"><strong>LEIA TAMB\u00c9M<\/strong><br><a href=\"https:\/\/www.grandepremio.com\/br\/f1\/noticias\/inconformada-mercedes-diz-que-formula-1-nao-pode-rasgar-regras-pelo-bem-do-show\/\"><strong>Inconformada, Mercedes diz que\u00a0<\/strong><\/a><strong><a href=\"https:\/\/www.grandepremio.com\/formula-1\/\" target=\"_blank\" rel=\"noreferrer noopener\">F\u00f3rmula 1<\/a>\u00a0\u201cn\u00e3o pode rasgar regras pelo bem do show\u201d<br><a href=\"https:\/\/www.grandepremio.com\/br\/f1\/noticias\/chefe-da-mercedes-ve-rivalidade-com-red-bull-igual-a-boxeadores-trocando-socos\/\">Chefe da\u00a0<\/a><a href=\"https:\/\/www.grandepremio.com\/br\/equipe\/f1\/2020\/mercedes-amg-motorsport\/\" target=\"_blank\" rel=\"noreferrer noopener\">Mercedes<\/a>\u00a0v\u00ea rivalidade com\u00a0<a href=\"https:\/\/www.grandepremio.com\/br\/equipe\/f1\/2020\/red-bull-racing\/\" target=\"_blank\" rel=\"noreferrer noopener\">Red Bull<\/a>\u00a0igual a \u201cboxeadores trocando socos\u201d<br><a href=\"https:\/\/www.grandepremio.com\/br\/f1\/noticias\/jacques-villeneuve-cre-que-lewis-hamilton-faz-silencio-para-fugir-do-jogo-de-mau-perdedor-toto-wolff\/\">Villeneuve cr\u00ea que Hamilton faz sil\u00eancio para fugir do jogo de \u201cmau perdedor\u201d Wolff<\/a><\/strong><\/p>\n\n\n\n<p class=\"wp-block-paragraph\">&#8220;O programa de testes que a Ferrari deveria realizar a partir de hoje na pista de Fiorano foi alterado esta manh\u00e3. Aguardando uma atualiza\u00e7\u00e3o da FIA sobre como ser\u00e1 aplicada a defini\u00e7\u00e3o de testes em 2022, que estabelece qual carro pode ser usado neste tipo de teste \u2014 foi decidido na sess\u00e3o que um SF71H 2018 ser\u00e1 usado.\u00a0O programa detalhado ser\u00e1 anunciado posteriormente&#8221;, disse o time italiano, em comunicado. <\/p>\n\n\n\n<p class=\"wp-block-paragraph\">Vale lembrar que \u00e9 permitido, no entanto, realizar testes com carros pelo menos dois anos mais velhos que a especifica\u00e7\u00e3o atual, para n\u00e3o ter uma vantagem de desempenho. Al\u00e9m da quest\u00f5es dos testes, as corridas de classifica\u00e7\u00e3o, <a href=\"https:\/\/www.grandepremio.com\/br\/f1\/noticias\/f1-muda-cronograma-e-aumenta-tempo-de-treinos-livres-para-temporada-2022\/#:~:text=Em%202021%2C%20TL1%20e%20TL2,ap%C3%B3s%20o%20final%20do%20TL2.\" target=\"_blank\" rel=\"noreferrer noopener\">bem como o aumento de tempo de treinos livres da sexta-feira \u2014 que ter\u00e3o 30 minutos a mais de dura\u00e7\u00e3o \u2014<\/a>, tamb\u00e9m est\u00e3o sendo discutidos. <\/p>\n\n\n\n<p class=\"wp-block-paragraph\">Outro ponto a se ressaltar \u00e9 que a inten\u00e7\u00e3o da categoria \u00e9 realizar os testes de pr\u00e9-temporada a partir do dia 21 de fevereiro, no Circuito da\u00a0<a href=\"https:\/\/es.grandepremio.com\/\" target=\"_blank\" rel=\"noreferrer noopener\">Catalunha<\/a>, na\u00a0<a href=\"https:\/\/es.grandepremio.com\/\" target=\"_blank\" rel=\"noreferrer noopener\">Espanha<\/a>, at\u00e9 o dia 25 do mesmo m\u00eas. Em seguida, mais tr\u00eas datas de testes est\u00e3o previstas para o Bahrein, local onde foi realizada a pr\u00e9-temporada de 2021, entre os dias 10 e 12 de mar\u00e7o. Isso significa que em 2022, os testes acabar\u00e3o apenas oito dias antes da abertura do campeonato, que tamb\u00e9m ocorre no circuito de\u00a0<a href=\"https:\/\/www.grandepremio.com\/br\/etapa\/f1\/gp-do-bahrein-formula-1-2020\/\" target=\"_blank\" rel=\"noreferrer noopener\">Sakhir<\/a>. Atualmente, a regra prev\u00ea 10 dias de intervalo at\u00e9 a primeira etapa do ano.<\/p>\n\n\n\n<figure class=\"wp-block-embed is-type-video is-provider-youtube wp-block-embed-youtube wp-embed-aspect-16-9 wp-has-aspect-ratio\"><div class=\"wp-block-embed__wrapper\">\n<iframe loading=\"lazy\" title=\"PORSCHE E AUDI: EM VEZ DE SOLU\u00c7\u00c3O, PROBLEMA PARA A F1?\" width=\"500\" height=\"281\" src=\"https:\/\/www.youtube.com\/embed\/gVAn1OgCfDg?feature=oembed\" frameborder=\"0\" allow=\"accelerometer; autoplay; clipboard-write; encrypted-media; gyroscope; picture-in-picture; web-share\" referrerpolicy=\"strict-origin-when-cross-origin\" allowfullscreen><\/iframe>\n<\/div><figcaption>PORSCHE E AUDI: EM VEZ DE SOLU\u00c7\u00c3O, PROBLEMA PARA A F1?<br><\/figcaption><\/figure>\n\n\n\n<p class=\"wp-block-paragraph\"><\/p>\n\n\n\n<p class=\"wp-block-paragraph\"><\/p>\n\n\n\n<p class=\"wp-block-paragraph\"><\/p>\n","protected":false},"excerpt":{"rendered":"<p>Em revis\u00e3o ao regulamento, a Ferrari comunicou que n\u00e3o usar\u00e1 a SF21 em seus testes em Fiorano, j\u00e1 que \u00e9 s\u00f3 \u00e9 permitido o uso de carros pelo menos dois anos mais velhos que a especifica\u00e7\u00e3o atual<\/p>\n","protected":false},"author":0,"featured_media":1000530097,"comment_status":"closed","ping_status":"closed","sticky":false,"template":"","format":"standard","meta":{"42wp_featured_image_caption":"","42wp_featured_image_credits":"","42wp_featured_video":"","42wp_featured_image_hidden":false,"42wp_authors_list":[],"footnotes":""},"categories":[2],"tags":[25390,209,156,1357,207,6387,24837,1491,1869],"42wp_author":[47139],"class_list":["post-115005","post","type-post","status-publish","format-standard","has-post-thumbnail","hentry","category-f1","tag-carlos-sainz-jr-2","tag-charles-leclerc","tag-f1-2021","tag-f1-2022","tag-ferrari","tag-fiorano","tag-formula-1-2","tag-grande-premio","tag-robert-shwartzman","42wp_author-ana-cerveira"],"_links":{"self":[{"href":"https:\/\/grandepremio.com\/br\/wp-json\/wp\/v2\/posts\/115005","targetHints":{"allow":["GET"]}}],"collection":[{"href":"https:\/\/grandepremio.com\/br\/wp-json\/wp\/v2\/posts"}],"about":[{"href":"https:\/\/grandepremio.com\/br\/wp-json\/wp\/v2\/types\/post"}],"replies":[{"embeddable":true,"href":"https:\/\/grandepremio.com\/br\/wp-json\/wp\/v2\/comments?post=115005"}],"version-history":[{"count":0,"href":"https:\/\/grandepremio.com\/br\/wp-json\/wp\/v2\/posts\/115005\/revisions"}],"wp:featuredmedia":[{"embeddable":true,"href":"https:\/\/grandepremio.com\/br\/wp-json\/wp\/v2\/media\/1000530097"}],"wp:attachment":[{"href":"https:\/\/grandepremio.com\/br\/wp-json\/wp\/v2\/media?parent=115005"}],"wp:term":[{"taxonomy":"category","embeddable":true,"href":"https:\/\/grandepremio.com\/br\/wp-json\/wp\/v2\/categories?post=115005"},{"taxonomy":"post_tag","embeddable":true,"href":"https:\/\/grandepremio.com\/br\/wp-json\/wp\/v2\/tags?post=115005"},{"taxonomy":"42wp_author","embeddable":true,"href":"https:\/\/grandepremio.com\/br\/wp-json\/wp\/v2\/42wp_author?post=115005"}],"curies":[{"name":"wp","href":"https:\/\/api.w.org\/{rel}","templated":true}]}}