{"id":115023,"date":"2022-01-24T04:00:00","date_gmt":"2022-01-24T07:00:00","guid":{"rendered":"https:\/\/grandepremio.com\/br\/noticias\/max-verstappen-alfineta-lewis-hamilton-diz-que-preciso-sorte-para-lutar-sete-titulos-f1\/"},"modified":"2022-01-23T18:12:24","modified_gmt":"2022-01-23T21:12:24","slug":"max-verstappen-alfineta-lewis-hamilton-diz-que-preciso-sorte-para-lutar-sete-titulos-f1","status":"publish","type":"post","link":"https:\/\/grandepremio.com\/br\/f1\/max-verstappen-alfineta-lewis-hamilton-diz-que-preciso-sorte-para-lutar-sete-titulos-f1\/","title":{"rendered":"Verstappen alfineta Hamilton e diz que &#8220;\u00e9 preciso sorte para lutar por sete t\u00edtulos&#8221;"},"content":{"rendered":"\n<figure class=\"wp-block-embed is-type-video is-provider-youtube wp-block-embed-youtube wp-embed-aspect-16-9 wp-has-aspect-ratio\"><div class=\"wp-block-embed__wrapper\">\n<iframe loading=\"lazy\" title=\"BOTTAS POUCO REBELDE MOSTRA FALTA DE AMBI\u00c7\u00c3O NA F1\" width=\"500\" height=\"281\" src=\"https:\/\/www.youtube.com\/embed\/plVKRoAI1Fs?feature=oembed\" frameborder=\"0\" allow=\"accelerometer; autoplay; clipboard-write; encrypted-media; gyroscope; picture-in-picture; web-share\" referrerpolicy=\"strict-origin-when-cross-origin\" allowfullscreen><\/iframe>\n<\/div><figcaption>BOTTAS POUCO REBELDE MOSTRA FALTA DE AMBI\u00c7\u00c3O NA F1<\/figcaption><\/figure>\n\n\n\n<p class=\"wp-block-paragraph\">Depois de quatro t\u00edtulos seguidos, Lewis Hamilton voltou a ser derrotado na F\u00f3rmula 1 em 2021, perdendo o t\u00edtulo para Max Verstappen na \u00faltima volta do GP de Abu Dhabi. Apesar de ser heptacampe\u00e3o da categoria, o brit\u00e2nico viu os feitos questionados pelo rival da Red Bull, que acredita em sorte para conquistar tantas vezes o certame.<\/p>\n\n\n\n<p class=\"wp-block-paragraph\">Em um campeonato apertado, Verstappen fechou a temporada do t\u00edtulo com 395.5 pontos. Foram 10 vit\u00f3rias em 2021, al\u00e9m de 8 pontos de vantagem para o vice-campe\u00e3o Hamilton. Na disputa final, em Abu Dhabi, o holand\u00eas esteve atr\u00e1s do rival durante praticamente toda a corrida, mas o safety-car apareceu nas \u00faltimas voltas e, gra\u00e7as a um pit-stop, conseguiu ultrapassar a Mercedes no \u00faltimo giro.<\/p>\n\n\n\n<p class=\"wp-block-paragraph\"><strong>\u25b6\ufe0f&nbsp;Inscreva-se nos dois canais do GRANDE PR\u00caMIO no YouTube:&nbsp;<a href=\"https:\/\/www.youtube.com\/channel\/UC9OlHEgxoaY6QY6nWPoiqQg?sub_confirmation=1\" target=\"_blank\" rel=\"noreferrer noopener\">GP<\/a>&nbsp;|&nbsp;<a href=\"https:\/\/www.youtube.com\/channel\/UC9csiS6q_C3C0FYhyr1rnFA?sub_confirmation=1\" target=\"_blank\" rel=\"noreferrer noopener\">GP2<\/a><\/strong><\/p>\n\n\n\n<figure class=\"wp-block-image size-large\"><img decoding=\"async\" src=\"https:\/\/www.grandepremio.com\/br\/wp-content\/uploads\/2021\/12\/SI202112120171_hires_jpeg_24bit_rgb-1024x676.jpg\" alt=\"\" class=\"wp-image-531711\"\/><figcaption>Verstappen e Hamilton travaram intenso duelo na F1 2021 (Foto: Mark Thompson\/Getty Images)<\/figcaption><\/figure>\n\n\n\n<p class=\"wp-block-paragraph\">&#8220;Tudo que chegar para mim agora \u00e9 um b\u00f4nus e vou aproveitar. Se eu perder uma corrida, vou ficar chateado, mas minutos depois vou dizer que est\u00e1 ok&#8221;, disse Verstappen em entrevista para a CarNext.<\/p>\n\n\n\n<p class=\"wp-block-paragraph\">&#8220;Voc\u00ea precisa de sorte para lutar por sete ou oito [t\u00edtulos]. \u00c9 preciso estar uma equipe muito dominante tamb\u00e9m para alcan\u00e7ar isso, ent\u00e3o nem sempre voc\u00ea tem essa sorte ou est\u00e1 no momento errado. Algumas vezes, isso n\u00e3o acontece. Eu s\u00f3 queria vencer uma vez e, ent\u00e3o, ver o que aconteceria&#8221;, completou.<\/p>\n\n\n\n<p class=\"wp-block-paragraph\">Ao comentar sobre o t\u00edtulo, Verstappen afirmou que nada mudou em sua personalidade, apesar de realizar o sonho de se tornar campe\u00e3o mundial da F\u00f3rmula 1.<\/p>\n\n\n\n<p class=\"wp-block-paragraph\">\u201cEu j\u00e1 disse durante a temporada que n\u00e3o importa se sou primeiro ou segundo, n\u00e3o vai mudar minha vida, e n\u00e3o mudou. Sempre foi o objetivo da minha vida se tornar campe\u00e3o. Agora que fiz isso, estou muito feliz\u201d, declarou o holand\u00eas.<\/p>\n\n\n\n<p class=\"wp-block-paragraph\"><strong>Conhe\u00e7a o canal do Grande Pr\u00eamio no YouTube! Clique&nbsp;<a target=\"_blank\" href=\"https:\/\/youtube.com\/GrandePremioTV\" rel=\"noreferrer noopener\">aqui<\/a>.<\/strong><br><strong>Siga o Grande Pr\u00eamio no&nbsp;<a target=\"_blank\" href=\"https:\/\/twitter.com\/grandepremio\" rel=\"noreferrer noopener\">Twitter&nbsp;<\/a>e no&nbsp;<a target=\"_blank\" href=\"https:\/\/instagram.com\/grandepremio\" rel=\"noreferrer noopener\">Instagram<\/a><\/strong><\/p>\n\n\n\n<figure class=\"wp-block-video\"><video class=\"video-js vjs-big-play-centered\" data-gp-vjs=\"1\" controls src=\"https:\/\/www.grandepremio.com\/br\/wp-content\/uploads\/2022\/01\/frac-crash-start.mp4\"><\/video><figcaption>O assustador acidente na largada da F-Regional Asi\u00e1tica (V\u00eddeo: Reprodu\u00e7\u00e3o)<\/figcaption><\/figure>\n","protected":false},"excerpt":{"rendered":"<p>Depois de intensa batalha em 2021, Max Verstappen derrotou Lewis Hamilton pela primeira vez e mostrou-se contente com o que o alcan\u00e7ou na carreira at\u00e9 o momento<\/p>\n","protected":false},"author":0,"featured_media":1000531852,"comment_status":"closed","ping_status":"closed","sticky":false,"template":"","format":"standard","meta":{"42wp_featured_image_caption":"","42wp_featured_image_credits":"","42wp_featured_video":"","42wp_featured_image_hidden":false,"42wp_authors_list":[],"footnotes":""},"categories":[2],"tags":[26271,147,156,1357,24837,26841,87,203,82,1385,204,29224,150],"42wp_author":[47135],"class_list":["post-115023","post","type-post","status-publish","format-standard","has-post-thumbnail","hentry","category-f1","tag-calendario-f1","tag-f1","tag-f1-2021","tag-f1-2022","tag-formula-1-2","tag-formula-1-2022","tag-lewis-hamilton","tag-max-verstappen","tag-mercedes","tag-michael-masi","tag-red-bull","tag-temporada-f1-2022","tag-toto-wolff","42wp_author-pedro-luis-cuenca"],"_links":{"self":[{"href":"https:\/\/grandepremio.com\/br\/wp-json\/wp\/v2\/posts\/115023","targetHints":{"allow":["GET"]}}],"collection":[{"href":"https:\/\/grandepremio.com\/br\/wp-json\/wp\/v2\/posts"}],"about":[{"href":"https:\/\/grandepremio.com\/br\/wp-json\/wp\/v2\/types\/post"}],"replies":[{"embeddable":true,"href":"https:\/\/grandepremio.com\/br\/wp-json\/wp\/v2\/comments?post=115023"}],"version-history":[{"count":0,"href":"https:\/\/grandepremio.com\/br\/wp-json\/wp\/v2\/posts\/115023\/revisions"}],"wp:featuredmedia":[{"embeddable":true,"href":"https:\/\/grandepremio.com\/br\/wp-json\/wp\/v2\/media\/1000531852"}],"wp:attachment":[{"href":"https:\/\/grandepremio.com\/br\/wp-json\/wp\/v2\/media?parent=115023"}],"wp:term":[{"taxonomy":"category","embeddable":true,"href":"https:\/\/grandepremio.com\/br\/wp-json\/wp\/v2\/categories?post=115023"},{"taxonomy":"post_tag","embeddable":true,"href":"https:\/\/grandepremio.com\/br\/wp-json\/wp\/v2\/tags?post=115023"},{"taxonomy":"42wp_author","embeddable":true,"href":"https:\/\/grandepremio.com\/br\/wp-json\/wp\/v2\/42wp_author?post=115023"}],"curies":[{"name":"wp","href":"https:\/\/api.w.org\/{rel}","templated":true}]}}