{"id":115025,"date":"2022-01-23T15:23:46","date_gmt":"2022-01-23T18:23:46","guid":{"rendered":"https:\/\/grandepremio.com\/br\/noticias\/fernando-alonso-diz-que-fas-devem-decidir-sobre-futuro-corridas-de-classificacao-f1\/"},"modified":"2022-01-23T15:23:57","modified_gmt":"2022-01-23T18:23:57","slug":"fernando-alonso-diz-que-fas-devem-decidir-sobre-futuro-corridas-de-classificacao-f1","status":"publish","type":"post","link":"https:\/\/grandepremio.com\/br\/f1\/fernando-alonso-diz-que-fas-devem-decidir-sobre-futuro-corridas-de-classificacao-f1\/","title":{"rendered":"Alonso diz que &#8220;f\u00e3s devem decidir&#8221; sobre futuro das corridas de classifica\u00e7\u00e3o da F1"},"content":{"rendered":"\n<figure class=\"wp-block-embed is-type-video is-provider-youtube wp-block-embed-youtube wp-embed-aspect-16-9 wp-has-aspect-ratio\"><div class=\"wp-block-embed__wrapper\">\n<iframe loading=\"lazy\" title=\"BOTTAS POUCO REBELDE MOSTRA FALTA DE AMBI\u00c7\u00c3O NA F1\" width=\"500\" height=\"281\" src=\"https:\/\/www.youtube.com\/embed\/plVKRoAI1Fs?feature=oembed\" frameborder=\"0\" allow=\"accelerometer; autoplay; clipboard-write; encrypted-media; gyroscope; picture-in-picture; web-share\" referrerpolicy=\"strict-origin-when-cross-origin\" allowfullscreen><\/iframe>\n<\/div><figcaption>BOTTAS POUCO REBELDE MOSTRA FALTA DE AMBI\u00c7\u00c3O NA F1<\/figcaption><\/figure>\n\n\n\n<p class=\"wp-block-paragraph\">Em 2021, a F\u00f3rmula 1 lan\u00e7ou uma novidade em tr\u00eas finais de semana: as corrida sprint, com 100 km de dist\u00e2nica, para defini\u00e7\u00e3o do grid de largada em Silverstone, Monza e Interlagos. A ideia dividiu opini\u00f5es do f\u00e3s da categoria, especialmente ap\u00f3s as realiza\u00e7\u00f5es das provas. Fernando Alonso foi questionado sobre o assunto, mas acredita que os espectadores \u00e9 que devem decidir sobre as inova\u00e7\u00f5es.<\/p>\n\n\n\n<p class=\"wp-block-paragraph\">At\u00e9 o momento, a F1 n\u00e3o definiu oficialmente quais ser\u00e3o as corridas sprint de 2022. Os dirigentes j\u00e1 afirmaram que pretendem aumentar o n\u00famero de provas de classifica\u00e7\u00e3o para seis, mas os locais n\u00e3o foram confirmado, mesmo com o maior calend\u00e1rio da hist\u00f3ria j\u00e1 garantido.<\/p>\n\n\n\n<p class=\"wp-block-paragraph\"><strong>\u25b6\ufe0f\u00a0Inscreva-se nos dois canais do GRANDE PR\u00caMIO no YouTube:\u00a0<a href=\"https:\/\/www.youtube.com\/channel\/UC9OlHEgxoaY6QY6nWPoiqQg?sub_confirmation=1\" target=\"_blank\" rel=\"noreferrer noopener\">GP<\/a>\u00a0|\u00a0<a href=\"https:\/\/www.youtube.com\/channel\/UC9csiS6q_C3C0FYhyr1rnFA?sub_confirmation=1\" target=\"_blank\" rel=\"noreferrer noopener\">GP2<\/a><\/strong><\/p>\n\n\n\n<figure class=\"wp-block-image size-large\"><img decoding=\"async\" src=\"https:\/\/www.grandepremio.com\/br\/wp-content\/uploads\/2021\/11\/GPF2-1024x682.jpg\" alt=\"\" class=\"wp-image-524469\"\/><figcaption>Fernando Alonso foi 12\u00ba na sprint race no Brasil (Foto: Alpine)<\/figcaption><\/figure>\n\n\n\n<p class=\"wp-block-paragraph\">&#8220;Eu acho que o formato \u00e9 feito para os f\u00e3s, para melhorar o espet\u00e1culo e atrair novos espectadores para o esporte. Ent\u00e3o acho que devemos perguntar a eles o que pensam. O que acham dos finais de semana, o que deu certo, o que falhou. E se mudarmos algo, eles decidem&#8221;, disse Alonso \u00e0 vers\u00e3o espanhol do site Motorsport.<\/p>\n\n\n\n<p class=\"wp-block-paragraph\">&#8220;Para as equipes, n\u00e3o foi pior e nem melhor, apenas diferente. Nos preparamos para o fim de semana de uma maneira diferente, mas acabou sendo igual para todo mundo. Logo, acho que devemos dar prioridade para os f\u00e3s. E eles nos dizem o que gostaram e tentaremos melhorar&#8221;, completou.<\/p>\n\n\n\n<p class=\"wp-block-paragraph\">Stefano Domenicali, diretor-executivo da F\u00f3rmula 1, comentou sobre a melhora do engajamento de f\u00e3s categoria no ano passado, com mais de 167 mil pessoas respondendo a um question\u00e1rio. Segundo o dirigente italiano, agora a F1 est\u00e1 atingindo um p\u00fablico mais jovem e as corridas sprint podem ajudar nessa adapta\u00e7\u00e3o.<\/p>\n\n\n\n<figure class=\"wp-block-video\"><video class=\"video-js vjs-big-play-centered\" data-gp-vjs=\"1\" controls src=\"https:\/\/www.grandepremio.com\/br\/wp-content\/uploads\/2022\/01\/frac-crash-start.mp4\"><\/video><figcaption>O assustador acidente na largada da F-Regional Asi\u00e1tica (V\u00eddeo: Reprodu\u00e7\u00e3o)<\/figcaption><\/figure>\n","protected":false},"excerpt":{"rendered":"<p>A F\u00f3rmula 1 pretende expandir o n\u00famero de corridas sprint para seis ao longo da temporada 2022, mas Fernando Alonso acredita que os espectadores devem definir o formato que mais os agrada<\/p>\n","protected":false},"author":0,"featured_media":1000526155,"comment_status":"closed","ping_status":"closed","sticky":false,"template":"","format":"standard","meta":{"42wp_featured_image_caption":"","42wp_featured_image_credits":"","42wp_featured_video":"","42wp_featured_image_hidden":false,"42wp_authors_list":[],"footnotes":""},"categories":[2],"tags":[20491,147,1357,176,24837,26841,29224],"42wp_author":[47135],"class_list":["post-115025","post","type-post","status-publish","format-standard","has-post-thumbnail","hentry","category-f1","tag-alpine","tag-f1","tag-f1-2022","tag-fernando-alonso","tag-formula-1-2","tag-formula-1-2022","tag-temporada-f1-2022","42wp_author-pedro-luis-cuenca"],"_links":{"self":[{"href":"https:\/\/grandepremio.com\/br\/wp-json\/wp\/v2\/posts\/115025","targetHints":{"allow":["GET"]}}],"collection":[{"href":"https:\/\/grandepremio.com\/br\/wp-json\/wp\/v2\/posts"}],"about":[{"href":"https:\/\/grandepremio.com\/br\/wp-json\/wp\/v2\/types\/post"}],"replies":[{"embeddable":true,"href":"https:\/\/grandepremio.com\/br\/wp-json\/wp\/v2\/comments?post=115025"}],"version-history":[{"count":0,"href":"https:\/\/grandepremio.com\/br\/wp-json\/wp\/v2\/posts\/115025\/revisions"}],"wp:featuredmedia":[{"embeddable":true,"href":"https:\/\/grandepremio.com\/br\/wp-json\/wp\/v2\/media\/1000526155"}],"wp:attachment":[{"href":"https:\/\/grandepremio.com\/br\/wp-json\/wp\/v2\/media?parent=115025"}],"wp:term":[{"taxonomy":"category","embeddable":true,"href":"https:\/\/grandepremio.com\/br\/wp-json\/wp\/v2\/categories?post=115025"},{"taxonomy":"post_tag","embeddable":true,"href":"https:\/\/grandepremio.com\/br\/wp-json\/wp\/v2\/tags?post=115025"},{"taxonomy":"42wp_author","embeddable":true,"href":"https:\/\/grandepremio.com\/br\/wp-json\/wp\/v2\/42wp_author?post=115025"}],"curies":[{"name":"wp","href":"https:\/\/api.w.org\/{rel}","templated":true}]}}