{"id":115046,"date":"2022-01-21T11:46:33","date_gmt":"2022-01-21T14:46:33","guid":{"rendered":"https:\/\/grandepremio.com\/br\/noticias\/organizacao-garante-gp-da-australia-de-acordo-com-lei-e-apenas-com-vacinados\/"},"modified":"2022-01-21T11:46:41","modified_gmt":"2022-01-21T14:46:41","slug":"organizacao-garante-gp-da-australia-de-acordo-com-lei-e-apenas-com-vacinados","status":"publish","type":"post","link":"https:\/\/grandepremio.com\/br\/f1\/organizacao-garante-gp-da-australia-de-acordo-com-lei-e-apenas-com-vacinados\/","title":{"rendered":"Organiza\u00e7\u00e3o garante GP da Austr\u00e1lia &#8220;de acordo com a lei&#8221; e apenas com vacinados"},"content":{"rendered":"\n<figure class=\"wp-block-embed is-type-video is-provider-youtube wp-block-embed-youtube wp-embed-aspect-16-9 wp-has-aspect-ratio\"><div class=\"wp-block-embed__wrapper\">\n<iframe loading=\"lazy\" title=\"VETTEL NO LUGAR DE HAMILTON: SERIA O MELHOR PARA MERCEDES NA F1?\" width=\"500\" height=\"281\" src=\"https:\/\/www.youtube.com\/embed\/GqsaM52G-q8?feature=oembed\" frameborder=\"0\" allow=\"accelerometer; autoplay; clipboard-write; encrypted-media; gyroscope; picture-in-picture; web-share\" referrerpolicy=\"strict-origin-when-cross-origin\" allowfullscreen><\/iframe>\n<\/div><figcaption>VETTEL NO LUGAR DE HAMILTON: SERIA O MELHOR PARA MERCEDES NA F1?<\/figcaption><\/figure>\n\n\n\n<p class=\"wp-block-paragraph\">Depois de dois anos ausente, o GP da Austr\u00e1lia volta ao calend\u00e1rio da F\u00f3rmula 1 em 2022. Afetada pela pandemia de Covid-19, a etapa em Melbourne ganhou holofotes nas \u00faltimas semanas ap\u00f3s a pol\u00eamica envolvendo o tenista Novak Djokovic, deportado do pa\u00eds ap\u00f3s n\u00e3o apresentar comprovante de vacina\u00e7\u00e3o para a disputa do Australian Open.<\/p>\n\n\n\n<p class=\"wp-block-paragraph\">A organiza\u00e7\u00e3o da prova australiana correu para garantir a realiza\u00e7\u00e3o do evento, o terceiro no calend\u00e1rio 2022 da F1, no dia 10 de abril. Depois do circo criado em torno da deporta\u00e7\u00e3o ou n\u00e3o de Djokovic, com diferentes vers\u00f5es e protocolos, os dirigentes e governantes locais se apressaram em definir melhor a situa\u00e7\u00e3o. De acordo com Andrew Westacott, organizador da corrida, apenas vacinados poder\u00e3o entrar no circuito.<\/p>\n\n\n\n<p class=\"wp-block-paragraph\">&#8220;Trabalhamos com o governo do estado de Victoria durante 2021 e neste in\u00edcio de 2022. E, claro, estivemos pr\u00f3ximos da F1. As regras s\u00e3o simples para entrada no pa\u00eds e ser\u00e3o tamb\u00e9m para opera\u00e7\u00e3o na F1. Para entrar no evento, vai precisar da vacina\u00e7\u00e3o completa, sem exce\u00e7\u00f5es para ningu\u00e9m&#8221;, disse Westacott ao site Autosport.<\/p>\n\n\n\n<figure class=\"wp-block-image size-large\"><img decoding=\"async\" src=\"https:\/\/www.grandepremio.com\/br\/wp-content\/uploads\/2021\/04\/167744788_10159032150089598_7572397304088188322_n-1024x1024.jpg\" alt=\"ALBERT PARK; MELBOURNE; REFORMAS;\" class=\"wp-image-460139\"\/><figcaption>Circuito de Albert Park passou por reformas para a etapa de 2022 (Foto: Australian Grand Prix)<\/figcaption><\/figure>\n\n\n\n<p class=\"wp-block-paragraph\"><strong>\u25b6\ufe0f&nbsp;Inscreva-se nos dois canais do GRANDE PR\u00caMIO no YouTube:&nbsp;<a href=\"https:\/\/www.youtube.com\/channel\/UC9OlHEgxoaY6QY6nWPoiqQg?sub_confirmation=1\" target=\"_blank\" rel=\"noreferrer noopener\">GP<\/a>&nbsp;|&nbsp;<a href=\"https:\/\/www.youtube.com\/channel\/UC9csiS6q_C3C0FYhyr1rnFA?sub_confirmation=1\" target=\"_blank\" rel=\"noreferrer noopener\">GP2<\/a><\/strong><\/p>\n\n\n\n<p class=\"wp-block-paragraph\">&#8220;A F1 viajou o mundo todo e sempre de acordo com as regras de cada local que correu. Eles correram em 41 locais desde Melbourne em 2020 e ser\u00e3o bem recebidos no pa\u00eds porque conhecem as normas e est\u00e3o confort\u00e1veis com isso. Vale dizer que ser\u00e1 um evento com 100% de vacinados e de acordo com a lei. Eles v\u00e3o vir para Melbourne sobre um regime seguro. Nossas determina\u00e7\u00f5es estavam prontas antes de tudo que aconteceu no Australian Open. Trabalhamos com o governo federal, estadual, F1 e FIA por mais de um ano&#8221;, completou.<\/p>\n\n\n\n<p class=\"wp-block-paragraph\">A \u00faltima visita da F1 a Melbourne foi ca\u00f3tica, para dizer o m\u00ednimo. No in\u00edcio da pandemia de Covid-19, a categoria chegou ao local cercada de incertezas sobre a realiza\u00e7\u00e3o ou n\u00e3o do evento, que acabou cancelado poucas horas antes do primeiro treino livre. Na \u00e9poca, diversos mec\u00e2nicos e dirigentes foram diagnosticados com a doen\u00e7a. Com isso, v\u00e1rios espectadores deram de cara com port\u00f5es fechados no Albert Park.<\/p>\n\n\n\n<p class=\"wp-block-paragraph\">&#8220;Os f\u00e3s podem estar seguros que n\u00e3o vai acontecer novamente. Estamos confiantes que vamos entragr [a corrida]. Vimos o que est\u00e1 acontecendo na Austr\u00e1lia, n\u00e3o consigo lembrar de um grande evento recente que foi cancelado. Pode gravar, n\u00e3o h\u00e1 chance de cancelamento&#8221;, pontuou.<\/p>\n\n\n\n<p class=\"wp-block-paragraph\">A Austr\u00e1lia v\u00ea uma alta nos casos de Covid-19 nas \u00faltimas semanas, com 48 mil diagnosticados em 24h, de acordo com a Organiza\u00e7\u00e3o Mundial de Sa\u00fade (OMS). Al\u00e9m disso, o pa\u00eds viu 86 mortes ontem, um recorde desde o in\u00edcio da pandemia.<\/p>\n","protected":false},"excerpt":{"rendered":"<p>O GP da Austr\u00e1lia volta ao calend\u00e1rio da F\u00f3rmula 1 ap\u00f3s dois anos ausente e espera n\u00e3o passar por pol\u00eamicas com atletas sem vacinas, como o tenista Novak Djokovic, recentemente deportado do pa\u00eds<\/p>\n","protected":false},"author":0,"featured_media":1000434633,"comment_status":"closed","ping_status":"closed","sticky":false,"template":"","format":"standard","meta":{"42wp_featured_image_caption":"","42wp_featured_image_credits":"","42wp_featured_video":"","42wp_featured_image_hidden":false,"42wp_authors_list":[],"footnotes":""},"categories":[2],"tags":[4346,24858,147,1357,24837,26841,25260,1757,29224,27078],"42wp_author":[47135],"class_list":["post-115046","post","type-post","status-publish","format-standard","has-post-thumbnail","hentry","category-f1","tag-albert-park","tag-covid-19","tag-f1","tag-f1-2022","tag-formula-1-2","tag-formula-1-2022","tag-gp-da-australia-2","tag-melbourne","tag-temporada-f1-2022","tag-vacina","42wp_author-pedro-luis-cuenca"],"_links":{"self":[{"href":"https:\/\/grandepremio.com\/br\/wp-json\/wp\/v2\/posts\/115046","targetHints":{"allow":["GET"]}}],"collection":[{"href":"https:\/\/grandepremio.com\/br\/wp-json\/wp\/v2\/posts"}],"about":[{"href":"https:\/\/grandepremio.com\/br\/wp-json\/wp\/v2\/types\/post"}],"replies":[{"embeddable":true,"href":"https:\/\/grandepremio.com\/br\/wp-json\/wp\/v2\/comments?post=115046"}],"version-history":[{"count":0,"href":"https:\/\/grandepremio.com\/br\/wp-json\/wp\/v2\/posts\/115046\/revisions"}],"wp:featuredmedia":[{"embeddable":true,"href":"https:\/\/grandepremio.com\/br\/wp-json\/wp\/v2\/media\/1000434633"}],"wp:attachment":[{"href":"https:\/\/grandepremio.com\/br\/wp-json\/wp\/v2\/media?parent=115046"}],"wp:term":[{"taxonomy":"category","embeddable":true,"href":"https:\/\/grandepremio.com\/br\/wp-json\/wp\/v2\/categories?post=115046"},{"taxonomy":"post_tag","embeddable":true,"href":"https:\/\/grandepremio.com\/br\/wp-json\/wp\/v2\/tags?post=115046"},{"taxonomy":"42wp_author","embeddable":true,"href":"https:\/\/grandepremio.com\/br\/wp-json\/wp\/v2\/42wp_author?post=115046"}],"curies":[{"name":"wp","href":"https:\/\/api.w.org\/{rel}","templated":true}]}}