{"id":115057,"date":"2022-01-20T11:38:40","date_gmt":"2022-01-20T14:38:40","guid":{"rendered":"https:\/\/grandepremio.com\/br\/noticias\/ricardo-zonta-anuncia-parceira-danilo-dirani-para-corrida-de-duplas-stock-car-2022\/"},"modified":"2022-01-20T11:38:49","modified_gmt":"2022-01-20T14:38:49","slug":"ricardo-zonta-anuncia-parceira-danilo-dirani-para-corrida-de-duplas-stock-car-2022","status":"publish","type":"post","link":"https:\/\/grandepremio.com\/br\/stock-car\/ricardo-zonta-anuncia-parceira-danilo-dirani-para-corrida-de-duplas-stock-car-2022\/","title":{"rendered":"Zonta anuncia parceria com Dirani para Corrida de Duplas da Stock Car 2022"},"content":{"rendered":"\n<figure class=\"wp-block-embed is-type-video is-provider-youtube wp-block-embed-youtube wp-embed-aspect-16-9 wp-has-aspect-ratio\"><div class=\"wp-block-embed__wrapper\">\n<iframe loading=\"lazy\" title=\"F1 COM MAIS TEMPO DE TREINO LIVRE EM 2022: QUE BURRICE!\" width=\"500\" height=\"281\" src=\"https:\/\/www.youtube.com\/embed\/P3HmQmgsQ3E?feature=oembed\" frameborder=\"0\" allow=\"accelerometer; autoplay; clipboard-write; encrypted-media; gyroscope; picture-in-picture; web-share\" referrerpolicy=\"strict-origin-when-cross-origin\" allowfullscreen><\/iframe>\n<\/div><figcaption>F1 COM MAIS TEMPO DE TREINO LIVRE EM 2022: QUE BURRICE!<\/figcaption><\/figure>\n\n\n\n<p class=\"wp-block-paragraph\">A Corrida de Duplas abre a temporada 2022 da Stock Car, no dia 13 de fevereiro, e vai ganhando forma com as parcerias sendo anunciadas. Nesta quinta-feira (20), foi a vez de Ricardo Zonta confirmar que vai dividir o carro #10 da RCM com Danilo Dirani.<\/p>\n\n\n\n<p class=\"wp-block-paragraph\">A dupla vai dividir o carro pela primeira vez. A corrida especial volta ao calend\u00e1rio depois de tr\u00eas anos e ser\u00e1 disputada em S\u00e3o Paulo, no Aut\u00f3dromo de Interlagos. Zonta comentou sobre a escolha do parceiro para a abertura do campeonato de 2022.<\/p>\n\n\n\n<p class=\"wp-block-paragraph\">&#8220;Numa prova t\u00e3o competitiva e com tantos grandes pilotos sendo confirmados, fico feliz de ter conseguido um parceiro do n\u00edvel do Danilo para abrir o campeonato&#8221;, disse Zonta.<\/p>\n\n\n\n<figure class=\"wp-block-image size-large\"><img decoding=\"async\" src=\"https:\/\/www.grandepremio.com\/br\/wp-content\/uploads\/2022\/01\/danilodirani-1024x682.jpg\" alt=\"\" class=\"wp-image-537014\"\/><figcaption>Danilo Dirani vai correr ao lado de Ricardo Zonta em Interlagos (Foto: Jos\u00e9 M\u00e1rio Dias)<\/figcaption><\/figure>\n\n\n\n<p class=\"wp-block-paragraph\"><strong>\u25b6\ufe0f\u00a0Inscreva-se nos dois canais do GRANDE PR\u00caMIO no YouTube:\u00a0<a href=\"https:\/\/www.youtube.com\/channel\/UC9OlHEgxoaY6QY6nWPoiqQg?sub_confirmation=1\" target=\"_blank\" rel=\"noreferrer noopener\">GP<\/a>\u00a0|\u00a0<a href=\"https:\/\/www.youtube.com\/channel\/UC9csiS6q_C3C0FYhyr1rnFA?sub_confirmation=1\" target=\"_blank\" rel=\"noreferrer noopener\">GP2<\/a><\/strong><\/p>\n\n\n\n<p class=\"wp-block-paragraph\">&#8220;Nos anos 2000, estivemos na F\u00f3rmula 1 e ainda pela mesma equipe, a BAR, mas em momentos distintos, separados por poucos anos. Estou muito confiante e penso que temos um conjunto muito forte para buscar a vit\u00f3ria&#8221;, completou o paranaense.<\/p>\n\n\n\n<p class=\"wp-block-paragraph\">Dirani atualmente cometeu na Copa Truck em tempo integral, mas mostrou-se feliz por retornar ao grid da Stock Car, mesmo que apenas por um fim de semana. &#8220;O Ricardo \u00e9 um cara que respeito muito dentro e fora das pistas, pelo que ele j\u00e1 fez em corridas e pela pessoa que \u00e9. Fiquei muito feliz com o convite dele, pois acredito que isso significa que ele tamb\u00e9m confia no meu potencial&#8221;, pontuou.<\/p>\n\n\n\n<p class=\"wp-block-paragraph\">&#8220;Vai ser super bacana estar com ele e equipe e espero poder ajud\u00e1-los a ter o melhor resultado no final de semana poss\u00edvel, assim como poder representar a Shell tamb\u00e9m na Stock Car, pois \u00e9 uma marca que tenho proximidade j\u00e1 h\u00e1 alguns anos&#8221;, seguiu Danilo.<\/p>\n","protected":false},"excerpt":{"rendered":"<p>O carro #10 da equipe RCM j\u00e1 tem sua dupla definida para a abertura da temporada 2022 da Stock Car, com Ricardo Zonta correndo ao lado do convidado Danilo Dirani<\/p>\n","protected":false},"author":0,"featured_media":1000537015,"comment_status":"closed","ping_status":"closed","sticky":false,"template":"","format":"standard","meta":{"42wp_featured_image_caption":"","42wp_featured_image_credits":"","42wp_featured_video":"","42wp_featured_image_hidden":false,"42wp_authors_list":[],"footnotes":""},"categories":[11],"tags":[74,446,395,529,69,29663],"42wp_author":[47135],"class_list":["post-115057","post","type-post","status-publish","format-standard","has-post-thumbnail","hentry","category-stock-car","tag-corrida-duplas","tag-danilo-dirani","tag-rcm","tag-ricardo-zonta","tag-stock-car","tag-stock-car-2022","42wp_author-pedro-luis-cuenca"],"_links":{"self":[{"href":"https:\/\/grandepremio.com\/br\/wp-json\/wp\/v2\/posts\/115057","targetHints":{"allow":["GET"]}}],"collection":[{"href":"https:\/\/grandepremio.com\/br\/wp-json\/wp\/v2\/posts"}],"about":[{"href":"https:\/\/grandepremio.com\/br\/wp-json\/wp\/v2\/types\/post"}],"replies":[{"embeddable":true,"href":"https:\/\/grandepremio.com\/br\/wp-json\/wp\/v2\/comments?post=115057"}],"version-history":[{"count":0,"href":"https:\/\/grandepremio.com\/br\/wp-json\/wp\/v2\/posts\/115057\/revisions"}],"wp:featuredmedia":[{"embeddable":true,"href":"https:\/\/grandepremio.com\/br\/wp-json\/wp\/v2\/media\/1000537015"}],"wp:attachment":[{"href":"https:\/\/grandepremio.com\/br\/wp-json\/wp\/v2\/media?parent=115057"}],"wp:term":[{"taxonomy":"category","embeddable":true,"href":"https:\/\/grandepremio.com\/br\/wp-json\/wp\/v2\/categories?post=115057"},{"taxonomy":"post_tag","embeddable":true,"href":"https:\/\/grandepremio.com\/br\/wp-json\/wp\/v2\/tags?post=115057"},{"taxonomy":"42wp_author","embeddable":true,"href":"https:\/\/grandepremio.com\/br\/wp-json\/wp\/v2\/42wp_author?post=115057"}],"curies":[{"name":"wp","href":"https:\/\/api.w.org\/{rel}","templated":true}]}}