{"id":115083,"date":"2022-01-19T04:00:00","date_gmt":"2022-01-19T07:00:00","guid":{"rendered":"https:\/\/grandepremio.com\/br\/noticias\/pato-oward-critica-ridiculo-sistema-de-pontos-para-obtencao-da-superlicenca-na-formula-1\/"},"modified":"2022-01-18T16:03:52","modified_gmt":"2022-01-18T19:03:52","slug":"pato-oward-critica-ridiculo-sistema-de-pontos-para-obtencao-da-superlicenca-na-formula-1","status":"publish","type":"post","link":"https:\/\/grandepremio.com\/br\/indy\/pato-oward-critica-ridiculo-sistema-de-pontos-para-obtencao-da-superlicenca-na-formula-1\/","title":{"rendered":"O&#8217;Ward critica &#8220;rid\u00edculo&#8221; sistema de pontos para obten\u00e7\u00e3o da superlicen\u00e7a na F\u00f3rmula 1"},"content":{"rendered":"\n<figure class=\"wp-block-embed is-type-video is-provider-youtube wp-block-embed-youtube wp-embed-aspect-16-9 wp-has-aspect-ratio\"><div class=\"wp-block-embed__wrapper\">\n<iframe loading=\"lazy\" title=\"E SE HAMILTON DEIXAR A F1, QUAIS SERIAM AS CONSEQU\u00caNCIAS?\" width=\"500\" height=\"281\" src=\"https:\/\/www.youtube.com\/embed\/wZNPNMJl8jU?feature=oembed\" frameborder=\"0\" allow=\"accelerometer; autoplay; clipboard-write; encrypted-media; gyroscope; picture-in-picture; web-share\" referrerpolicy=\"strict-origin-when-cross-origin\" allowfullscreen><\/iframe>\n<\/div><figcaption>E SE HAMILTON DEIXAR A F1, QUAIS SERIAM AS CONSEQU\u00caNCIAS?<\/figcaption><\/figure>\n\n\n\n<p class=\"wp-block-paragraph\">Terceiro colocado na classifica\u00e7\u00e3o final da Indy em 2021, Pato O&#8217;Ward lamentou o m\u00e9todo de contagem de pontos na super-licen\u00e7a para a participa\u00e7\u00e3o na F1 \u2014 em que os postulantes \u00e0 vaga precisam somar 40 pontos. O piloto da McLaren j\u00e1 expressou publicamente em algumas ocasi\u00f5es o sonho de estar presente no grid da maior categoria do automobilismo <a href=\"https:\/\/www.grandepremio.com\/br\/f1\/noticias\/pato-oward-destaca-loucura-multiplicada-por-10-em-carro-da-f1-nada-chega-perto-disso\/\" target=\"_blank\" rel=\"noreferrer noopener\">e j\u00e1 at\u00e9 participou de testes pela equipe de Woking em Abu Dhabi<\/a>, mas isso n\u00e3o o impediu de criticar o crit\u00e9rio de participa\u00e7\u00e3o.<\/p>\n\n\n\n<p class=\"wp-block-paragraph\">&#8220;Para mim, \u00e9 rid\u00edculo que algu\u00e9m que tenha sido quarto e terceiro colocado na Indy n\u00e3o ganhe 40 pontos na super-licen\u00e7a, acho que v\u00e1rios pilotos concordam comigo&#8221;, explicou. &#8220;Pelo que sei, o quarto lugar daria dez pontos, o terceiro daria 20, ent\u00e3o acredito que esteja com 30 pontos na super-licen\u00e7a&#8221;, disse.<\/p>\n\n\n\n<p class=\"wp-block-paragraph\">Para que consigam pilotar na F1, os pilotos precisam somar 40 pontos ao longo de tr\u00eas temporadas em suas superlicen\u00e7as \u2014 exatamente a pontua\u00e7\u00e3o recebida pelo campe\u00e3o da Indy, que em 2021 foi \u00c0lex Palou, da Ganassi. Conforme pontuado por O&#8217;Ward, o vice-campe\u00e3o fica com 30, e o terceiro soma 20.<\/p>\n\n\n\n<figure class=\"wp-block-image size-large\"><img decoding=\"async\" src=\"https:\/\/www.grandepremio.com\/br\/wp-content\/uploads\/2021\/12\/FGi2pJaXIAED9wG-1024x683.jpg\" alt=\"PATO O'WARD; PATO; O'WARD; MCLAREN; F\u00d3RMULA 1;\" class=\"wp-image-532475\"\/><figcaption>Pato O&#8217;Ward chegou a participar do dia de testes em Abu Dhabi pela McLaren na F1 (Foto: McLaren)<\/figcaption><\/figure>\n\n\n\n<p class=\"wp-block-paragraph\">Do terceiro colocado para baixo, entretanto, a pontua\u00e7\u00e3o distribu\u00edda aos competidores \u00e9 a mesma das posi\u00e7\u00f5es correspondentes na F\u00f3rmula 3, por exemplo \u2014 e bem menor do que na F2, em que todos os tr\u00eas primeiros recebem 40 pontos.<\/p>\n\n\n\n<p class=\"wp-block-paragraph\">&#8220;Eu realmente n\u00e3o me estressei com isso&#8221;, continuou. &#8220;Porque por mais que eu diga &#8216;talvez voc\u00ea consiga alguns pontos ali, outros pontos aqui&#8217;, no final do dia voc\u00ea precisa deixar para as pessoas que querem dar [o lugar] para voc\u00ea. Se n\u00e3o quiserem, ent\u00e3o sinto muito, voc\u00ea precisa de um novo ano e mais dez pontos, eu acho&#8221;, complementou.<\/p>\n\n\n\n<p class=\"wp-block-paragraph\">Apesar de dizer que &#8220;estaria mentindo se dissesse que n\u00e3o pensa na F1&#8221;, o mexicano O&#8217;Ward garantiu que todo seu foco no momento est\u00e1 voltado para a conquista do t\u00edtulo da Indy pela McLaren \u2014 o que seria um feito in\u00e9dito.<\/p>\n\n\n\n<figure class=\"wp-block-image size-large\"><img decoding=\"async\" src=\"https:\/\/www.grandepremio.com\/br\/wp-content\/uploads\/2020\/05\/E3yQydxWQAcv52_-1024x576.jpg\" alt=\"PATO O'WARD; MCLAREN; INDY; INDYCAR; DETROIT; DETROIT 2;\" class=\"wp-image-482572\"\/><figcaption>Pato O&#8217;Ward festeja vit\u00f3ria em Detroit com o tradicional banho na fonte (Foto: Arrow McLaren SP)<\/figcaption><\/figure>\n\n\n\n<p class=\"wp-block-paragraph\"><strong>\u25b6\ufe0f\u00a0Inscreva-se nos dois canais do GRANDE PR\u00caMIO no YouTube:\u00a0<a href=\"https:\/\/www.youtube.com\/channel\/UC9OlHEgxoaY6QY6nWPoiqQg?sub_confirmation=1\" target=\"_blank\" rel=\"noreferrer noopener\">GP<\/a>\u00a0|\u00a0<a href=\"https:\/\/www.youtube.com\/channel\/UC9csiS6q_C3C0FYhyr1rnFA?sub_confirmation=1\" target=\"_blank\" rel=\"noreferrer noopener\">GP2<\/a><\/strong><\/p>\n\n\n\n<p class=\"wp-block-paragraph\">&#8220;Quem sabe se a F1 ser\u00e1 uma op\u00e7\u00e3o ou n\u00e3o?&#8221;, questionou Pato. &#8220;Claro que se acontecer, eu entraria 100% e qualquer outro piloto na minha posi\u00e7\u00e3o o faria porque \u00e9 a F1. Foi o que eu cresci assistindo e sonhando sobre. Esse sonho de crian\u00e7a nunca some&#8221;, ressaltou.<\/p>\n\n\n\n<p class=\"wp-block-paragraph\">&#8220;Agora, como eu disse, tenho um desafio aqui e quero que as pessoas gostem de mim na Indy&#8221;, disse. &#8220;Quero que saibam o que a Indy tem a oferecer, quero que aproveitem minha pilotagem na Indy, a corrida. Eu direi quando for para a F1 se algum dia acontecer, mas por agora me curtam na Indy&#8221;, encerrou.<\/p>\n","protected":false},"excerpt":{"rendered":"<p>Pato O&#8217;Ward criticou a distribui\u00e7\u00e3o dos pontos para a super-licen\u00e7a da F\u00f3rmula 1 aos pilotos da Indy e disse que prefere pensar em um t\u00edtulo na McLaren a uma poss\u00edvel ida \u00e0 categoria<\/p>\n","protected":false},"author":0,"featured_media":1000532997,"comment_status":"closed","ping_status":"closed","sticky":false,"template":"","format":"standard","meta":{"42wp_featured_image_caption":"","42wp_featured_image_credits":"","42wp_featured_video":"","42wp_featured_image_hidden":false,"42wp_authors_list":[],"footnotes":""},"categories":[3],"tags":[147,156,1357,1008,24837,619,24836,28285,93,94,90,99],"42wp_author":[47142],"class_list":["post-115083","post","type-post","status-publish","format-standard","has-post-thumbnail","hentry","category-indy","tag-f1","tag-f1-2021","tag-f1-2022","tag-f3","tag-formula-1-2","tag-formula-indy","tag-grande-premio-2","tag-grandepremio","tag-indy","tag-indycar","tag-mclaren","tag-pato-oward","42wp_author-jp-nascimento"],"_links":{"self":[{"href":"https:\/\/grandepremio.com\/br\/wp-json\/wp\/v2\/posts\/115083","targetHints":{"allow":["GET"]}}],"collection":[{"href":"https:\/\/grandepremio.com\/br\/wp-json\/wp\/v2\/posts"}],"about":[{"href":"https:\/\/grandepremio.com\/br\/wp-json\/wp\/v2\/types\/post"}],"replies":[{"embeddable":true,"href":"https:\/\/grandepremio.com\/br\/wp-json\/wp\/v2\/comments?post=115083"}],"version-history":[{"count":0,"href":"https:\/\/grandepremio.com\/br\/wp-json\/wp\/v2\/posts\/115083\/revisions"}],"wp:featuredmedia":[{"embeddable":true,"href":"https:\/\/grandepremio.com\/br\/wp-json\/wp\/v2\/media\/1000532997"}],"wp:attachment":[{"href":"https:\/\/grandepremio.com\/br\/wp-json\/wp\/v2\/media?parent=115083"}],"wp:term":[{"taxonomy":"category","embeddable":true,"href":"https:\/\/grandepremio.com\/br\/wp-json\/wp\/v2\/categories?post=115083"},{"taxonomy":"post_tag","embeddable":true,"href":"https:\/\/grandepremio.com\/br\/wp-json\/wp\/v2\/tags?post=115083"},{"taxonomy":"42wp_author","embeddable":true,"href":"https:\/\/grandepremio.com\/br\/wp-json\/wp\/v2\/42wp_author?post=115083"}],"curies":[{"name":"wp","href":"https:\/\/api.w.org\/{rel}","templated":true}]}}