{"id":115118,"date":"2022-01-16T09:28:07","date_gmt":"2022-01-16T12:28:07","guid":{"rendered":"https:\/\/grandepremio.com\/br\/noticias\/f1-decide-realizar-testes-coletivos-barcelona-sem-publico-conta-covid-19\/"},"modified":"2022-01-16T09:28:15","modified_gmt":"2022-01-16T12:28:15","slug":"f1-decide-realizar-testes-coletivos-barcelona-sem-publico-conta-covid-19","status":"publish","type":"post","link":"https:\/\/grandepremio.com\/br\/f1\/f1-decide-realizar-testes-coletivos-barcelona-sem-publico-conta-covid-19\/","title":{"rendered":"F1 decide realizar testes coletivos de Barcelona sem p\u00fablico por conta da Covid-19"},"content":{"rendered":"\n<figure class=\"wp-block-embed is-type-video is-provider-youtube wp-block-embed-youtube wp-embed-aspect-16-9 wp-has-aspect-ratio\"><div class=\"wp-block-embed__wrapper\">\n<iframe loading=\"lazy\" title=\"O QUE F1 RESERVA COM REVOLU\u00c7\u00c3O NAS REGRAS DE 2022?\" width=\"500\" height=\"281\" src=\"https:\/\/www.youtube.com\/embed\/06KoDrNRMBI?feature=oembed\" frameborder=\"0\" allow=\"accelerometer; autoplay; clipboard-write; encrypted-media; gyroscope; picture-in-picture; web-share\" referrerpolicy=\"strict-origin-when-cross-origin\" allowfullscreen><\/iframe>\n<\/div><figcaption>O QUE F1 RESERVA COM REVOLU\u00c7\u00c3O NAS REGRAS DE 2022?<\/figcaption><\/figure>\n\n\n\n<p class=\"wp-block-paragraph\">A primeira apari\u00e7\u00e3o oficial da nova gera\u00e7\u00e3o de carros da F\u00f3rmula 1 est\u00e1 marcada para a sess\u00e3o de testes coletivos de Barcelona, que abre a pr\u00e9-temporada, entre os dias 23 e 25 de fevereiro. A F1 definiu, contudo, que o Circuito da Catalunha ter\u00e1 port\u00f5es fechados nos dias de atividade. O motivo \u00e9 o crescimento recente da taxa de cont\u00e1gio da Covid-19.<\/p>\n\n\n\n<p class=\"wp-block-paragraph\">A defini\u00e7\u00e3o sobre a aus\u00eancia de p\u00fablico vem na rebarba da variante \u00d4micron da Covid-19 se espalhar como dominante no mundo e aumentar novamente o n\u00famero de casos. Nas duas \u00faltimas semanas, na Espanha, o n\u00famero de novos casos subiu est\u00e1 em uma m\u00e9dia de 100.000 por dia. A informa\u00e7\u00e3o sobre o fechamento para o p\u00fablico foi dada inicialmente pela vers\u00e3o holandesa do site Motorsport.com.<\/p>\n\n\n\n<p class=\"wp-block-paragraph\"><strong>\u25b6\ufe0f\u00a0Inscreva-se nos dois canais do GRANDE PR\u00caMIO no YouTube:\u00a0<\/strong><a href=\"https:\/\/www.youtube.com\/channel\/UC9OlHEgxoaY6QY6nWPoiqQg?sub_confirmation=1\" target=\"_blank\" rel=\"noreferrer noopener\">GP<\/a><strong>\u00a0|\u00a0<\/strong><a href=\"https:\/\/www.youtube.com\/channel\/UC9csiS6q_C3C0FYhyr1rnFA?sub_confirmation=1\" target=\"_blank\" rel=\"noreferrer noopener\">GP2<\/a><\/p>\n\n\n\n<figure class=\"wp-block-image size-large\"><img decoding=\"async\" src=\"https:\/\/www.grandepremio.com\/br\/wp-content\/uploads\/2021\/06\/09_2020_GP09_MG_0533_AMBIENCE-1024x683.jpg\" alt=\"\" class=\"wp-image-479480\"\/><figcaption>Barcelona \u00e9 onde os novos carros da F1 far\u00e3o estreia nas pistas (Foto: LCR)<\/figcaption><\/figure>\n\n\n\n<p class=\"wp-block-paragraph\"><strong>Conhe\u00e7a o canal do Grande Pr\u00eamio no YouTube! Clique\u00a0<a target=\"_blank\" href=\"https:\/\/youtube.com\/GrandePremioTV\" rel=\"noreferrer noopener\">aqui<\/a>.<\/strong><br><strong>Siga o Grande Pr\u00eamio no\u00a0<a target=\"_blank\" href=\"https:\/\/twitter.com\/grandepremio\" rel=\"noreferrer noopener\">Twitter\u00a0<\/a>e no\u00a0<a target=\"_blank\" href=\"https:\/\/instagram.com\/grandepremio\" rel=\"noreferrer noopener\">Instagram<\/a><\/strong><br><strong><a href=\"https:\/\/www.grandepremio.com\/br\/f1\/noticias\/fia-anuncia-passo-passo-investigacao-gp-abu-dhabi-cita-novo-michael-masi\/\">FIA anuncia passo a passo da investiga\u00e7\u00e3o<\/a> sobre GP de Abu Dhabi e j\u00e1 cita &#8216;novo Masi&#8217;<\/strong><\/p>\n\n\n\n<p class=\"wp-block-paragraph\">Na realidade, ser\u00e1 bastante dif\u00edcil assistir a sess\u00e3o catal\u00e3 dos testes de qualquer maneira. Os planos de m\u00eddia da F1 s\u00e3o de deixar a imprensa escrita ter a prioridade na cobertura dos primeiros testes e fazer apenas v\u00eddeos de melhores momentos para cada dia. Apenas na sess\u00e3o posterior, no Bahrein, haver\u00e1 transmiss\u00e3o ao vivo, como foi no ano passado.<\/p>\n\n\n\n<p class=\"wp-block-paragraph\">Desta forma, \u00e9 poss\u00edvel que os f\u00e3s s\u00f3 consigam realmente ver os novos carros na pista a partir dos dias 11 a 13 de mar\u00e7o, em Sakhir, com transmiss\u00e3o da F1 TV. Ainda n\u00e3o h\u00e1 defini\u00e7\u00e3o sobre a participa\u00e7\u00e3o de p\u00fablico no Bahrein.<\/p>\n\n\n\n<p class=\"wp-block-paragraph\">Ainda em terras barenitas, como no ano passado, a F\u00f3rmula 1 abre a temporada no fim de semana de 20 de mar\u00e7o.<\/p>\n\n\n\n<figure class=\"wp-block-embed is-type-video is-provider-youtube wp-block-embed-youtube wp-embed-aspect-16-9 wp-has-aspect-ratio\"><div class=\"wp-block-embed__wrapper\">\n<iframe loading=\"lazy\" title=\"ALONSO TRAVA O LUGAR DE NOVATOS NA F\u00d3RMULA 1?\" width=\"500\" height=\"281\" src=\"https:\/\/www.youtube.com\/embed\/8lNOTA8PaaM?feature=oembed\" frameborder=\"0\" allow=\"accelerometer; autoplay; clipboard-write; encrypted-media; gyroscope; picture-in-picture; web-share\" referrerpolicy=\"strict-origin-when-cross-origin\" allowfullscreen><\/iframe>\n<\/div><figcaption>ALONSO TRAVA O LUGAR DE NOVATOS NA F\u00d3RMULA 1?<\/figcaption><\/figure>\n","protected":false},"excerpt":{"rendered":"<p>Com crescimento da taxa de cont\u00e1gio ap\u00f3s a chegada da variante \u00d4micron, F\u00f3rmula 1 definiu por impedir a entrada de torcida<\/p>\n","protected":false},"author":0,"featured_media":1000471392,"comment_status":"closed","ping_status":"closed","sticky":false,"template":"","format":"standard","meta":{"42wp_featured_image_caption":"","42wp_featured_image_credits":"","42wp_featured_video":"","42wp_featured_image_hidden":false,"42wp_authors_list":[],"footnotes":""},"categories":[2],"tags":[1357,26841,24836,28288,30588,1881],"42wp_author":[47120],"class_list":["post-115118","post","type-post","status-publish","format-standard","has-post-thumbnail","hentry","category-f1","tag-f1-2022","tag-formula-1-2022","tag-grande-premio-2","tag-grandepremio-2","tag-testes-barcelona","tag-testes-coletivos","42wp_author-pedro-henrique-marum"],"_links":{"self":[{"href":"https:\/\/grandepremio.com\/br\/wp-json\/wp\/v2\/posts\/115118","targetHints":{"allow":["GET"]}}],"collection":[{"href":"https:\/\/grandepremio.com\/br\/wp-json\/wp\/v2\/posts"}],"about":[{"href":"https:\/\/grandepremio.com\/br\/wp-json\/wp\/v2\/types\/post"}],"replies":[{"embeddable":true,"href":"https:\/\/grandepremio.com\/br\/wp-json\/wp\/v2\/comments?post=115118"}],"version-history":[{"count":0,"href":"https:\/\/grandepremio.com\/br\/wp-json\/wp\/v2\/posts\/115118\/revisions"}],"wp:featuredmedia":[{"embeddable":true,"href":"https:\/\/grandepremio.com\/br\/wp-json\/wp\/v2\/media\/1000471392"}],"wp:attachment":[{"href":"https:\/\/grandepremio.com\/br\/wp-json\/wp\/v2\/media?parent=115118"}],"wp:term":[{"taxonomy":"category","embeddable":true,"href":"https:\/\/grandepremio.com\/br\/wp-json\/wp\/v2\/categories?post=115118"},{"taxonomy":"post_tag","embeddable":true,"href":"https:\/\/grandepremio.com\/br\/wp-json\/wp\/v2\/tags?post=115118"},{"taxonomy":"42wp_author","embeddable":true,"href":"https:\/\/grandepremio.com\/br\/wp-json\/wp\/v2\/42wp_author?post=115118"}],"curies":[{"name":"wp","href":"https:\/\/api.w.org\/{rel}","templated":true}]}}