{"id":115131,"date":"2022-01-14T16:02:59","date_gmt":"2022-01-14T19:02:59","guid":{"rendered":"https:\/\/grandepremio.com\/br\/noticias\/juan-manuel-correa-renova-art-permanece-grid-f3-2022\/"},"modified":"2022-01-14T16:03:07","modified_gmt":"2022-01-14T19:03:07","slug":"juan-manuel-correa-renova-art-permanece-grid-f3-2022","status":"publish","type":"post","link":"https:\/\/grandepremio.com\/br\/f3\/juan-manuel-correa-renova-art-permanece-grid-f3-2022\/","title":{"rendered":"Correa renova com ART e permanece no grid da F\u00f3rmula 3 para temporada 2022"},"content":{"rendered":"\n<figure class=\"wp-block-embed is-type-video is-provider-youtube wp-block-embed-youtube wp-embed-aspect-16-9 wp-has-aspect-ratio\"><div class=\"wp-block-embed__wrapper\">\n<iframe loading=\"lazy\" title=\"CAIU MICHAEL MASI. E AGORA, HAMILTON CORRE NA F1 2022?\" width=\"500\" height=\"281\" src=\"https:\/\/www.youtube.com\/embed\/-bILxEAqklo?feature=oembed\" frameborder=\"0\" allow=\"accelerometer; autoplay; clipboard-write; encrypted-media; gyroscope; picture-in-picture; web-share\" referrerpolicy=\"strict-origin-when-cross-origin\" allowfullscreen><\/iframe>\n<\/div><figcaption>MICHAEL MASI CAIU! E AGORA, HAMILTON FICA NA F1?<\/figcaption><\/figure>\n\n\n\n<p class=\"wp-block-paragraph\">A retomada da carreira de Juan Manuel Correa vai seguir na temporada 2022. O piloto estadunidense de origem equatoriana renovou o contrato com a ART e vai seguir na F\u00f3rmula 3 pelo segundo ano desde que voltou a correr. Aos 22 anos de idade, aparece como um dos principais nomes do grid da categoria que faz parte da escadaria da F1.<\/p>\n\n\n\n<p class=\"wp-block-paragraph\"><strong>\u25b6\ufe0f\u00a0Inscreva-se nos dois canais do GRANDE PR\u00caMIO no YouTube:\u00a0<\/strong><a href=\"https:\/\/www.youtube.com\/channel\/UC9OlHEgxoaY6QY6nWPoiqQg?sub_confirmation=1\" target=\"_blank\" rel=\"noreferrer noopener\">GP<\/a><strong>\u00a0|\u00a0<\/strong><a href=\"https:\/\/www.youtube.com\/channel\/UC9csiS6q_C3C0FYhyr1rnFA?sub_confirmation=1\" target=\"_blank\" rel=\"noreferrer noopener\">GP2<\/a><\/p>\n\n\n\n<p class=\"wp-block-paragraph\">Correa, claro, esteve envolvido no grav\u00edssimo acidente que terminou na morte de Anthoine Hubert em corrida da F\u00f3rmula 2 na B\u00e9lgica, em 2019. Apesar de sobreviver, as les\u00f5es nas pernas foram s\u00e9rias e tiraram o piloto de circula\u00e7\u00e3o por mais de um ano.<\/p>\n\n\n\n<p class=\"wp-block-paragraph\">Em 2021, Correa conseguiu cinco finais no top-10 e marcou 11 pontos. O 21\u00ba lugar foi bem modesto, sobretudo visto que os companheiros ficaram no top-6, mas foi o retorno ap\u00f3s longa aus\u00eancia.<\/p>\n\n\n\n<figure class=\"wp-block-image size-large\"><img decoding=\"async\" src=\"https:\/\/www.grandepremio.com\/br\/wp-content\/uploads\/2021\/02\/PRESENTATION-siteCORREA-1-min-1024x683.jpg\" alt=\"\" class=\"wp-image-447956\"\/><figcaption>Juan Manuel Correa volta \u00e0s pistas em 2021 pela ART (Foto: ART Grand Prix)<\/figcaption><\/figure>\n\n\n\n<p class=\"wp-block-paragraph\">Antes da les\u00e3o, em 2019, Correa era afiliado e piloto de desenvolvimento da Sauber na F1 e estava na F2 pela Charouz. At\u00e9 o acidente, conseguira dois p\u00f3dios e fazia temporada interessante. Mesmo sem conseguir correr oito das 24 corridas da temporada, ainda terminou na 13\u00aa posi\u00e7\u00e3o. Antes disso, esteve na GP3, a precursora da F3, onde fez campanhas medianas.<\/p>\n\n\n\n<p class=\"wp-block-paragraph\">A inten\u00e7\u00e3o de Correa era subir de volta \u00e0 F2 em 2022, mas, no fim das contas, permaneceu na ART e na categoria. A temporada 2022 da F3 come\u00e7a no fim de semana de 18-20 de mar\u00e7o, no Bahrein.<\/p>\n\n\n\n<p class=\"wp-block-paragraph\"><strong>Conhe\u00e7a o canal do Grande Pr\u00eamio no YouTube! Clique\u00a0<a target=\"_blank\" href=\"https:\/\/youtube.com\/GrandePremioTV\" rel=\"noreferrer noopener\">aqui<\/a>.<\/strong><br><strong>Siga o Grande Pr\u00eamio no\u00a0<a target=\"_blank\" href=\"https:\/\/twitter.com\/grandepremio\" rel=\"noreferrer noopener\">Twitter\u00a0<\/a>e no\u00a0<a target=\"_blank\" href=\"https:\/\/instagram.com\/grandepremio\" rel=\"noreferrer noopener\">Instagram<\/a><\/strong><br><strong><a href=\"https:\/\/www.grandepremio.com\/br\/f1\/noticias\/fia-anuncia-passo-passo-investigacao-gp-abu-dhabi-cita-novo-michael-masi\/\">FIA anuncia passo a passo da investiga\u00e7\u00e3o<\/a> sobre GP de Abu Dhabi e j\u00e1 cita &#8216;novo Masi&#8217;<\/strong><\/p>\n\n\n\n<figure class=\"wp-block-embed is-type-video is-provider-youtube wp-block-embed-youtube wp-embed-aspect-16-9 wp-has-aspect-ratio\"><div class=\"wp-block-embed__wrapper\">\n<iframe loading=\"lazy\" title=\"OS PILOTOS QUE METERAM BEDELHO ONDE N\u00c3O FORAM CHAMADOS\" width=\"500\" height=\"281\" src=\"https:\/\/www.youtube.com\/embed\/x8L1_tu7Lh4?feature=oembed\" frameborder=\"0\" allow=\"accelerometer; autoplay; clipboard-write; encrypted-media; gyroscope; picture-in-picture; web-share\" referrerpolicy=\"strict-origin-when-cross-origin\" allowfullscreen><\/iframe>\n<\/div><figcaption>OS PILOTOS QUE METERAM BEDELHO ONDE N\u00c3O FORAM CHAMADOS<\/figcaption><\/figure>\n","protected":false},"excerpt":{"rendered":"<p>Um ano ap\u00f3s retornar ao cen\u00e1rio da F\u00f3rmula 1 depois de longo afastamento por acidente que resultou na morte de Hubert, Correa segue na F3<\/p>\n","protected":false},"author":0,"featured_media":1000460989,"comment_status":"closed","ping_status":"closed","sticky":false,"template":"","format":"standard","meta":{"42wp_featured_image_caption":"","42wp_featured_image_credits":"","42wp_featured_video":"","42wp_featured_image_hidden":false,"42wp_authors_list":[],"footnotes":""},"categories":[10],"tags":[106,6086,29657,29653,107],"42wp_author":[47120],"class_list":["post-115131","post","type-post","status-publish","format-standard","has-post-thumbnail","hentry","category-f3","tag-anthoine-hubert","tag-art","tag-f3-2022","tag-formula-3-2022","tag-juan-manuel-correa","42wp_author-pedro-henrique-marum"],"_links":{"self":[{"href":"https:\/\/grandepremio.com\/br\/wp-json\/wp\/v2\/posts\/115131","targetHints":{"allow":["GET"]}}],"collection":[{"href":"https:\/\/grandepremio.com\/br\/wp-json\/wp\/v2\/posts"}],"about":[{"href":"https:\/\/grandepremio.com\/br\/wp-json\/wp\/v2\/types\/post"}],"replies":[{"embeddable":true,"href":"https:\/\/grandepremio.com\/br\/wp-json\/wp\/v2\/comments?post=115131"}],"version-history":[{"count":0,"href":"https:\/\/grandepremio.com\/br\/wp-json\/wp\/v2\/posts\/115131\/revisions"}],"wp:featuredmedia":[{"embeddable":true,"href":"https:\/\/grandepremio.com\/br\/wp-json\/wp\/v2\/media\/1000460989"}],"wp:attachment":[{"href":"https:\/\/grandepremio.com\/br\/wp-json\/wp\/v2\/media?parent=115131"}],"wp:term":[{"taxonomy":"category","embeddable":true,"href":"https:\/\/grandepremio.com\/br\/wp-json\/wp\/v2\/categories?post=115131"},{"taxonomy":"post_tag","embeddable":true,"href":"https:\/\/grandepremio.com\/br\/wp-json\/wp\/v2\/tags?post=115131"},{"taxonomy":"42wp_author","embeddable":true,"href":"https:\/\/grandepremio.com\/br\/wp-json\/wp\/v2\/42wp_author?post=115131"}],"curies":[{"name":"wp","href":"https:\/\/api.w.org\/{rel}","templated":true}]}}