{"id":115133,"date":"2022-01-14T13:37:20","date_gmt":"2022-01-14T16:37:20","guid":{"rendered":"https:\/\/grandepremio.com\/br\/noticias\/sem-brasileiros-e-poucas-mudancas-red-bull-junior-team-define-pilotos-para-2022\/"},"modified":"2022-01-14T13:45:21","modified_gmt":"2022-01-14T16:45:21","slug":"sem-brasileiros-e-poucas-mudancas-red-bull-junior-team-define-pilotos-para-2022","status":"publish","type":"post","link":"https:\/\/grandepremio.com\/br\/f2\/sem-brasileiros-e-poucas-mudancas-red-bull-junior-team-define-pilotos-para-2022\/","title":{"rendered":"Sem brasileiros e poucas mudan\u00e7as: Red Bull Junior Team define pilotos para 2022"},"content":{"rendered":"\n<figure class=\"wp-block-embed is-type-video is-provider-youtube wp-block-embed-youtube wp-embed-aspect-16-9 wp-has-aspect-ratio\"><div class=\"wp-block-embed__wrapper\">\n<iframe loading=\"lazy\" title=\"A F1 AL\u00c9M DAS CORRIDAS: O MELHOR E PIOR FORA DAS PISTAS EM 2021\" width=\"500\" height=\"281\" src=\"https:\/\/www.youtube.com\/embed\/gjWAXav6lSU?feature=oembed\" frameborder=\"0\" allow=\"accelerometer; autoplay; clipboard-write; encrypted-media; gyroscope; picture-in-picture; web-share\" referrerpolicy=\"strict-origin-when-cross-origin\" allowfullscreen><\/iframe>\n<\/div><figcaption>A F1 AL\u00c9M DAS CORRIDAS: O MELHOR E PIOR FORA DAS PISTAS EM 2021<\/figcaption><\/figure>\n\n\n\n<p class=\"wp-block-paragraph\">Academia reveladora de grandes talentos da F\u00f3rmula 1 como os campe\u00f5es mundiais Sebastian Vettel e Max Verstappen, o Red Bull Junior Team anunciou oficialmente nesta sexta-feira (14) os destinos de seus pilotos nas F\u00f3rmulas 2 e 3, categorias de base para a entrada na F1. J\u00fcri Vips, Liam Lawson, Dennis Hauger, Jehan Daruvala e Ayumu Iwata disputar\u00e3o a F2 em 2022, enquanto Jak Crawford, Jonny Edgar e Isack Hadjar ser\u00e3o pilotos da F3.<\/p>\n\n\n\n<p class=\"wp-block-paragraph\">Vips vai para sua terceira temporada consecutiva na F2, a segunda pela Hitech. Em 2020, foi piloto da DAMS e terminou em 16\u00ba, mas subiu de produ\u00e7\u00e3o no ano passado e venceu duas corridas \u2014 no mesmo final de semana, no Azerbaij\u00e3o \u2014 para ser o sexto na classifica\u00e7\u00e3o geral. Al\u00e9m disso, foi piloto reserva de Red Bull e AlphaTauri em 2020 e participou do teste de novatos em Abu Dhabi no final de 2021.<\/p>\n\n\n\n<p class=\"wp-block-paragraph\"><strong>\u25b6\ufe0f\u00a0Inscreva-se nos dois canais do GRANDE PR\u00caMIO no YouTube:\u00a0<a href=\"https:\/\/www.youtube.com\/channel\/UC9OlHEgxoaY6QY6nWPoiqQg?sub_confirmation=1\" target=\"_blank\" rel=\"noreferrer noopener\">GP<\/a>\u00a0|\u00a0<a href=\"https:\/\/www.youtube.com\/channel\/UC9csiS6q_C3C0FYhyr1rnFA?sub_confirmation=1\" target=\"_blank\" rel=\"noreferrer noopener\">GP2<\/a><\/strong><\/p>\n\n\n\n<figure class=\"wp-block-image size-large\"><img decoding=\"async\" src=\"https:\/\/www.grandepremio.com\/br\/wp-content\/uploads\/2021\/10\/SI202110090528_hires_jpeg_24bit_rgb-1024x683.jpg\" alt=\"\" class=\"wp-image-517630\"\/><figcaption>Liam Lawson vai seguir na F2 em 2022, agora pela Carlin (Foto: Red Bull Content Pool)<\/figcaption><\/figure>\n\n\n\n<p class=\"wp-block-paragraph\">Lawson, por sua vez, disputou a F2 pela primeira vez na carreira em 2021, tamb\u00e9m pela Hitech, e terminou com um nono lugar e uma vit\u00f3ria conquistada, al\u00e9m de tr\u00eas p\u00f3dios. Al\u00e9m disso, o neozeland\u00eas ainda disputou o DTM em 2021 e ficou com o vice, em um final controverso que teve vit\u00f3ria de Maximilian G\u00f6tz, da Mercedes. Em 2022, Lawson trocar\u00e1 a Hitech pela Carlin.<\/p>\n\n\n\n<p class=\"wp-block-paragraph\">Hauger e Daruvala foram anunciados pela Prema para a temporada 2022 da F\u00f3rmula 2, <a href=\"https:\/\/www.grandepremio.com\/br\/f2\/noticias\/prema-sobe-dennis-hauger-e-completa-dupla-com-jehan-daruvala-para-temporada-2022-da-f2\/\" target=\"_blank\" rel=\"noreferrer noopener\">em uma dupla completa de pilotos do Red Bull Junior Team<\/a>. Ser\u00e1 a estreia do noruegu\u00eas na categoria, ap\u00f3s o t\u00edtulo conquistado da F3 em 2021 com quatro vit\u00f3rias e um total de nove p\u00f3dios.<\/p>\n\n\n\n<figure class=\"wp-block-image size-large\"><img decoding=\"async\" src=\"https:\/\/www.grandepremio.com\/br\/wp-content\/uploads\/2021\/09\/E-XGx5eWUAIcLsw-1024x576.jpg\" alt=\"DENNIS HAUGER. F\u00d3RMULA 3; HOLANDA;\" class=\"wp-image-505188\"\/><figcaption>Dennis Hauger foi o campe\u00e3o da F\u00f3rmula 3 em 2021 e vai disputar a F2 em 2022 pela Prema (Foto: Red Bull Content Pool)<\/figcaption><\/figure>\n\n\n\n<p class=\"wp-block-paragraph\">O indiano Daruvala j\u00e1 foi piloto da Prema em 2019 na F3, mas deixou a equipe rumo \u00e0 Carlin em sua subida para a F2 e n\u00e3o conseguiu resultados de destaque: foi 12\u00ba na classifica\u00e7\u00e3o da temporada 2020 e s\u00e9timo no ano passado. Agora, novamente na escuderia italiana, o piloto ter\u00e1 sua terceira oportunidade de brigar na F2.<\/p>\n\n\n\n<p class=\"wp-block-paragraph\">Por fim, completando o total de cinco pilotos da Red Bull no grid da F2, o japon\u00eas Ayumu Iwasa \u2014 apadrinhado pela Honda \u2014 ser\u00e1 piloto da DAMS ap\u00f3s terminar sua \u00fanica temporada na F\u00f3rmula 3 no 12\u00ba lugar, com dois p\u00f3dios: uma vit\u00f3ria na corrida 1 do GP da Hungria e um terceiro lugar na Holanda.<\/p>\n\n\n\n<figure class=\"wp-block-image size-large\"><img decoding=\"async\" src=\"https:\/\/www.grandepremio.com\/br\/wp-content\/uploads\/2021\/01\/SI202011280091_hires_jpeg_24bit_rgb-1024x683.jpg\" alt=\"\" class=\"wp-image-445692\"\/><figcaption>Jehan Daruvala ser\u00e1 companheiro de equipe de Hauger na Prema em 2022 (Foto: Red Bull Content Pool)<\/figcaption><\/figure>\n\n\n\n<p class=\"wp-block-paragraph\">A Red Bull ainda vai contar com tr\u00eas pilotos na F\u00f3rmula 3 este ano. Jak Crawford, jovem de apenas 16 anos, vai deixar a Hitech para substituir Hauger na Prema em seu segundo ano na categoria. Em 2021, o estadunidense terminou a temporada de estreia na 13\u00aa coloca\u00e7\u00e3o, com um p\u00f3dio e 45 pontos somados. Al\u00e9m disso, disputou a Euroformula e terminou com o terceiro lugar no geral, com oito vit\u00f3rias.<\/p>\n\n\n\n<p class=\"wp-block-paragraph\">O brit\u00e2nico Jonny Edgar, 18\u00ba colocado com a Carlin em seu ano de estreia na F3, trocar\u00e1 de equipe e vai passar a defender a Trident em 2022 \u2014 equipe que superou a Prema e terminou como campe\u00e3 de Construtores na \u00faltima temporada. Em 2021, Edgar conseguiu dois quintos lugares como melhores resultados, al\u00e9m de cinco presen\u00e7as no top-10.<\/p>\n\n\n\n<p class=\"wp-block-paragraph\">Por fim, o franco-argelino Isack Hadjar, de 17 anos, assinou com a Hitech para representar a equipe em sua primeira temporada na F\u00f3rmula 3. Em 2021, Hadjar pilotou na FRECA pela R-ace, com um quinto lugar no geral \u2014 foram duas vit\u00f3rias, cinco p\u00f3dios e 166 pontos conquistados.<\/p>\n\n\n\n<figure class=\"wp-block-image size-large\"><img decoding=\"async\" src=\"https:\/\/www.grandepremio.com\/br\/wp-content\/uploads\/2021\/07\/SI202107020508_hires_jpeg_24bit_rgb-1024x683.jpg\" alt=\"\" class=\"wp-image-495338\"\/><figcaption>Ayumu Iwasa vai fazer sua estreia na F2 em 2022 pela DAMS (Foto: Red Bull Content Pool)<\/figcaption><\/figure>\n","protected":false},"excerpt":{"rendered":"<p>Com destaque para subida de Dennis Hauger, atual campe\u00e3o da F\u00f3rmula 3, e dupla da Prema, Red Bull Junior Team confirmou nesta sexta (14) seus pilotos da temporada 2022<\/p>\n","protected":false},"author":0,"featured_media":0,"comment_status":"closed","ping_status":"closed","sticky":false,"template":"","format":"standard","meta":{"42wp_featured_image_caption":"","42wp_featured_image_credits":"","42wp_featured_video":"","42wp_featured_image_hidden":false,"42wp_authors_list":[],"footnotes":""},"categories":[9],"tags":[28711,1158,1539,1581,111,29651,1008,29657,25933,24945,28105,114,28104,598,2971,599,2958,595,349,204,30577],"42wp_author":[47142],"class_list":["post-115133","post","type-post","status-publish","format-standard","hentry","category-f2","tag-ayumu-iwasa","tag-carlin","tag-dams","tag-dennis-hauger","tag-f2","tag-f2-2022","tag-f3","tag-f3-2022","tag-formula-2-3","tag-formula-3-2","tag-freca","tag-hitech","tag-isack-hadjar","tag-jak-crawford","tag-jehan-daruvala","tag-jonny-edgar","tag-juri-vips","tag-liam-lawson","tag-prema","tag-red-bull","tag-red-bull-junior-team","42wp_author-jp-nascimento"],"_links":{"self":[{"href":"https:\/\/grandepremio.com\/br\/wp-json\/wp\/v2\/posts\/115133","targetHints":{"allow":["GET"]}}],"collection":[{"href":"https:\/\/grandepremio.com\/br\/wp-json\/wp\/v2\/posts"}],"about":[{"href":"https:\/\/grandepremio.com\/br\/wp-json\/wp\/v2\/types\/post"}],"replies":[{"embeddable":true,"href":"https:\/\/grandepremio.com\/br\/wp-json\/wp\/v2\/comments?post=115133"}],"version-history":[{"count":0,"href":"https:\/\/grandepremio.com\/br\/wp-json\/wp\/v2\/posts\/115133\/revisions"}],"wp:attachment":[{"href":"https:\/\/grandepremio.com\/br\/wp-json\/wp\/v2\/media?parent=115133"}],"wp:term":[{"taxonomy":"category","embeddable":true,"href":"https:\/\/grandepremio.com\/br\/wp-json\/wp\/v2\/categories?post=115133"},{"taxonomy":"post_tag","embeddable":true,"href":"https:\/\/grandepremio.com\/br\/wp-json\/wp\/v2\/tags?post=115133"},{"taxonomy":"42wp_author","embeddable":true,"href":"https:\/\/grandepremio.com\/br\/wp-json\/wp\/v2\/42wp_author?post=115133"}],"curies":[{"name":"wp","href":"https:\/\/api.w.org\/{rel}","templated":true}]}}