{"id":115159,"date":"2022-01-13T10:18:20","date_gmt":"2022-01-13T13:18:20","guid":{"rendered":"https:\/\/grandepremio.com\/br\/noticias\/audi-porsche-estudam-ter-equipes-proprias-entrada-formula-1-2026\/"},"modified":"2022-01-19T07:07:56","modified_gmt":"2022-01-19T10:07:56","slug":"audi-porsche-estudam-ter-equipes-proprias-entrada-formula-1-2026","status":"publish","type":"post","link":"https:\/\/grandepremio.com\/br\/f1\/audi-porsche-estudam-ter-equipes-proprias-entrada-formula-1-2026\/","title":{"rendered":"Audi e Porsche estudam ter equipes pr\u00f3prias em entrada na F\u00f3rmula 1 a partir de 2026"},"content":{"rendered":"\n<figure class=\"wp-block-embed is-type-video is-provider-youtube wp-block-embed-youtube wp-embed-aspect-16-9 wp-has-aspect-ratio\"><div class=\"wp-block-embed__wrapper\">\n<iframe loading=\"lazy\" title=\"WILLIAMS-AUDI E McLAREN-PORSCHE: \u00c9 POSS\u00cdVEL A PARTIR DE 2025-2026 NA F1?\" width=\"500\" height=\"281\" src=\"https:\/\/www.youtube.com\/embed\/wSn9B2RxI3Y?start=1&amp;feature=oembed\" frameborder=\"0\" allow=\"accelerometer; autoplay; clipboard-write; encrypted-media; gyroscope; picture-in-picture; web-share\" referrerpolicy=\"strict-origin-when-cross-origin\" allowfullscreen><\/iframe>\n<\/div><figcaption>AUDI E PORSCHE NA F\u00d3RMULA 1 E AS POSSIBILIDADES PARA 2026<\/figcaption><\/figure>\n\n\n\n<p class=\"wp-block-paragraph\">O Grupo Volkswagen tem nas pr\u00f3ximas semanas o momento-chave da decis\u00e3o sobre entrar na F\u00f3rmula 1 a partir de 2026, quando a categoria viver\u00e1 uma nova mudan\u00e7a no regulamento, c<a href=\"https:\/\/www.grandepremio.com\/br\/f1\/noticias\/fia-ratifica-fim-do-uso-da-mgu-h-nas-unidades-de-potencia-da-formula-1-a-partir-de-2026\/\">om a introdu\u00e7\u00e3o de motores de engenharia mais simples e mais sustent\u00e1veis<\/a>. Segundo reporta o jornal alem\u00e3o Frankfurter Allgemeine Zeitung, o conglomerado quer entrar na categoria com suas marcas Audi e Porsche, mas n\u00e3o somente como meras fornecedora de motores. A publica\u00e7\u00e3o refor\u00e7a not\u00edcia mencionada meses atr\u00e1s pela revista, tamb\u00e9m alem\u00e3, <a href=\"https:\/\/www.grandepremio.com\/br\/f1\/noticias\/audi-porsche-prazo-entrada-formula-1-2026-quatro-equipes\/\">Auto Motor und Sport, sobre o desejo de as montadoras entrarem no Mundial tendo sua pr\u00f3pria opera\u00e7\u00e3o<\/a>.<\/p>\n\n\n\n<p class=\"wp-block-paragraph\">O interesse, que chegou a ser noticiado em cima de quatro equipes, no momento se restringe a duas escuderias, reporta o FAZ. H\u00e1 o interesse, por parte da Audi, em realizar a compra da McLaren, enquanto a Porsche almeja se unir \u00e0 Red Bull. De acordo com a publica\u00e7\u00e3o, as negocia\u00e7\u00f5es do Grupo Volkswagen com McLaren e os taurinos est\u00e3o \u201cnum est\u00e1gio complicado\u201d.<\/p>\n\n\n\n<p class=\"wp-block-paragraph\">Em novembro do ano passado, a <a href=\"https:\/\/www.grandepremio.com\/br\/f1\/noticias\/grupo-mclaren-reage-reportagem-nega-venda-audi\/\">McLaren veio a p\u00fablico para negar reportagem veiculada pela revista brit\u00e2nica Autocar, que deu conta da venda da sua estrutura para a Audi<\/a>, embora tivesse refor\u00e7ado que \u201ca estrat\u00e9gia de tecnologia sempre envolveu conversas e colabora\u00e7\u00e3o com fornecedores relevantes, incluindo outras montadoras\u201d.<\/p>\n\n\n\n<p class=\"wp-block-paragraph\"><strong>\u25b6\ufe0f&nbsp;Inscreva-se nos dois canais do GRANDE PR\u00caMIO no YouTube:&nbsp;<a href=\"https:\/\/www.youtube.com\/channel\/UC9OlHEgxoaY6QY6nWPoiqQg?sub_confirmation=1\" target=\"_blank\" rel=\"noreferrer noopener\">GP<\/a>&nbsp;|&nbsp;<a href=\"https:\/\/www.youtube.com\/channel\/UC9csiS6q_C3C0FYhyr1rnFA?sub_confirmation=1\" target=\"_blank\" rel=\"noreferrer noopener\">GP2<\/a><\/strong><\/p>\n\n\n\n<figure class=\"wp-block-image size-large\"><img decoding=\"async\" src=\"https:\/\/www.grandepremio.com\/br\/wp-content\/uploads\/2021\/11\/FDtzGduWUAEnNBB.png\" alt=\"AUDI; PORSCHE; F\u00d3RMULA 1;\" class=\"wp-image-522969\"\/><figcaption>Audi e Porsche na F1? Decis\u00e3o do Grupo Volkswagen \u00e9 iminente (Foto: Reprodu\u00e7\u00e3o)<\/figcaption><\/figure>\n\n\n\n<p class=\"wp-block-paragraph\">J\u00e1 a Autocar disse \u00e0 \u00e9poca que uma fonte de dentro da McLaren confirmou a transa\u00e7\u00e3o. Segundo tal fonte, a Audi apresentou uma oferta ao presidente-executivo do Grupo McLaren, Paul Walsh. Tal proposta foi primeiramente rejeitada pela Mumtalakat Holding Company, do Bahrein, acionista majorit\u00e1ria do Grupo McLaren. A proposta, ent\u00e3o, foi devolvida \u00e0 Audi com uma observa\u00e7\u00e3o, de que a oferta fosse dobrada. N\u00e3o se sabe se o valor requisitado pela empresa foi alcan\u00e7ado, mas a fonte diz que a venda foi sacramentada.<\/p>\n\n\n\n<p class=\"wp-block-paragraph\">Segundo o jornal de Frankfurt, uma das principais motiva\u00e7\u00f5es do Grupo Volkswagen em fazer parte da nova era da F\u00f3rmula 1 \u00e9 comercial. Trata-se do desejo de concorrer com a Mercedes, por exemplo, nos mercados chin\u00eas e norte-americano na ind\u00fastria automobil\u00edstica. Com o interesse cada vez mais crescente da F1 na China e nos Estados Unidos, uma decis\u00e3o em torno de fazer parte da principal categoria do esporte a motor faria todo o sentido.<\/p>\n\n\n\n<p class=\"wp-block-paragraph\">De acordo com reportagem publicada ainda em 2021 pela Auto Motor und Sport, o prazo dado por Audi e Porsche para a defini\u00e7\u00e3o sobre a entrada na F\u00f3rmula 1 era dezembro. Embora nenhuma decis\u00e3o a respeito tenha sido tomada desde ent\u00e3o, o interesse das marcas pelo topo do esporte a motor segue ainda mais forte.<\/p>\n\n\n\n<p class=\"wp-block-paragraph\">Markos Duesmann, CEO da Audi, Oliver Blume, diretor-executivo da Porsche e Herbert Diess, presidente do conselho de gest\u00e3o do Grupo Volkswagen, tratam a quest\u00e3o F\u00f3rmula 1 como ponto de honra para que as marcas possam lutar no mercado contra as concorrentes. O novo prazo, segundo o Frankfurter Allgemeine Zeitung, \u00e9 o fim de fevereiro.<\/p>\n\n\n\n<figure class=\"wp-block-image size-large\"><img decoding=\"async\" src=\"https:\/\/www.grandepremio.com\/br\/wp-content\/uploads\/2021\/12\/sainzz-1024x683.jpg\" alt=\"\" class=\"wp-image-534626\"\/><figcaption>Com interesse crescente na F1, a Audi se destaca com prot\u00f3tipo el\u00e9trico no Dakar (Foto: Dakar)<\/figcaption><\/figure>\n\n\n\n<p class=\"wp-block-paragraph\">Os CEOs de Audi, Porsche e do Grupo Volkswagen defendem a entrada das duas marcas no grid, em cen\u00e1rio muito semelhante ao que vai ser adotado para o desenvolvimento dos hipercarros para o Mundial de Endurance: a Audi j\u00e1 anunciou o retorno \u00e0 categoria, enquanto a Porsche vai se unir \u00e0 Penske em projeto com in\u00edcio previsto para 2023, embora a equipe norte-americana entre no calend\u00e1rio do WEC j\u00e1 em 2022 \u2014 com Felipe Nasr \u2014, como prepara\u00e7\u00e3o para a entrada na era dos hipercarros.<\/p>\n\n\n\n<p class=\"wp-block-paragraph\">Atualmente, enquanto as duas marcas trabalham no desenvolvimento dos respectivos hipercarros para a entrada no WEC em 2023, a Audi est\u00e1 perto de completar o Dakar 2022 com o prot\u00f3tipo el\u00e9trico RS Q e-tron, como parte da mudan\u00e7a de foco da montadora, que decidiu deixar a F\u00f3rmula E e trilhar novos caminhos no esporte a motor.<\/p>\n\n\n\n<p class=\"wp-block-paragraph\">Stefano <a href=\"https:\/\/www.grandepremio.com\/br\/f1\/noticias\/ceo-formula-1-mes-importante-entrada-grupo-volkswagen-2026\/\">Domenicali, atual CEO e presidente da F\u00f3rmula 1 e antigo funcion\u00e1rio do Grupo Volkswagen como CEO da Lamborghini<\/a>, entende que janeiro ser\u00e1 um m\u00eas crucial para a decis\u00e3o de Audi e Porsche entrarem no esporte em 2026.<\/p>\n\n\n\n<figure class=\"wp-block-image size-large\"><img decoding=\"async\" src=\"https:\/\/www.grandepremio.com\/br\/wp-content\/uploads\/2022\/01\/SI202105220191_news-1024x683.jpg\" alt=\"MAX VERSTAPPEN; STEFANO DOMENICALI;\" class=\"wp-image-535288\"\/><figcaption>Stefano Domenicali diz que a bola est\u00e1 com o Grupo Volkswagen (Foto: Mark Thompson\/Getty Images\/Red Bull Content Pool)<\/figcaption><\/figure>\n\n\n\n<p class=\"wp-block-paragraph\">\u201cAcho que temos um m\u00eas importante pela frente em termos de decis\u00e3o do Grupo Volkswagen. Seria \u00f3timo se eles aderissem, mas n\u00e3o posso falar em nome da Volkswagen. Fiz parte deste grupo incr\u00edvel por alguns anos e sei o qu\u00e3o duro eles est\u00e3o trabalhando de olho no futuro\u201d, declarou o executivo em entrevista ao site alem\u00e3o Sport1.<\/p>\n\n\n\n<p class=\"wp-block-paragraph\">\u201cNosso combust\u00edvel sustent\u00e1vel, que planejamos usar junto com os novos motores h\u00edbridos com maior conte\u00fado el\u00e9trico, pode dar a eles uma segunda rota ao lado da eletromobilidade\u201d, salientou. \u201cE isso se aplica n\u00e3o somente ao Grupo Volkswagen, mas a todas \u00e0s montadoras\u201d, acrescentou.<\/p>\n\n\n\n<p class=\"wp-block-paragraph\">O chef\u00e3o da F\u00f3rmula 1 lembrou que a decis\u00e3o agora est\u00e1 com os alem\u00e3es. \u201cCom rela\u00e7\u00e3o \u00e0 Volkswagen, contudo, espero que eles tomem uma decis\u00e3o em breve. Depende deles agora dar o passo final\u201d.<\/p>\n\n\n\n<figure class=\"wp-block-embed is-type-video is-provider-youtube wp-block-embed-youtube wp-embed-aspect-16-9 wp-has-aspect-ratio\"><div class=\"wp-block-embed__wrapper\">\n<iframe loading=\"lazy\" title=\"COMO FOI O ANO DOS PILOTOS NOVATOS NA F1 2021?\" width=\"500\" height=\"281\" src=\"https:\/\/www.youtube.com\/embed\/NtjlmEmMqgs?feature=oembed\" frameborder=\"0\" allow=\"accelerometer; autoplay; clipboard-write; encrypted-media; gyroscope; picture-in-picture; web-share\" referrerpolicy=\"strict-origin-when-cross-origin\" allowfullscreen><\/iframe>\n<\/div><figcaption>COMO FOI O ANO DOS PILOTOS NOVATOS NA F1 2021?<\/figcaption><\/figure>\n","protected":false},"excerpt":{"rendered":"<p>O interesse do Grupo Volkswagen em adentrar na F\u00f3rmula 1 com suas marcas vai al\u00e9m do fornecimento das unidades de pot\u00eancia, com o interesse crescente em adquirir a McLaren e se unir \u00e0 Red Bull<\/p>\n","protected":false},"author":0,"featured_media":1000520273,"comment_status":"closed","ping_status":"closed","sticky":false,"template":"","format":"standard","meta":{"42wp_featured_image_caption":"","42wp_featured_image_credits":"","42wp_featured_video":"","42wp_featured_image_hidden":false,"42wp_authors_list":[],"footnotes":""},"categories":[2],"tags":[970,147,1357,24837,26841,24836,90,82,656,736,204],"42wp_author":[47110],"class_list":["post-115159","post","type-post","status-publish","format-standard","has-post-thumbnail","hentry","category-f1","tag-audi","tag-f1","tag-f1-2022","tag-formula-1-2","tag-formula-1-2022","tag-grande-premio-2","tag-mclaren","tag-mercedes","tag-motores","tag-porsche","tag-red-bull","42wp_author-fernando-silva"],"_links":{"self":[{"href":"https:\/\/grandepremio.com\/br\/wp-json\/wp\/v2\/posts\/115159","targetHints":{"allow":["GET"]}}],"collection":[{"href":"https:\/\/grandepremio.com\/br\/wp-json\/wp\/v2\/posts"}],"about":[{"href":"https:\/\/grandepremio.com\/br\/wp-json\/wp\/v2\/types\/post"}],"replies":[{"embeddable":true,"href":"https:\/\/grandepremio.com\/br\/wp-json\/wp\/v2\/comments?post=115159"}],"version-history":[{"count":0,"href":"https:\/\/grandepremio.com\/br\/wp-json\/wp\/v2\/posts\/115159\/revisions"}],"wp:featuredmedia":[{"embeddable":true,"href":"https:\/\/grandepremio.com\/br\/wp-json\/wp\/v2\/media\/1000520273"}],"wp:attachment":[{"href":"https:\/\/grandepremio.com\/br\/wp-json\/wp\/v2\/media?parent=115159"}],"wp:term":[{"taxonomy":"category","embeddable":true,"href":"https:\/\/grandepremio.com\/br\/wp-json\/wp\/v2\/categories?post=115159"},{"taxonomy":"post_tag","embeddable":true,"href":"https:\/\/grandepremio.com\/br\/wp-json\/wp\/v2\/tags?post=115159"},{"taxonomy":"42wp_author","embeddable":true,"href":"https:\/\/grandepremio.com\/br\/wp-json\/wp\/v2\/42wp_author?post=115159"}],"curies":[{"name":"wp","href":"https:\/\/api.w.org\/{rel}","templated":true}]}}