{"id":115178,"date":"2022-01-12T11:20:24","date_gmt":"2022-01-12T14:20:24","guid":{"rendered":"https:\/\/grandepremio.com\/br\/noticias\/mclaren-ve-poucos-danos-corridas-sprint-opoe-aumento-teto-orcamentario\/"},"modified":"2022-01-12T11:30:33","modified_gmt":"2022-01-12T14:30:33","slug":"mclaren-ve-poucos-danos-corridas-sprint-opoe-aumento-teto-orcamentario","status":"publish","type":"post","link":"https:\/\/grandepremio.com\/br\/f1\/mclaren-ve-poucos-danos-corridas-sprint-opoe-aumento-teto-orcamentario\/","title":{"rendered":"McLaren v\u00ea &#8220;poucos danos&#8221; nas corridas sprint e se op\u00f5e a aumento do teto or\u00e7ament\u00e1rio"},"content":{"rendered":"\n<figure class=\"wp-block-embed is-type-video is-provider-youtube wp-block-embed-youtube wp-embed-aspect-16-9 wp-has-aspect-ratio\"><div class=\"wp-block-embed__wrapper\">\n<iframe loading=\"lazy\" title=\"OS PILOTOS QUE METERAM BEDELHO ONDE N\u00c3O FORAM CHAMADOS\" width=\"500\" height=\"281\" src=\"https:\/\/www.youtube.com\/embed\/x8L1_tu7Lh4?feature=oembed\" frameborder=\"0\" allow=\"accelerometer; autoplay; clipboard-write; encrypted-media; gyroscope; picture-in-picture; web-share\" referrerpolicy=\"strict-origin-when-cross-origin\" allowfullscreen><\/iframe>\n<\/div><figcaption>OS PILOTOS QUE METERAM BEDELHO ONDE N\u00c3O FORAM CHAMADOS<br><\/figcaption><\/figure>\n\n\n\n<p class=\"wp-block-paragraph\">A F\u00f3rmula 1 realmente aprovou <a href=\"https:\/\/www.grandepremio.com\/br\/f1\/noticias\/o-que-e-corrida-sprint\/\" target=\"_blank\" rel=\"noreferrer noopener\">o formato de corridas de classifica\u00e7\u00e3o, que estreou na categoria em 2021<\/a>. Ap\u00f3s tr\u00eas provas realizadas no ano passado, a temporada de 2022 ter\u00e1 a sprint em seis GPs \u2014 Bahrein, Em\u00edlia-Romanha, Canad\u00e1, \u00c1ustria, Holanda e S\u00e3o Paulo. S\u00f3 que, embora os promotores apoiem o novo molde, os pilotos e as equipes ainda t\u00eam algumas quest\u00f5es. Por isso, o pr\u00f3prio Ross Brawn, diretor-esportivo da F1, <a href=\"https:\/\/www.grandepremio.com\/br\/f1\/noticias\/pole-sexta-mais-pontos-campeao-particular-como-f1-quer-corridas-sprint-2022\/\" target=\"_blank\" rel=\"noreferrer noopener\">j\u00e1 disse que estuda dar pontos para al\u00e9m dos tr\u00eas primeiros colocados, ou mesmo ter um campe\u00e3o \u00e0 parte, que seria o piloto que vencesse mais vezes as corridas do s\u00e1bado. <\/a><\/p>\n\n\n\n<p class=\"wp-block-paragraph\">Zak Brown, CEO da McLaren, levanta outro ponto, no entanto. Tamb\u00e9m j\u00e1 se foi discutido um aumento do teto or\u00e7ament\u00e1rio para as equipes, que arriscam seus carros e equipamentos em mais uma corrida num fim de semana de sprint. Assim, ele se coloca contra esse poss\u00edvel aumento. <\/p>\n\n\n\n<p class=\"wp-block-paragraph\">\u201cAlguns querem aproveitar a oportunidade para aumentar o teto or\u00e7ament\u00e1rio de algumas das equipes\u201d, disse Brown. &#8220;N\u00f3s nos opomos veementemente a aumentar o teto or\u00e7ament\u00e1rio de qualquer coisa.\u00a0Ent\u00e3o, vamos precisar trabalhar com essa quest\u00e3o&#8221;, acrescentou.<\/p>\n\n\n\n<p class=\"wp-block-paragraph\"><strong>\u25b6\ufe0f\u00a0Inscreva-se nos dois canais do GRANDE PR\u00caMIO no YouTube:\u00a0<\/strong><a href=\"https:\/\/www.youtube.com\/channel\/UC9OlHEgxoaY6QY6nWPoiqQg?sub_confirmation=1\" target=\"_blank\" rel=\"noreferrer noopener\">GP<\/a><strong>\u00a0|\u00a0<\/strong><a href=\"https:\/\/www.youtube.com\/channel\/UC9csiS6q_C3C0FYhyr1rnFA?sub_confirmation=1\" target=\"_blank\" rel=\"noreferrer noopener\">GP2<\/a><\/p>\n\n\n\n<figure class=\"wp-block-image size-large\"><img decoding=\"async\" src=\"https:\/\/www.grandepremio.com\/br\/wp-content\/uploads\/2021\/08\/30_ZakBrown-1024x683.jpg\" alt=\"ZAK BROWN; MCLAREN;\" class=\"wp-image-500195\"\/><figcaption>Zak Brown se op\u00f5e ao aumento do teto or\u00e7ament\u00e1rio na F1 por conta das corridas sprint (Foto: McLaren)<\/figcaption><\/figure>\n\n\n\n<p class=\"wp-block-paragraph\"><strong>Conhe\u00e7a o canal do Grande Pr\u00eamio no YouTube! Clique\u00a0<a target=\"_blank\" href=\"https:\/\/youtube.com\/GrandePremioTV\" rel=\"noreferrer noopener\">aqui<\/a>.<\/strong><br><strong>Siga o Grande Pr\u00eamio no\u00a0<a target=\"_blank\" href=\"https:\/\/twitter.com\/grandepremio\" rel=\"noreferrer noopener\">Twitter\u00a0<\/a>e no\u00a0<a target=\"_blank\" href=\"https:\/\/instagram.com\/grandepremio\" rel=\"noreferrer noopener\">Instagram<\/a><\/strong><br><strong>Hamilton dentro ou fora?\u00a0<a href=\"https:\/\/www.grandepremio.com\/br\/f1\/noticias\/lewis-hamilton-dentro-fora-demora-acordao-mercedes-fia-cria-duvida-futuro-f1\/\">Demora em \u2018acord\u00e3o\u2019\u00a0<\/a><a href=\"https:\/\/www.grandepremio.com\/br\/equipe\/f1\/2020\/mercedes-amg-motorsport\/\" target=\"_blank\" rel=\"noreferrer noopener\">Mercedes<\/a>-FIA cria d\u00favida sobre futuro na F1<\/strong><\/p>\n\n\n\n<p class=\"wp-block-paragraph\">No ano passado, as equipes receberam um subs\u00eddio de US$ 450 mil\u2014 equivalente a mais de R$ 2 milh\u00f5es, na cota\u00e7\u00e3o atual \u2014 para participar das corridas de classifica\u00e7\u00e3o, al\u00e9m de US$ 100 mil  \u2014 ou seja, R$ 558 mil \u2014 para poss\u00edveis acidentes ou danos. Vale lembrar tamb\u00e9m que o teto or\u00e7ament\u00e1rio, em 2021, era de US$ 145 milh\u00f5es. Em 2022, a F\u00f3rmula 1 diminuiu os gastos para US$ 140 milh\u00f5es.<\/p>\n\n\n\n<p class=\"wp-block-paragraph\">Mas Brown ressalta que as tr\u00eas corridas da temporada passada n\u00e3o geraram s\u00e9rios incidentes e enfatiza que saber &#8220;gerenciar um or\u00e7amento&#8221; \u00e9 uma grande responsabilidade para as equipes.<\/p>\n\n\n\n<p class=\"wp-block-paragraph\">&#8220;Entramos nisso pensando que poderia haver muito pouco dano, e houve muito pouco dano. Ainda assim, algumas equipes querem aproveitar a oportunidade para aumentar o or\u00e7amento em um n\u00famero rid\u00edculo&#8221;, argumentou ele. <\/p>\n\n\n\n<p class=\"wp-block-paragraph\">\u201cPode ser novo para algumas equipes ter de gerenciar um or\u00e7amento, mas acho que isso est\u00e1 no esp\u00edrito do esporte, ent\u00e3o voc\u00ea certamente pode combinar a receita com a despesa e resolver isso&#8221;, seguiu.<\/p>\n\n\n\n<p class=\"wp-block-paragraph\">\u201cMas acho que a receita crescer\u00e1 com o tempo e acho que precisamos ter muito cuidado para sermos fiscalmente sustent\u00e1veis, e que certas equipes aproveitem a oportunidade para tentar aumentar isso o tempo todo.\u00a0Precisamos resistir a isso&#8221;, concluiu. <\/p>\n\n\n\n<figure class=\"wp-block-embed is-type-video is-provider-youtube wp-block-embed-youtube wp-embed-aspect-16-9 wp-has-aspect-ratio\"><div class=\"wp-block-embed__wrapper\">\n<iframe loading=\"lazy\" title=\"AS NOVIDADES DA F1 2022: O QUE ESPERAR DE ALBON E ZHOU?\" width=\"500\" height=\"281\" src=\"https:\/\/www.youtube.com\/embed\/zdueMFs7zVk?feature=oembed\" frameborder=\"0\" allow=\"accelerometer; autoplay; clipboard-write; encrypted-media; gyroscope; picture-in-picture; web-share\" referrerpolicy=\"strict-origin-when-cross-origin\" allowfullscreen><\/iframe>\n<\/div><figcaption>AS NOVIDADES DA F1 2022: O QUE ESPERAR DE ALBON E ZHOU?<br><\/figcaption><\/figure>\n\n\n\n<p class=\"wp-block-paragraph\"><\/p>\n\n\n\n<p class=\"wp-block-paragraph\"><\/p>\n\n\n\n<p class=\"wp-block-paragraph\"><\/p>\n","protected":false},"excerpt":{"rendered":"<p>Pensando nas corridas de classifica\u00e7\u00e3o, Zak Brown, CEO da McLaren, acredita que o novo formato gerou &#8220;poucos danos&#8221; \u00e0s equipes e, por isso, se op\u00f4s ao aumento do teto or\u00e7ament\u00e1rio<\/p>\n","protected":false},"author":0,"featured_media":1000508575,"comment_status":"closed","ping_status":"closed","sticky":false,"template":"","format":"standard","meta":{"42wp_featured_image_caption":"","42wp_featured_image_credits":"","42wp_featured_video":"","42wp_featured_image_hidden":false,"42wp_authors_list":[],"footnotes":""},"categories":[2],"tags":[24928,5921,211,156,1357,24837,24836,547,90,24943,580],"42wp_author":[47139],"class_list":["post-115178","post","type-post","status-publish","format-standard","has-post-thumbnail","hentry","category-f1","tag-corrida-de-classificacao","tag-corrida-sprint","tag-daniel-ricciardo","tag-f1-2021","tag-f1-2022","tag-formula-1-2","tag-grande-premio-2","tag-lando-norris","tag-mclaren","tag-teto-orcamentario","tag-zak-brown","42wp_author-ana-cerveira"],"_links":{"self":[{"href":"https:\/\/grandepremio.com\/br\/wp-json\/wp\/v2\/posts\/115178","targetHints":{"allow":["GET"]}}],"collection":[{"href":"https:\/\/grandepremio.com\/br\/wp-json\/wp\/v2\/posts"}],"about":[{"href":"https:\/\/grandepremio.com\/br\/wp-json\/wp\/v2\/types\/post"}],"replies":[{"embeddable":true,"href":"https:\/\/grandepremio.com\/br\/wp-json\/wp\/v2\/comments?post=115178"}],"version-history":[{"count":0,"href":"https:\/\/grandepremio.com\/br\/wp-json\/wp\/v2\/posts\/115178\/revisions"}],"wp:featuredmedia":[{"embeddable":true,"href":"https:\/\/grandepremio.com\/br\/wp-json\/wp\/v2\/media\/1000508575"}],"wp:attachment":[{"href":"https:\/\/grandepremio.com\/br\/wp-json\/wp\/v2\/media?parent=115178"}],"wp:term":[{"taxonomy":"category","embeddable":true,"href":"https:\/\/grandepremio.com\/br\/wp-json\/wp\/v2\/categories?post=115178"},{"taxonomy":"post_tag","embeddable":true,"href":"https:\/\/grandepremio.com\/br\/wp-json\/wp\/v2\/tags?post=115178"},{"taxonomy":"42wp_author","embeddable":true,"href":"https:\/\/grandepremio.com\/br\/wp-json\/wp\/v2\/42wp_author?post=115178"}],"curies":[{"name":"wp","href":"https:\/\/api.w.org\/{rel}","templated":true}]}}