{"id":115190,"date":"2022-01-11T11:19:15","date_gmt":"2022-01-11T14:19:15","guid":{"rendered":"https:\/\/grandepremio.com\/br\/noticias\/arthur-leclerc-continua-na-prema-para-disputa-da-temporada-2022-da-formula-3\/"},"modified":"2022-01-11T11:51:43","modified_gmt":"2022-01-11T14:51:43","slug":"arthur-leclerc-continua-na-prema-para-disputa-da-temporada-2022-da-formula-3","status":"publish","type":"post","link":"https:\/\/grandepremio.com\/br\/f3\/arthur-leclerc-continua-na-prema-para-disputa-da-temporada-2022-da-formula-3\/","title":{"rendered":"Arthur Leclerc continua na Prema para disputa da temporada 2022 da F\u00f3rmula 3"},"content":{"rendered":"\n<figure class=\"wp-block-embed is-type-video is-provider-youtube wp-block-embed-youtube wp-embed-aspect-16-9 wp-has-aspect-ratio\"><div class=\"wp-block-embed__wrapper\">\n<iframe loading=\"lazy\" title=\"AS NOVIDADES DA F1 2022: O QUE ESPERAR DE ALBON E ZHOU?\" width=\"500\" height=\"281\" src=\"https:\/\/www.youtube.com\/embed\/zdueMFs7zVk?feature=oembed\" frameborder=\"0\" allow=\"accelerometer; autoplay; clipboard-write; encrypted-media; gyroscope; picture-in-picture; web-share\" referrerpolicy=\"strict-origin-when-cross-origin\" allowfullscreen><\/iframe>\n<\/div><figcaption>AS NOVIDADES DA F1 2022: O QUE ESPERAR DE ALBON E ZHOU?<\/figcaption><\/figure>\n\n\n\n<p class=\"wp-block-paragraph\">Arthur Leclerc, irm\u00e3o de Charles Leclerc, piloto da Ferrari na F\u00f3rmula 1, ter\u00e1 uma nova oportunidade de disputar a F\u00f3rmula 3 em 2022 \u2014 novamente com o carro da Prema. Al\u00e9m disso, o piloto monegasco continuar\u00e1 sua associa\u00e7\u00e3o com a Academia de Pilotos da Ferrari, da qual faz parte desde janeiro de 2020. Na \u00faltima temporada, o jovem de 21 anos disputou a categoria pela primeira vez e venceu duas vezes, na It\u00e1lia e Holanda.<\/p>\n\n\n\n<p class=\"wp-block-paragraph\">&#8220;Estou muito feliz de continuar o trabalho que come\u00e7amos na Prema na F3 de 2021&#8221;, comemorou Leclerc. &#8220;Acho que fizemos um bom trabalho no ano passado, e 2022 ser\u00e1 uma boa oportunidade para juntar tudo que aprendemos at\u00e9 agora. Mal posso esperar pelo in\u00edcio da temporada&#8221;, animou-se o piloto.<\/p>\n\n\n\n<p class=\"wp-block-paragraph\">Em 2021, o campe\u00e3o da F\u00f3rmula 3 foi justamente o companheiro de equipe de Leclerc, o noruegu\u00eas Dennis Hauger \u2014 que somou 205 pontos ao final do ano. Leclerc, por sua vez, foi o d\u00e9cimo, com 79 tentos conquistados. Outro piloto da Prema na disputa, o brit\u00e2nico Olli Caldwell terminou na oitava coloca\u00e7\u00e3o, \u00e0 frente de Arthur, com 93 pontos.<\/p>\n\n\n\n<p class=\"wp-block-paragraph\"><strong>\u25b6\ufe0f\u00a0Inscreva-se nos dois canais do GRANDE PR\u00caMIO no YouTube:\u00a0<a href=\"https:\/\/www.youtube.com\/channel\/UC9OlHEgxoaY6QY6nWPoiqQg?sub_confirmation=1\" target=\"_blank\" rel=\"noreferrer noopener\">GP<\/a>\u00a0|\u00a0<a href=\"https:\/\/www.youtube.com\/channel\/UC9csiS6q_C3C0FYhyr1rnFA?sub_confirmation=1\" target=\"_blank\" rel=\"noreferrer noopener\">GP2<\/a><\/strong><\/p>\n\n\n\n<figure class=\"wp-block-image size-large\"><img decoding=\"async\" src=\"https:\/\/www.grandepremio.com\/br\/wp-content\/uploads\/2021\/07\/GPF1-4-1024x688.jpeg\" alt=\"\" class=\"wp-image-495050\"\/><figcaption>Arthur Leclerc vibra com primeira pole na F3, conquistada na Hungria (Foto: F3)<\/figcaption><\/figure>\n\n\n\n<p class=\"wp-block-paragraph\">&#8220;\u00c9 \u00f3timo poder continuar nossa colabora\u00e7\u00e3o com Arthur [Leclerc]&#8221;, disse o chefe da Prema, Ren\u00e9 Rosin. &#8220;Tenho certeza de que ele vai continuar o progresso que vimos em 2021, quando mostrou que tem potencial para ser um dos ponteiros. A experi\u00eancia do ano passado, com os desafiadores finais de semana de tr\u00eas corridas, definitivamente v\u00e3o ajud\u00e1-lo a encarar os eventos com grande foco, o que com certeza vai beneficiar toda a equipe&#8221;, salientou.<\/p>\n\n\n\n<p class=\"wp-block-paragraph\">Apesar da conquista do t\u00edtulo de pilotos com Hauger, a disputa entre os Construtores n\u00e3o saiu do jeito que a Prema esperava. Apenas quatro pontos separaram a equipe da campe\u00e3 Trident, que somou 381 com o vice-campe\u00e3o Jack Doohan (179), o terceiro colocado Cl\u00e9ment Novalak (147) e o 11\u00ba, David Schumacher (55).<\/p>\n\n\n\n<p class=\"wp-block-paragraph\">&#8220;Foi uma boa temporada&#8221;, continuou o chefe da equipe. &#8220;\u00c9 claro, eu preferia vencer tamb\u00e9m o campeonato [de Construtores] da F\u00f3rmula 3, porque existem alguns fatores\u2026 Mas nada a se retirar, todo o cr\u00e9dito \u00e0 Trident, porque \u00e9 claro que fizeram um grande trabalho&#8221;, ressaltou.<\/p>\n\n\n\n<p class=\"wp-block-paragraph\">Al\u00e9m das duas vit\u00f3rias de 2021, Leclerc tamb\u00e9m conseguiu um segundo lugar na Hungria, al\u00e9m de sua primeira pole-position na categoria no mesmo final de semana. Antes de debutar na F3, o monegasco pilotou pela Prema na F\u00f3rmula Regional Europeia (hoje FRECA), obtendo seis vit\u00f3rias ao encerrar a temporada com o segundo lugar e 343 pontos \u2014 o campe\u00e3o foi o brasileiro Gianluca Petecof, que era companheiro de Leclerc na Academia Ferrari e j\u00e1 deixou a equipe.<\/p>\n\n\n\n<figure class=\"wp-block-image size-large\"><img decoding=\"async\" src=\"https:\/\/www.grandepremio.com\/br\/wp-content\/uploads\/2021\/09\/FAD0RnXVQAAI69s-1024x560.jpg\" alt=\"CAMPE\u00c3O; DENNIS HAUGER; PREMA; F\u00d3RMULA 3;\" class=\"wp-image-512227\"\/><figcaption>Dennis Hauger brilhou na F3 2021 e terminou como campe\u00e3o (Foto: Reprodu\u00e7\u00e3o)<\/figcaption><\/figure>\n","protected":false},"excerpt":{"rendered":"<p>Piloto da Academia Ferrari e irm\u00e3o de Charles Leclerc, Arthur teve sua renova\u00e7\u00e3o anunciada pela Prema nesta ter\u00e7a-feira (11) e vai para sua segunda temporada na F\u00f3rmula 3<\/p>\n","protected":false},"author":0,"featured_media":1000484640,"comment_status":"closed","ping_status":"closed","sticky":false,"template":"","format":"standard","meta":{"42wp_featured_image_caption":"","42wp_featured_image_credits":"","42wp_featured_video":"","42wp_featured_image_hidden":false,"42wp_authors_list":[],"footnotes":""},"categories":[10],"tags":[926,209,1008,29657,207,24945,29653,28105,925,349],"42wp_author":[47142],"class_list":["post-115190","post","type-post","status-publish","format-standard","has-post-thumbnail","hentry","category-f3","tag-arthur-leclerc","tag-charles-leclerc","tag-f3","tag-f3-2022","tag-ferrari","tag-formula-3-2","tag-formula-3-2022","tag-freca","tag-gianluca-petecof","tag-prema","42wp_author-jp-nascimento"],"_links":{"self":[{"href":"https:\/\/grandepremio.com\/br\/wp-json\/wp\/v2\/posts\/115190","targetHints":{"allow":["GET"]}}],"collection":[{"href":"https:\/\/grandepremio.com\/br\/wp-json\/wp\/v2\/posts"}],"about":[{"href":"https:\/\/grandepremio.com\/br\/wp-json\/wp\/v2\/types\/post"}],"replies":[{"embeddable":true,"href":"https:\/\/grandepremio.com\/br\/wp-json\/wp\/v2\/comments?post=115190"}],"version-history":[{"count":0,"href":"https:\/\/grandepremio.com\/br\/wp-json\/wp\/v2\/posts\/115190\/revisions"}],"wp:featuredmedia":[{"embeddable":true,"href":"https:\/\/grandepremio.com\/br\/wp-json\/wp\/v2\/media\/1000484640"}],"wp:attachment":[{"href":"https:\/\/grandepremio.com\/br\/wp-json\/wp\/v2\/media?parent=115190"}],"wp:term":[{"taxonomy":"category","embeddable":true,"href":"https:\/\/grandepremio.com\/br\/wp-json\/wp\/v2\/categories?post=115190"},{"taxonomy":"post_tag","embeddable":true,"href":"https:\/\/grandepremio.com\/br\/wp-json\/wp\/v2\/tags?post=115190"},{"taxonomy":"42wp_author","embeddable":true,"href":"https:\/\/grandepremio.com\/br\/wp-json\/wp\/v2\/42wp_author?post=115190"}],"curies":[{"name":"wp","href":"https:\/\/api.w.org\/{rel}","templated":true}]}}